{"id":11056,"date":"2022-11-04T14:09:18","date_gmt":"2022-11-04T12:09:18","guid":{"rendered":"https:\/\/www.archfondas.lt\/_fizines-erdves-virtualumas_sleepover_001\/"},"modified":"2023-03-31T16:57:07","modified_gmt":"2023-03-31T13:57:07","slug":"fizines-erdves-virtualumas-sleepover-001-2","status":"publish","type":"post","link":"https:\/\/archfondas.lt\/en\/fizines-erdves-virtualumas-sleepover-001-2\/","title":{"rendered":"_virtuality of physical space_sleepover_001"},"content":{"rendered":"\n<p><em>_virtuality of physical space_sleepover_001<\/em><\/p>\n\n\n\n<p>in the pursuit of a collective dream, physical space is treated as one of the planes\/variables that can affect falling asleep, the quality of sleep, the dream, the possibility and quality of achieving a collective projection. investigating it separately from other variables (fig. 1) aims to analyze how a group of dreamers unites for the process of creating space, how space is claimed and transformed, what qualities of space are perceived as favorable to sleep, and especially to collective sleep, and which are worth (or necessary) of changing with the help of available means.<\/p>\n\n\n\n<figure class=\"wp-block-image size-full\"><img loading=\"lazy\" decoding=\"async\" width=\"1056\" height=\"1589\" src=\"https:\/\/www.archfondas.lt\/wp-content\/uploads\/2022\/11\/pav_1.png\" alt=\"Pav. 1\" class=\"wp-image-11063\" srcset=\"https:\/\/archfondas.lt\/wp-content\/uploads\/2022\/11\/pav_1.png 1056w, https:\/\/archfondas.lt\/wp-content\/uploads\/2022\/11\/pav_1-199x300.png 199w, https:\/\/archfondas.lt\/wp-content\/uploads\/2022\/11\/pav_1-681x1024.png 681w, https:\/\/archfondas.lt\/wp-content\/uploads\/2022\/11\/pav_1-768x1156.png 768w, https:\/\/archfondas.lt\/wp-content\/uploads\/2022\/11\/pav_1-1021x1536.png 1021w\" sizes=\"auto, (max-width: 1056px) 100vw, 1056px\" \/><\/figure>\n\n\n\n<p>on September 3d, a team of 7 dreamers gathered in the performance hall (lithuanian: <em>Akt\u0173 sal\u0117<\/em>) of the SODAS 2123 complex, who, using the tools found in the building&#8217;s territory, textile and furniture, created a common sleeping &#8220;nest&#8221;, deciding its spatial and atmospheric qualities on their own.&nbsp;<\/p>\n\n\n\n<p><em>evening[PROCESS]<\/em><\/p>\n\n\n\n<p><em>_the dreamers started domesticating the place by tidying it up: cleaning the floor, laying out materials.<\/em><\/p>\n\n\n\n<p><em>_fabrics, threads, folding chairs found in the building area, bits of plastic pipes, stones, bricks, dismantled armchairs from the Lithuanian National Drama Theater were used to create the &#8220;nest&#8221;.<\/em><\/p>\n\n\n\n<p><em>_first attempts envisaged placing the dreamers in a cross-shaped constellation; heads pointing to the center of the formation. for privacy, a tent-like barrier of fabric and folding chairs found in the performance hall was erected around each of the dreamers (photo 1).<\/em><\/p>\n\n\n\n<figure class=\"wp-block-image size-full\"><img loading=\"lazy\" decoding=\"async\" width=\"1920\" height=\"2560\" src=\"https:\/\/www.archfondas.lt\/wp-content\/uploads\/2022\/11\/nuot_1-scaled.jpg\" alt=\"Nuotr. 1\" class=\"wp-image-11042\" srcset=\"https:\/\/archfondas.lt\/wp-content\/uploads\/2022\/11\/nuot_1-scaled.jpg 1920w, https:\/\/archfondas.lt\/wp-content\/uploads\/2022\/11\/nuot_1-225x300.jpg 225w, https:\/\/archfondas.lt\/wp-content\/uploads\/2022\/11\/nuot_1-795x1060.jpg 795w, https:\/\/archfondas.lt\/wp-content\/uploads\/2022\/11\/nuot_1-768x1024.jpg 768w, https:\/\/archfondas.lt\/wp-content\/uploads\/2022\/11\/nuot_1-1152x1536.jpg 1152w, https:\/\/archfondas.lt\/wp-content\/uploads\/2022\/11\/nuot_1-1536x2048.jpg 1536w\" sizes=\"auto, (max-width: 1920px) 100vw, 1920px\" \/><\/figure>\n\n\n\n<p><em>_the number of dreamers has increased; when the rest of the participants joined, there was a need to expand the &#8220;nest&#8221;.<\/em><\/p>\n\n\n\n<p><em>_it was decided to use the seat and backrests of the armchairs as the main layer, instead of mattresses, in order to ensure a comfortable and warm sleeping experience.&nbsp;<\/em><\/p>\n\n\n\n<p><em>_without agreement, each of the dreamers began to build a separate part of the &#8220;nest&#8221;. later, during the discussion, it was noticed that the form of &#8220;fortresses&#8221; built in childhood games was intuitively chosen: vertical objects and fabrics stretched on\/between them, ensuring intimacy, privacy, a sense of primal home security in the unfamiliar and alien space of a semi-abandoned building (photo 2, 3).<\/em><\/p>\n\n\n\n<figure class=\"wp-block-gallery has-nested-images columns-default is-cropped wp-block-gallery-1 is-layout-flex wp-block-gallery-is-layout-flex\">\n<figure class=\"wp-block-image size-large\"><img loading=\"lazy\" decoding=\"async\" width=\"769\" height=\"1024\" data-id=\"11046\" src=\"https:\/\/www.archfondas.lt\/wp-content\/uploads\/2022\/11\/nuot_2-769x1024.jpg\" alt=\"\" class=\"wp-image-11046\" srcset=\"https:\/\/archfondas.lt\/wp-content\/uploads\/2022\/11\/nuot_2-769x1024.jpg 769w, https:\/\/archfondas.lt\/wp-content\/uploads\/2022\/11\/nuot_2-225x300.jpg 225w, https:\/\/archfondas.lt\/wp-content\/uploads\/2022\/11\/nuot_2-796x1060.jpg 796w, https:\/\/archfondas.lt\/wp-content\/uploads\/2022\/11\/nuot_2-768x1023.jpg 768w, https:\/\/archfondas.lt\/wp-content\/uploads\/2022\/11\/nuot_2-1153x1536.jpg 1153w, https:\/\/archfondas.lt\/wp-content\/uploads\/2022\/11\/nuot_2-1538x2048.jpg 1538w, https:\/\/archfondas.lt\/wp-content\/uploads\/2022\/11\/nuot_2-scaled.jpg 1922w\" sizes=\"auto, (max-width: 769px) 100vw, 769px\" \/><\/figure>\n\n\n\n<figure class=\"wp-block-image size-large\"><img loading=\"lazy\" decoding=\"async\" width=\"660\" height=\"1024\" data-id=\"11044\" src=\"https:\/\/www.archfondas.lt\/wp-content\/uploads\/2022\/11\/nuot_3-660x1024.jpg\" alt=\"\" class=\"wp-image-11044\" srcset=\"https:\/\/archfondas.lt\/wp-content\/uploads\/2022\/11\/nuot_3-660x1024.jpg 660w, https:\/\/archfondas.lt\/wp-content\/uploads\/2022\/11\/nuot_3-193x300.jpg 193w, https:\/\/archfondas.lt\/wp-content\/uploads\/2022\/11\/nuot_3-683x1060.jpg 683w, https:\/\/archfondas.lt\/wp-content\/uploads\/2022\/11\/nuot_3-768x1192.jpg 768w, https:\/\/archfondas.lt\/wp-content\/uploads\/2022\/11\/nuot_3-990x1536.jpg 990w, https:\/\/archfondas.lt\/wp-content\/uploads\/2022\/11\/nuot_3-1320x2048.jpg 1320w, https:\/\/archfondas.lt\/wp-content\/uploads\/2022\/11\/nuot_3-scaled.jpg 1650w\" sizes=\"auto, (max-width: 660px) 100vw, 660px\" \/><\/figure>\n<\/figure>\n\n\n\n<p><em>_when the constellation of fortresses and nests was completed, a workshop on care and bonding was held by Laura Fern\u00e1ndez Antol\u00edn, featuring their hand-made \u201etheyfriend\u201c pillows. Laura composed an unique essential oil mixture which was diffused in the sleepover space during the whole night and guided dreamers to sleep by a series of meditation-like practices, readings and a drawing session (photo 4).&nbsp;<\/em><\/p>\n\n\n\n<figure class=\"wp-block-image size-full\"><img loading=\"lazy\" decoding=\"async\" width=\"1920\" height=\"2560\" src=\"https:\/\/www.archfondas.lt\/wp-content\/uploads\/2022\/11\/nuot_4-scaled.jpg\" alt=\"\" class=\"wp-image-11048\" srcset=\"https:\/\/archfondas.lt\/wp-content\/uploads\/2022\/11\/nuot_4-scaled.jpg 1920w, https:\/\/archfondas.lt\/wp-content\/uploads\/2022\/11\/nuot_4-225x300.jpg 225w, https:\/\/archfondas.lt\/wp-content\/uploads\/2022\/11\/nuot_4-795x1060.jpg 795w, https:\/\/archfondas.lt\/wp-content\/uploads\/2022\/11\/nuot_4-768x1024.jpg 768w, https:\/\/archfondas.lt\/wp-content\/uploads\/2022\/11\/nuot_4-1152x1536.jpg 1152w, https:\/\/archfondas.lt\/wp-content\/uploads\/2022\/11\/nuot_4-1536x2048.jpg 1536w\" sizes=\"auto, (max-width: 1920px) 100vw, 1920px\" \/><\/figure>\n\n\n\n<p><em>_dreamers fell asleep to the smell of essential oils and sound of moon-themed readings.&nbsp;<\/em><\/p>\n\n\n\n<p><em>morning[PROCESS]<\/em><\/p>\n\n\n\n<p><em>_dreamers wake up. no alarms are used.<\/em><\/p>\n\n\n\n<p><em>_dreamers clean up the space, nests and fortresses are disassembled.<\/em><\/p>\n\n\n\n<p><em>_breakfast is consumed.<\/em><\/p>\n\n\n\n<p><em>_dreamers gather outside, the dreams told in the morning sun are transferred to one of the fabrics previously used in the nest (photo 5) (fig. 2).<\/em><\/p>\n\n\n\n<figure class=\"wp-block-gallery has-nested-images columns-default is-cropped wp-block-gallery-2 is-layout-flex wp-block-gallery-is-layout-flex\">\n<figure class=\"wp-block-image size-large\"><img loading=\"lazy\" decoding=\"async\" width=\"1080\" height=\"1443\" data-id=\"11052\" src=\"https:\/\/www.archfondas.lt\/wp-content\/uploads\/2022\/11\/nuot_5-1.jpg\" alt=\"\" class=\"wp-image-11052\" srcset=\"https:\/\/archfondas.lt\/wp-content\/uploads\/2022\/11\/nuot_5-1.jpg 1080w, https:\/\/archfondas.lt\/wp-content\/uploads\/2022\/11\/nuot_5-1-225x300.jpg 225w, https:\/\/archfondas.lt\/wp-content\/uploads\/2022\/11\/nuot_5-1-793x1060.jpg 793w, https:\/\/archfondas.lt\/wp-content\/uploads\/2022\/11\/nuot_5-1-768x1026.jpg 768w, https:\/\/archfondas.lt\/wp-content\/uploads\/2022\/11\/nuot_5-1-766x1024.jpg 766w\" sizes=\"auto, (max-width: 1080px) 100vw, 1080px\" \/><\/figure>\n\n\n\n<figure class=\"wp-block-image size-large\"><img loading=\"lazy\" decoding=\"async\" width=\"1618\" height=\"1820\" data-id=\"11050\" src=\"https:\/\/www.archfondas.lt\/wp-content\/uploads\/2022\/11\/pav_2.png\" alt=\"\" class=\"wp-image-11050\" srcset=\"https:\/\/archfondas.lt\/wp-content\/uploads\/2022\/11\/pav_2.png 1618w, https:\/\/archfondas.lt\/wp-content\/uploads\/2022\/11\/pav_2-267x300.png 267w, https:\/\/archfondas.lt\/wp-content\/uploads\/2022\/11\/pav_2-942x1060.png 942w, https:\/\/archfondas.lt\/wp-content\/uploads\/2022\/11\/pav_2-768x864.png 768w, https:\/\/archfondas.lt\/wp-content\/uploads\/2022\/11\/pav_2-1366x1536.png 1366w, https:\/\/archfondas.lt\/wp-content\/uploads\/2022\/11\/pav_2-910x1024.png 910w\" sizes=\"auto, (max-width: 1618px) 100vw, 1618px\" \/><\/figure>\n<\/figure>\n\n\n\n<p>observations:<\/p>\n\n\n\n<p>1_all participants remembered their dreams and could tell them;<\/p>\n\n\n\n<p>2_the concepts of security and collectivity were repeated in the dreams;<\/p>\n\n\n\n<p>3_dreamers mentioned that they possibly dreamed of a sleepover space in one of the dream episodes; in two dreams this space became the main location of the dream action.<\/p>\n\n\n\n<p><em>_transcription of dreams:<\/em><\/p>\n\n\n\n<p>[awakening]<\/p>\n\n\n\n<p>+at night I kept waking up and falling asleep. I dreamed that I woke up alone, everyone had left &#8211; I was worried and afraid that I was left here, in the space of our shared dream, disconnected from the experiment.<\/p>\n\n\n\n<p>[shark]<\/p>\n\n\n\n<p>+ atrium illuminated by the morning sun, fog, modern space, colonnade. I&#8217;m here, inside. in front of me I see the body of a dead shark, cut and gutted. it is the work of my hands.<\/p>\n\n\n\n<p>[octopus]<\/p>\n\n\n\n<p>+I&#8217;m lying on&#8230; him. he moves. his body is gray, warm, somewhat rough. as if made of felt-like fabric. I gently run my fingers through numerous soft, silky scales, wings and other textile-organic elements that have bounced off the skin. I press my back against his warm, gently undulating body. this alien half alive, half dead mass amalgamated me and the other dreamers into a common organism. we sacrificed our minds to him, let him into the intimate corridors of the folds of our cerebral cortexes. out of the corner of my eye I see them clinging to the tentacles of the octopus, undulating with them, eyes half open, wandering between physicality and dream.<\/p>\n\n\n\n<p>[safe\/unsafe]<\/p>\n\n\n\n<p>+ a summer day, the sun is high up. I found myslef in my grandmother&#8217;s village, in her house, hiding \u2013 I am being chased by the soldiers. I see through the windows how they, dressed in green uniforms, walk through the territory, but never go into the buildings, barns, sheds. I was in my grandmother&#8217;s room, hiding behind a free-standing closet; a closet that used to be the most fun playground for running around when I was a kid. I\u2018ve got a gut feeling that everything inside (room_home) is safe, and everything outside is hazardous. anxiety turned into a state of calmness, although not so far away, in the immediate environment there was a source of danger, lurking and awaiting.<\/p>\n\n\n\n<p>[collective]<\/p>\n\n\n\n<p>I dreamed that I was with relatives and friends, forming a commune. we cooked together and then ate together. the space kept changing, intertwining, fluidly flowing from one space into another.<\/p>\n\n\n\n<p>[residency]<\/p>\n\n\n\n<p>+I dreamed that I live in a luxurious apartment that I rent because I have no other choice. since the apartment is big and luxurious, I have to share it with other people. I share it with Rupert&#8217;s alternative education program\u2018s residency. their lectures are held in the living room, and I try to do everything quietly, without causing any noise in the kitchen, avoiding to disturb anyone.<\/p>\n\n\n\n<p>[logout]<\/p>\n\n\n\n<p>+around 5 in the morning one of the participants had to leave the experiment. his dream is undocumented.<\/p>\n\n\n\n<p>note: dream testimonies are the author&#8217;s loose interpretation of dreamers\u2018 retold night visions.<\/p>\n","protected":false},"excerpt":{"rendered":"<p>_virtuality of physical space_sleepover_001 in the pursuit of a collective dream, physical space is treated as one of the planes\/variables that can affect falling asleep, the quality of sleep, the dream, the possibility and quality of achieving a collective projection. investigating it separately from other variables (fig. 1) aims to analyze how a group of [&hellip;]<\/p>\n","protected":false},"author":2,"featured_media":11041,"comment_status":"open","ping_status":"open","sticky":false,"template":"","format":"standard","meta":{"_acf_changed":false,"footnotes":""},"categories":[56],"tags":[],"class_list":["post-11056","post","type-post","status-publish","format-standard","has-post-thumbnail","hentry","category-content-en"],"acf":[],"yoast_head":"<!-- This site is optimized with the Yoast SEO plugin v24.1 - https:\/\/yoast.com\/wordpress\/plugins\/seo\/ -->\n<title>_virtuality of physical space_sleepover_001 &#8211; Architekt\u016bros fondas<\/title>\n<meta name=\"robots\" content=\"index, follow, max-snippet:-1, max-image-preview:large, max-video-preview:-1\" \/>\n<link rel=\"canonical\" href=\"https:\/\/archfondas.lt\/en\/fizines-erdves-virtualumas-sleepover-001-2\/\" \/>\n<meta property=\"og:locale\" content=\"en_US\" \/>\n<meta property=\"og:type\" content=\"article\" \/>\n<meta property=\"og:title\" content=\"_virtuality of physical space_sleepover_001 &#8211; Architekt\u016bros fondas\" \/>\n<meta property=\"og:description\" content=\"_virtuality of physical space_sleepover_001 in the pursuit of a collective dream, physical space is treated as one of the planes\/variables that can affect falling asleep, the quality of sleep, the dream, the possibility and quality of achieving a collective projection. investigating it separately from other variables (fig. 1) aims to analyze how a group of [&hellip;]\" \/>\n<meta property=\"og:url\" content=\"https:\/\/archfondas.lt\/en\/fizines-erdves-virtualumas-sleepover-001-2\/\" \/>\n<meta property=\"og:site_name\" content=\"Architekt\u016bros fondas\" \/>\n<meta property=\"article:publisher\" content=\"https:\/\/www.facebook.com\/archfondas\" \/>\n<meta property=\"article:published_time\" content=\"2022-11-04T12:09:18+00:00\" \/>\n<meta property=\"article:modified_time\" content=\"2023-03-31T13:57:07+00:00\" \/>\n<meta property=\"og:image\" content=\"https:\/\/archfondas.lt\/wp-content\/uploads\/2022\/11\/nuot_5.jpg\" \/>\n\t<meta property=\"og:image:width\" content=\"1080\" \/>\n\t<meta property=\"og:image:height\" content=\"1443\" \/>\n\t<meta property=\"og:image:type\" content=\"image\/jpeg\" \/>\n<meta name=\"author\" content=\"vilius\" \/>\n<meta name=\"twitter:card\" content=\"summary_large_image\" \/>\n<meta name=\"twitter:creator\" content=\"@archfondas\" \/>\n<meta name=\"twitter:site\" content=\"@archfondas\" \/>\n<meta name=\"twitter:label1\" content=\"Written by\" \/>\n\t<meta name=\"twitter:data1\" content=\"vilius\" \/>\n\t<meta name=\"twitter:label2\" content=\"Est. reading time\" \/>\n\t<meta name=\"twitter:data2\" content=\"5 minutes\" \/>\n<script type=\"application\/ld+json\" class=\"yoast-schema-graph\">{\"@context\":\"https:\/\/schema.org\",\"@graph\":[{\"@type\":\"Article\",\"@id\":\"https:\/\/archfondas.lt\/en\/fizines-erdves-virtualumas-sleepover-001-2\/#article\",\"isPartOf\":{\"@id\":\"https:\/\/archfondas.lt\/en\/fizines-erdves-virtualumas-sleepover-001-2\/\"},\"author\":{\"name\":\"vilius\",\"@id\":\"https:\/\/archfondas.lt\/#\/schema\/person\/12c9a1d214305001c1474d1cddec95cb\"},\"headline\":\"_virtuality of physical space_sleepover_001\",\"datePublished\":\"2022-11-04T12:09:18+00:00\",\"dateModified\":\"2023-03-31T13:57:07+00:00\",\"mainEntityOfPage\":{\"@id\":\"https:\/\/archfondas.lt\/en\/fizines-erdves-virtualumas-sleepover-001-2\/\"},\"wordCount\":985,\"commentCount\":0,\"publisher\":{\"@id\":\"https:\/\/archfondas.lt\/#organization\"},\"image\":{\"@id\":\"https:\/\/archfondas.lt\/en\/fizines-erdves-virtualumas-sleepover-001-2\/#primaryimage\"},\"thumbnailUrl\":\"https:\/\/archfondas.lt\/wp-content\/uploads\/2022\/11\/nuot_5.jpg\",\"articleSection\":[\"Turinys\"],\"inLanguage\":\"en-US\",\"potentialAction\":[{\"@type\":\"CommentAction\",\"name\":\"Comment\",\"target\":[\"https:\/\/archfondas.lt\/en\/fizines-erdves-virtualumas-sleepover-001-2\/#respond\"]}]},{\"@type\":\"WebPage\",\"@id\":\"https:\/\/archfondas.lt\/en\/fizines-erdves-virtualumas-sleepover-001-2\/\",\"url\":\"https:\/\/archfondas.lt\/en\/fizines-erdves-virtualumas-sleepover-001-2\/\",\"name\":\"_virtuality of physical space_sleepover_001 &#8211; Architekt\u016bros fondas\",\"isPartOf\":{\"@id\":\"https:\/\/archfondas.lt\/#website\"},\"primaryImageOfPage\":{\"@id\":\"https:\/\/archfondas.lt\/en\/fizines-erdves-virtualumas-sleepover-001-2\/#primaryimage\"},\"image\":{\"@id\":\"https:\/\/archfondas.lt\/en\/fizines-erdves-virtualumas-sleepover-001-2\/#primaryimage\"},\"thumbnailUrl\":\"https:\/\/archfondas.lt\/wp-content\/uploads\/2022\/11\/nuot_5.jpg\",\"datePublished\":\"2022-11-04T12:09:18+00:00\",\"dateModified\":\"2023-03-31T13:57:07+00:00\",\"breadcrumb\":{\"@id\":\"https:\/\/archfondas.lt\/en\/fizines-erdves-virtualumas-sleepover-001-2\/#breadcrumb\"},\"inLanguage\":\"en-US\",\"potentialAction\":[{\"@type\":\"ReadAction\",\"target\":[\"https:\/\/archfondas.lt\/en\/fizines-erdves-virtualumas-sleepover-001-2\/\"]}]},{\"@type\":\"ImageObject\",\"inLanguage\":\"en-US\",\"@id\":\"https:\/\/archfondas.lt\/en\/fizines-erdves-virtualumas-sleepover-001-2\/#primaryimage\",\"url\":\"https:\/\/archfondas.lt\/wp-content\/uploads\/2022\/11\/nuot_5.jpg\",\"contentUrl\":\"https:\/\/archfondas.lt\/wp-content\/uploads\/2022\/11\/nuot_5.jpg\",\"width\":1080,\"height\":1443,\"caption\":\"Nuotr. 5\"},{\"@type\":\"BreadcrumbList\",\"@id\":\"https:\/\/archfondas.lt\/en\/fizines-erdves-virtualumas-sleepover-001-2\/#breadcrumb\",\"itemListElement\":[{\"@type\":\"ListItem\",\"position\":1,\"name\":\"Home\",\"item\":\"https:\/\/archfondas.lt\/en\/\"},{\"@type\":\"ListItem\",\"position\":2,\"name\":\"_virtuality of physical space_sleepover_001\"}]},{\"@type\":\"WebSite\",\"@id\":\"https:\/\/archfondas.lt\/#website\",\"url\":\"https:\/\/archfondas.lt\/\",\"name\":\"Architekt\u016bros fondas\",\"description\":\"Mes esame nevyriausybin\u0117, pelno nesiekianti organizacija kurianti bei puosel\u0117janti architekt\u016bros kult\u016br\u0105.\",\"publisher\":{\"@id\":\"https:\/\/archfondas.lt\/#organization\"},\"potentialAction\":[{\"@type\":\"SearchAction\",\"target\":{\"@type\":\"EntryPoint\",\"urlTemplate\":\"https:\/\/archfondas.lt\/?s={search_term_string}\"},\"query-input\":{\"@type\":\"PropertyValueSpecification\",\"valueRequired\":true,\"valueName\":\"search_term_string\"}}],\"inLanguage\":\"en-US\"},{\"@type\":\"Organization\",\"@id\":\"https:\/\/archfondas.lt\/#organization\",\"name\":\"Architekt\u016bros fondas\",\"url\":\"https:\/\/archfondas.lt\/\",\"logo\":{\"@type\":\"ImageObject\",\"inLanguage\":\"en-US\",\"@id\":\"https:\/\/archfondas.lt\/#\/schema\/logo\/image\/\",\"url\":\"https:\/\/archfondas.lt\/wp-content\/uploads\/2023\/04\/archfondas-logo.svg\",\"contentUrl\":\"https:\/\/archfondas.lt\/wp-content\/uploads\/2023\/04\/archfondas-logo.svg\",\"width\":483,\"height\":124,\"caption\":\"Architekt\u016bros fondas\"},\"image\":{\"@id\":\"https:\/\/archfondas.lt\/#\/schema\/logo\/image\/\"},\"sameAs\":[\"https:\/\/www.facebook.com\/archfondas\",\"https:\/\/x.com\/archfondas\"]},{\"@type\":\"Person\",\"@id\":\"https:\/\/archfondas.lt\/#\/schema\/person\/12c9a1d214305001c1474d1cddec95cb\",\"name\":\"vilius\",\"image\":{\"@type\":\"ImageObject\",\"inLanguage\":\"en-US\",\"@id\":\"https:\/\/archfondas.lt\/#\/schema\/person\/image\/\",\"url\":\"https:\/\/secure.gravatar.com\/avatar\/29fe3433859d6bb7356cd673e2da7c8b?s=96&d=mm&r=g\",\"contentUrl\":\"https:\/\/secure.gravatar.com\/avatar\/29fe3433859d6bb7356cd673e2da7c8b?s=96&d=mm&r=g\",\"caption\":\"vilius\"},\"url\":\"https:\/\/archfondas.lt\/en\/author\/vilius\/\"}]}<\/script>\n<!-- \/ Yoast SEO plugin. -->","yoast_head_json":{"title":"_virtuality of physical space_sleepover_001 &#8211; Architekt\u016bros fondas","robots":{"index":"index","follow":"follow","max-snippet":"max-snippet:-1","max-image-preview":"max-image-preview:large","max-video-preview":"max-video-preview:-1"},"canonical":"https:\/\/archfondas.lt\/en\/fizines-erdves-virtualumas-sleepover-001-2\/","og_locale":"en_US","og_type":"article","og_title":"_virtuality of physical space_sleepover_001 &#8211; Architekt\u016bros fondas","og_description":"_virtuality of physical space_sleepover_001 in the pursuit of a collective dream, physical space is treated as one of the planes\/variables that can affect falling asleep, the quality of sleep, the dream, the possibility and quality of achieving a collective projection. investigating it separately from other variables (fig. 1) aims to analyze how a group of [&hellip;]","og_url":"https:\/\/archfondas.lt\/en\/fizines-erdves-virtualumas-sleepover-001-2\/","og_site_name":"Architekt\u016bros fondas","article_publisher":"https:\/\/www.facebook.com\/archfondas","article_published_time":"2022-11-04T12:09:18+00:00","article_modified_time":"2023-03-31T13:57:07+00:00","og_image":[{"width":1080,"height":1443,"url":"https:\/\/archfondas.lt\/wp-content\/uploads\/2022\/11\/nuot_5.jpg","type":"image\/jpeg"}],"author":"vilius","twitter_card":"summary_large_image","twitter_creator":"@archfondas","twitter_site":"@archfondas","twitter_misc":{"Written by":"vilius","Est. reading time":"5 minutes"},"schema":{"@context":"https:\/\/schema.org","@graph":[{"@type":"Article","@id":"https:\/\/archfondas.lt\/en\/fizines-erdves-virtualumas-sleepover-001-2\/#article","isPartOf":{"@id":"https:\/\/archfondas.lt\/en\/fizines-erdves-virtualumas-sleepover-001-2\/"},"author":{"name":"vilius","@id":"https:\/\/archfondas.lt\/#\/schema\/person\/12c9a1d214305001c1474d1cddec95cb"},"headline":"_virtuality of physical space_sleepover_001","datePublished":"2022-11-04T12:09:18+00:00","dateModified":"2023-03-31T13:57:07+00:00","mainEntityOfPage":{"@id":"https:\/\/archfondas.lt\/en\/fizines-erdves-virtualumas-sleepover-001-2\/"},"wordCount":985,"commentCount":0,"publisher":{"@id":"https:\/\/archfondas.lt\/#organization"},"image":{"@id":"https:\/\/archfondas.lt\/en\/fizines-erdves-virtualumas-sleepover-001-2\/#primaryimage"},"thumbnailUrl":"https:\/\/archfondas.lt\/wp-content\/uploads\/2022\/11\/nuot_5.jpg","articleSection":["Turinys"],"inLanguage":"en-US","potentialAction":[{"@type":"CommentAction","name":"Comment","target":["https:\/\/archfondas.lt\/en\/fizines-erdves-virtualumas-sleepover-001-2\/#respond"]}]},{"@type":"WebPage","@id":"https:\/\/archfondas.lt\/en\/fizines-erdves-virtualumas-sleepover-001-2\/","url":"https:\/\/archfondas.lt\/en\/fizines-erdves-virtualumas-sleepover-001-2\/","name":"_virtuality of physical space_sleepover_001 &#8211; Architekt\u016bros fondas","isPartOf":{"@id":"https:\/\/archfondas.lt\/#website"},"primaryImageOfPage":{"@id":"https:\/\/archfondas.lt\/en\/fizines-erdves-virtualumas-sleepover-001-2\/#primaryimage"},"image":{"@id":"https:\/\/archfondas.lt\/en\/fizines-erdves-virtualumas-sleepover-001-2\/#primaryimage"},"thumbnailUrl":"https:\/\/archfondas.lt\/wp-content\/uploads\/2022\/11\/nuot_5.jpg","datePublished":"2022-11-04T12:09:18+00:00","dateModified":"2023-03-31T13:57:07+00:00","breadcrumb":{"@id":"https:\/\/archfondas.lt\/en\/fizines-erdves-virtualumas-sleepover-001-2\/#breadcrumb"},"inLanguage":"en-US","potentialAction":[{"@type":"ReadAction","target":["https:\/\/archfondas.lt\/en\/fizines-erdves-virtualumas-sleepover-001-2\/"]}]},{"@type":"ImageObject","inLanguage":"en-US","@id":"https:\/\/archfondas.lt\/en\/fizines-erdves-virtualumas-sleepover-001-2\/#primaryimage","url":"https:\/\/archfondas.lt\/wp-content\/uploads\/2022\/11\/nuot_5.jpg","contentUrl":"https:\/\/archfondas.lt\/wp-content\/uploads\/2022\/11\/nuot_5.jpg","width":1080,"height":1443,"caption":"Nuotr. 5"},{"@type":"BreadcrumbList","@id":"https:\/\/archfondas.lt\/en\/fizines-erdves-virtualumas-sleepover-001-2\/#breadcrumb","itemListElement":[{"@type":"ListItem","position":1,"name":"Home","item":"https:\/\/archfondas.lt\/en\/"},{"@type":"ListItem","position":2,"name":"_virtuality of physical space_sleepover_001"}]},{"@type":"WebSite","@id":"https:\/\/archfondas.lt\/#website","url":"https:\/\/archfondas.lt\/","name":"Architekt\u016bros fondas","description":"Mes esame nevyriausybin\u0117, pelno nesiekianti organizacija kurianti bei puosel\u0117janti architekt\u016bros kult\u016br\u0105.","publisher":{"@id":"https:\/\/archfondas.lt\/#organization"},"potentialAction":[{"@type":"SearchAction","target":{"@type":"EntryPoint","urlTemplate":"https:\/\/archfondas.lt\/?s={search_term_string}"},"query-input":{"@type":"PropertyValueSpecification","valueRequired":true,"valueName":"search_term_string"}}],"inLanguage":"en-US"},{"@type":"Organization","@id":"https:\/\/archfondas.lt\/#organization","name":"Architekt\u016bros fondas","url":"https:\/\/archfondas.lt\/","logo":{"@type":"ImageObject","inLanguage":"en-US","@id":"https:\/\/archfondas.lt\/#\/schema\/logo\/image\/","url":"https:\/\/archfondas.lt\/wp-content\/uploads\/2023\/04\/archfondas-logo.svg","contentUrl":"https:\/\/archfondas.lt\/wp-content\/uploads\/2023\/04\/archfondas-logo.svg","width":483,"height":124,"caption":"Architekt\u016bros fondas"},"image":{"@id":"https:\/\/archfondas.lt\/#\/schema\/logo\/image\/"},"sameAs":["https:\/\/www.facebook.com\/archfondas","https:\/\/x.com\/archfondas"]},{"@type":"Person","@id":"https:\/\/archfondas.lt\/#\/schema\/person\/12c9a1d214305001c1474d1cddec95cb","name":"vilius","image":{"@type":"ImageObject","inLanguage":"en-US","@id":"https:\/\/archfondas.lt\/#\/schema\/person\/image\/","url":"https:\/\/secure.gravatar.com\/avatar\/29fe3433859d6bb7356cd673e2da7c8b?s=96&d=mm&r=g","contentUrl":"https:\/\/secure.gravatar.com\/avatar\/29fe3433859d6bb7356cd673e2da7c8b?s=96&d=mm&r=g","caption":"vilius"},"url":"https:\/\/archfondas.lt\/en\/author\/vilius\/"}]}},"_links":{"self":[{"href":"https:\/\/archfondas.lt\/en\/wp-json\/wp\/v2\/posts\/11056","targetHints":{"allow":["GET"]}}],"collection":[{"href":"https:\/\/archfondas.lt\/en\/wp-json\/wp\/v2\/posts"}],"about":[{"href":"https:\/\/archfondas.lt\/en\/wp-json\/wp\/v2\/types\/post"}],"author":[{"embeddable":true,"href":"https:\/\/archfondas.lt\/en\/wp-json\/wp\/v2\/users\/2"}],"replies":[{"embeddable":true,"href":"https:\/\/archfondas.lt\/en\/wp-json\/wp\/v2\/comments?post=11056"}],"version-history":[{"count":5,"href":"https:\/\/archfondas.lt\/en\/wp-json\/wp\/v2\/posts\/11056\/revisions"}],"predecessor-version":[{"id":25490,"href":"https:\/\/archfondas.lt\/en\/wp-json\/wp\/v2\/posts\/11056\/revisions\/25490"}],"wp:featuredmedia":[{"embeddable":true,"href":"https:\/\/archfondas.lt\/en\/wp-json\/wp\/v2\/media\/11041"}],"wp:attachment":[{"href":"https:\/\/archfondas.lt\/en\/wp-json\/wp\/v2\/media?parent=11056"}],"wp:term":[{"taxonomy":"category","embeddable":true,"href":"https:\/\/archfondas.lt\/en\/wp-json\/wp\/v2\/categories?post=11056"},{"taxonomy":"post_tag","embeddable":true,"href":"https:\/\/archfondas.lt\/en\/wp-json\/wp\/v2\/tags?post=11056"}],"curies":[{"name":"wp","href":"https:\/\/api.w.org\/{rel}","templated":true}]}}