{"id":24558,"date":"2023-01-13T10:34:36","date_gmt":"2023-01-13T08:34:36","guid":{"rendered":"https:\/\/www.archfondas.lt\/karolin-kaup-piret-anier-estija-arhitektuurikool\/"},"modified":"2023-01-13T10:36:38","modified_gmt":"2023-01-13T08:36:38","slug":"karolin-kaup-piret-anier-estonia-arhitektuurikool","status":"publish","type":"post","link":"https:\/\/archfondas.lt\/en\/karolin-kaup-piret-anier-estonia-arhitektuurikool\/","title":{"rendered":"Karolin Kaup, Piret Anier (Estonia) \u2013 Arhitektuurikool"},"content":{"rendered":"\n<figure class=\"wp-block-embed is-type-video is-provider-youtube wp-block-embed-youtube wp-embed-aspect-16-9 wp-has-aspect-ratio\"><div class=\"wp-block-embed__wrapper\">\n<iframe loading=\"lazy\" title=\"Arhitektuurikool | Karolin Kaup, Piret Anier (Estonia) | Architekt\u016bros fondo forumas 2022\" width=\"500\" height=\"281\" src=\"https:\/\/www.youtube.com\/embed\/3yr9BeCGiYo?feature=oembed\" frameborder=\"0\" allow=\"accelerometer; autoplay; clipboard-write; encrypted-media; gyroscope; picture-in-picture; web-share\" referrerpolicy=\"strict-origin-when-cross-origin\" allowfullscreen><\/iframe>\n<\/div><\/figure>\n\n\n\n<p>The programme of the third Architekt\u016bros fondas\u2019 Forum started with a presentation by architects Karolin Kaup and Piret Anier from Estonia, who introduced the initiative &#8220;Arhitektuurikool&#8221; (School of Architecture) and talked about how to integrate architecture education into the curriculum of public schools. The third Architekt\u016bros fondas\u2019 Forum took place on 5 November 2022. This year&#8217;s programme explored what is important in creating relevant learning environments and inclusive educational processes and looked at the relationship between education and architecture.<\/p>\n","protected":false},"excerpt":{"rendered":"<p>The programme of the third Architekt\u016bros fondas\u2019 Forum started with a presentation by architects Karolin Kaup and Piret Anier from Estonia, who introduced the initiative &#8220;Arhitektuurikool&#8221; (School of Architecture) and talked about how to integrate architecture education into the curriculum of public schools. The third Architekt\u016bros fondas\u2019 Forum took place on 5 November 2022. This [&hellip;]<\/p>\n","protected":false},"author":2,"featured_media":24555,"comment_status":"open","ping_status":"open","sticky":false,"template":"","format":"standard","meta":{"_acf_changed":false,"footnotes":""},"categories":[56],"tags":[],"class_list":["post-24558","post","type-post","status-publish","format-standard","has-post-thumbnail","hentry","category-content-en"],"acf":[],"yoast_head":"<!-- This site is optimized with the Yoast SEO plugin v24.1 - https:\/\/yoast.com\/wordpress\/plugins\/seo\/ -->\n<title>Karolin Kaup, Piret Anier (Estonia) \u2013 Arhitektuurikool &#8211; Architekt\u016bros fondas<\/title>\n<meta name=\"robots\" content=\"index, follow, max-snippet:-1, max-image-preview:large, max-video-preview:-1\" \/>\n<link rel=\"canonical\" href=\"https:\/\/archfondas.lt\/en\/karolin-kaup-piret-anier-estonia-arhitektuurikool\/\" \/>\n<meta property=\"og:locale\" content=\"en_US\" \/>\n<meta property=\"og:type\" content=\"article\" \/>\n<meta property=\"og:title\" content=\"Karolin Kaup, Piret Anier (Estonia) \u2013 Arhitektuurikool &#8211; Architekt\u016bros fondas\" \/>\n<meta property=\"og:description\" content=\"The programme of the third Architekt\u016bros fondas\u2019 Forum started with a presentation by architects Karolin Kaup and Piret Anier from Estonia, who introduced the initiative &#8220;Arhitektuurikool&#8221; (School of Architecture) and talked about how to integrate architecture education into the curriculum of public schools. The third Architekt\u016bros fondas\u2019 Forum took place on 5 November 2022. This [&hellip;]\" \/>\n<meta property=\"og:url\" content=\"https:\/\/archfondas.lt\/en\/karolin-kaup-piret-anier-estonia-arhitektuurikool\/\" \/>\n<meta property=\"og:site_name\" content=\"Architekt\u016bros fondas\" \/>\n<meta property=\"article:publisher\" content=\"https:\/\/www.facebook.com\/archfondas\" \/>\n<meta property=\"article:published_time\" content=\"2023-01-13T08:34:36+00:00\" \/>\n<meta property=\"article:modified_time\" content=\"2023-01-13T08:36:38+00:00\" \/>\n<meta property=\"og:image\" content=\"https:\/\/archfondas.lt\/wp-content\/uploads\/2023\/01\/Architekturos-fondo-forumas-2022.-Gerdos-Krutajos-nuotr._027.jpg\" \/>\n\t<meta property=\"og:image:width\" content=\"1920\" \/>\n\t<meta property=\"og:image:height\" content=\"1280\" \/>\n\t<meta property=\"og:image:type\" content=\"image\/jpeg\" \/>\n<meta name=\"author\" content=\"vilius\" \/>\n<meta name=\"twitter:card\" content=\"summary_large_image\" \/>\n<meta name=\"twitter:creator\" content=\"@archfondas\" \/>\n<meta name=\"twitter:site\" content=\"@archfondas\" \/>\n<meta name=\"twitter:label1\" content=\"Written by\" \/>\n\t<meta name=\"twitter:data1\" content=\"vilius\" \/>\n<script type=\"application\/ld+json\" class=\"yoast-schema-graph\">{\"@context\":\"https:\/\/schema.org\",\"@graph\":[{\"@type\":\"Article\",\"@id\":\"https:\/\/archfondas.lt\/en\/karolin-kaup-piret-anier-estonia-arhitektuurikool\/#article\",\"isPartOf\":{\"@id\":\"https:\/\/archfondas.lt\/en\/karolin-kaup-piret-anier-estonia-arhitektuurikool\/\"},\"author\":{\"name\":\"vilius\",\"@id\":\"https:\/\/archfondas.lt\/#\/schema\/person\/12c9a1d214305001c1474d1cddec95cb\"},\"headline\":\"Karolin Kaup, Piret Anier (Estonia) \u2013 Arhitektuurikool\",\"datePublished\":\"2023-01-13T08:34:36+00:00\",\"dateModified\":\"2023-01-13T08:36:38+00:00\",\"mainEntityOfPage\":{\"@id\":\"https:\/\/archfondas.lt\/en\/karolin-kaup-piret-anier-estonia-arhitektuurikool\/\"},\"wordCount\":94,\"commentCount\":0,\"publisher\":{\"@id\":\"https:\/\/archfondas.lt\/#organization\"},\"image\":{\"@id\":\"https:\/\/archfondas.lt\/en\/karolin-kaup-piret-anier-estonia-arhitektuurikool\/#primaryimage\"},\"thumbnailUrl\":\"https:\/\/archfondas.lt\/wp-content\/uploads\/2023\/01\/Architekturos-fondo-forumas-2022.-Gerdos-Krutajos-nuotr._027.jpg\",\"articleSection\":[\"Turinys\"],\"inLanguage\":\"en-US\",\"potentialAction\":[{\"@type\":\"CommentAction\",\"name\":\"Comment\",\"target\":[\"https:\/\/archfondas.lt\/en\/karolin-kaup-piret-anier-estonia-arhitektuurikool\/#respond\"]}]},{\"@type\":\"WebPage\",\"@id\":\"https:\/\/archfondas.lt\/en\/karolin-kaup-piret-anier-estonia-arhitektuurikool\/\",\"url\":\"https:\/\/archfondas.lt\/en\/karolin-kaup-piret-anier-estonia-arhitektuurikool\/\",\"name\":\"Karolin Kaup, Piret Anier (Estonia) \u2013 Arhitektuurikool &#8211; Architekt\u016bros fondas\",\"isPartOf\":{\"@id\":\"https:\/\/archfondas.lt\/#website\"},\"primaryImageOfPage\":{\"@id\":\"https:\/\/archfondas.lt\/en\/karolin-kaup-piret-anier-estonia-arhitektuurikool\/#primaryimage\"},\"image\":{\"@id\":\"https:\/\/archfondas.lt\/en\/karolin-kaup-piret-anier-estonia-arhitektuurikool\/#primaryimage\"},\"thumbnailUrl\":\"https:\/\/archfondas.lt\/wp-content\/uploads\/2023\/01\/Architekturos-fondo-forumas-2022.-Gerdos-Krutajos-nuotr._027.jpg\",\"datePublished\":\"2023-01-13T08:34:36+00:00\",\"dateModified\":\"2023-01-13T08:36:38+00:00\",\"breadcrumb\":{\"@id\":\"https:\/\/archfondas.lt\/en\/karolin-kaup-piret-anier-estonia-arhitektuurikool\/#breadcrumb\"},\"inLanguage\":\"en-US\",\"potentialAction\":[{\"@type\":\"ReadAction\",\"target\":[\"https:\/\/archfondas.lt\/en\/karolin-kaup-piret-anier-estonia-arhitektuurikool\/\"]}]},{\"@type\":\"ImageObject\",\"inLanguage\":\"en-US\",\"@id\":\"https:\/\/archfondas.lt\/en\/karolin-kaup-piret-anier-estonia-arhitektuurikool\/#primaryimage\",\"url\":\"https:\/\/archfondas.lt\/wp-content\/uploads\/2023\/01\/Architekturos-fondo-forumas-2022.-Gerdos-Krutajos-nuotr._027.jpg\",\"contentUrl\":\"https:\/\/archfondas.lt\/wp-content\/uploads\/2023\/01\/Architekturos-fondo-forumas-2022.-Gerdos-Krutajos-nuotr._027.jpg\",\"width\":1920,\"height\":1280,\"caption\":\"Architekt\u016bros fondo forumas 2022. Gerdos Krutajos nuotr.\"},{\"@type\":\"BreadcrumbList\",\"@id\":\"https:\/\/archfondas.lt\/en\/karolin-kaup-piret-anier-estonia-arhitektuurikool\/#breadcrumb\",\"itemListElement\":[{\"@type\":\"ListItem\",\"position\":1,\"name\":\"Home\",\"item\":\"https:\/\/archfondas.lt\/en\/\"},{\"@type\":\"ListItem\",\"position\":2,\"name\":\"Karolin Kaup, Piret Anier (Estonia) \u2013 Arhitektuurikool\"}]},{\"@type\":\"WebSite\",\"@id\":\"https:\/\/archfondas.lt\/#website\",\"url\":\"https:\/\/archfondas.lt\/\",\"name\":\"Architekt\u016bros fondas\",\"description\":\"Mes esame nevyriausybin\u0117, pelno nesiekianti organizacija kurianti bei puosel\u0117janti architekt\u016bros kult\u016br\u0105.\",\"publisher\":{\"@id\":\"https:\/\/archfondas.lt\/#organization\"},\"potentialAction\":[{\"@type\":\"SearchAction\",\"target\":{\"@type\":\"EntryPoint\",\"urlTemplate\":\"https:\/\/archfondas.lt\/?s={search_term_string}\"},\"query-input\":{\"@type\":\"PropertyValueSpecification\",\"valueRequired\":true,\"valueName\":\"search_term_string\"}}],\"inLanguage\":\"en-US\"},{\"@type\":\"Organization\",\"@id\":\"https:\/\/archfondas.lt\/#organization\",\"name\":\"Architekt\u016bros fondas\",\"url\":\"https:\/\/archfondas.lt\/\",\"logo\":{\"@type\":\"ImageObject\",\"inLanguage\":\"en-US\",\"@id\":\"https:\/\/archfondas.lt\/#\/schema\/logo\/image\/\",\"url\":\"https:\/\/archfondas.lt\/wp-content\/uploads\/2023\/04\/archfondas-logo.svg\",\"contentUrl\":\"https:\/\/archfondas.lt\/wp-content\/uploads\/2023\/04\/archfondas-logo.svg\",\"width\":483,\"height\":124,\"caption\":\"Architekt\u016bros fondas\"},\"image\":{\"@id\":\"https:\/\/archfondas.lt\/#\/schema\/logo\/image\/\"},\"sameAs\":[\"https:\/\/www.facebook.com\/archfondas\",\"https:\/\/x.com\/archfondas\"]},{\"@type\":\"Person\",\"@id\":\"https:\/\/archfondas.lt\/#\/schema\/person\/12c9a1d214305001c1474d1cddec95cb\",\"name\":\"vilius\",\"image\":{\"@type\":\"ImageObject\",\"inLanguage\":\"en-US\",\"@id\":\"https:\/\/archfondas.lt\/#\/schema\/person\/image\/\",\"url\":\"https:\/\/secure.gravatar.com\/avatar\/29fe3433859d6bb7356cd673e2da7c8b?s=96&d=mm&r=g\",\"contentUrl\":\"https:\/\/secure.gravatar.com\/avatar\/29fe3433859d6bb7356cd673e2da7c8b?s=96&d=mm&r=g\",\"caption\":\"vilius\"},\"url\":\"https:\/\/archfondas.lt\/en\/author\/vilius\/\"}]}<\/script>\n<!-- \/ Yoast SEO plugin. -->","yoast_head_json":{"title":"Karolin Kaup, Piret Anier (Estonia) \u2013 Arhitektuurikool &#8211; Architekt\u016bros fondas","robots":{"index":"index","follow":"follow","max-snippet":"max-snippet:-1","max-image-preview":"max-image-preview:large","max-video-preview":"max-video-preview:-1"},"canonical":"https:\/\/archfondas.lt\/en\/karolin-kaup-piret-anier-estonia-arhitektuurikool\/","og_locale":"en_US","og_type":"article","og_title":"Karolin Kaup, Piret Anier (Estonia) \u2013 Arhitektuurikool &#8211; Architekt\u016bros fondas","og_description":"The programme of the third Architekt\u016bros fondas\u2019 Forum started with a presentation by architects Karolin Kaup and Piret Anier from Estonia, who introduced the initiative &#8220;Arhitektuurikool&#8221; (School of Architecture) and talked about how to integrate architecture education into the curriculum of public schools. The third Architekt\u016bros fondas\u2019 Forum took place on 5 November 2022. This [&hellip;]","og_url":"https:\/\/archfondas.lt\/en\/karolin-kaup-piret-anier-estonia-arhitektuurikool\/","og_site_name":"Architekt\u016bros fondas","article_publisher":"https:\/\/www.facebook.com\/archfondas","article_published_time":"2023-01-13T08:34:36+00:00","article_modified_time":"2023-01-13T08:36:38+00:00","og_image":[{"width":1920,"height":1280,"url":"https:\/\/archfondas.lt\/wp-content\/uploads\/2023\/01\/Architekturos-fondo-forumas-2022.-Gerdos-Krutajos-nuotr._027.jpg","type":"image\/jpeg"}],"author":"vilius","twitter_card":"summary_large_image","twitter_creator":"@archfondas","twitter_site":"@archfondas","twitter_misc":{"Written by":"vilius"},"schema":{"@context":"https:\/\/schema.org","@graph":[{"@type":"Article","@id":"https:\/\/archfondas.lt\/en\/karolin-kaup-piret-anier-estonia-arhitektuurikool\/#article","isPartOf":{"@id":"https:\/\/archfondas.lt\/en\/karolin-kaup-piret-anier-estonia-arhitektuurikool\/"},"author":{"name":"vilius","@id":"https:\/\/archfondas.lt\/#\/schema\/person\/12c9a1d214305001c1474d1cddec95cb"},"headline":"Karolin Kaup, Piret Anier (Estonia) \u2013 Arhitektuurikool","datePublished":"2023-01-13T08:34:36+00:00","dateModified":"2023-01-13T08:36:38+00:00","mainEntityOfPage":{"@id":"https:\/\/archfondas.lt\/en\/karolin-kaup-piret-anier-estonia-arhitektuurikool\/"},"wordCount":94,"commentCount":0,"publisher":{"@id":"https:\/\/archfondas.lt\/#organization"},"image":{"@id":"https:\/\/archfondas.lt\/en\/karolin-kaup-piret-anier-estonia-arhitektuurikool\/#primaryimage"},"thumbnailUrl":"https:\/\/archfondas.lt\/wp-content\/uploads\/2023\/01\/Architekturos-fondo-forumas-2022.-Gerdos-Krutajos-nuotr._027.jpg","articleSection":["Turinys"],"inLanguage":"en-US","potentialAction":[{"@type":"CommentAction","name":"Comment","target":["https:\/\/archfondas.lt\/en\/karolin-kaup-piret-anier-estonia-arhitektuurikool\/#respond"]}]},{"@type":"WebPage","@id":"https:\/\/archfondas.lt\/en\/karolin-kaup-piret-anier-estonia-arhitektuurikool\/","url":"https:\/\/archfondas.lt\/en\/karolin-kaup-piret-anier-estonia-arhitektuurikool\/","name":"Karolin Kaup, Piret Anier (Estonia) \u2013 Arhitektuurikool &#8211; Architekt\u016bros fondas","isPartOf":{"@id":"https:\/\/archfondas.lt\/#website"},"primaryImageOfPage":{"@id":"https:\/\/archfondas.lt\/en\/karolin-kaup-piret-anier-estonia-arhitektuurikool\/#primaryimage"},"image":{"@id":"https:\/\/archfondas.lt\/en\/karolin-kaup-piret-anier-estonia-arhitektuurikool\/#primaryimage"},"thumbnailUrl":"https:\/\/archfondas.lt\/wp-content\/uploads\/2023\/01\/Architekturos-fondo-forumas-2022.-Gerdos-Krutajos-nuotr._027.jpg","datePublished":"2023-01-13T08:34:36+00:00","dateModified":"2023-01-13T08:36:38+00:00","breadcrumb":{"@id":"https:\/\/archfondas.lt\/en\/karolin-kaup-piret-anier-estonia-arhitektuurikool\/#breadcrumb"},"inLanguage":"en-US","potentialAction":[{"@type":"ReadAction","target":["https:\/\/archfondas.lt\/en\/karolin-kaup-piret-anier-estonia-arhitektuurikool\/"]}]},{"@type":"ImageObject","inLanguage":"en-US","@id":"https:\/\/archfondas.lt\/en\/karolin-kaup-piret-anier-estonia-arhitektuurikool\/#primaryimage","url":"https:\/\/archfondas.lt\/wp-content\/uploads\/2023\/01\/Architekturos-fondo-forumas-2022.-Gerdos-Krutajos-nuotr._027.jpg","contentUrl":"https:\/\/archfondas.lt\/wp-content\/uploads\/2023\/01\/Architekturos-fondo-forumas-2022.-Gerdos-Krutajos-nuotr._027.jpg","width":1920,"height":1280,"caption":"Architekt\u016bros fondo forumas 2022. Gerdos Krutajos nuotr."},{"@type":"BreadcrumbList","@id":"https:\/\/archfondas.lt\/en\/karolin-kaup-piret-anier-estonia-arhitektuurikool\/#breadcrumb","itemListElement":[{"@type":"ListItem","position":1,"name":"Home","item":"https:\/\/archfondas.lt\/en\/"},{"@type":"ListItem","position":2,"name":"Karolin Kaup, Piret Anier (Estonia) \u2013 Arhitektuurikool"}]},{"@type":"WebSite","@id":"https:\/\/archfondas.lt\/#website","url":"https:\/\/archfondas.lt\/","name":"Architekt\u016bros fondas","description":"Mes esame nevyriausybin\u0117, pelno nesiekianti organizacija kurianti bei puosel\u0117janti architekt\u016bros kult\u016br\u0105.","publisher":{"@id":"https:\/\/archfondas.lt\/#organization"},"potentialAction":[{"@type":"SearchAction","target":{"@type":"EntryPoint","urlTemplate":"https:\/\/archfondas.lt\/?s={search_term_string}"},"query-input":{"@type":"PropertyValueSpecification","valueRequired":true,"valueName":"search_term_string"}}],"inLanguage":"en-US"},{"@type":"Organization","@id":"https:\/\/archfondas.lt\/#organization","name":"Architekt\u016bros fondas","url":"https:\/\/archfondas.lt\/","logo":{"@type":"ImageObject","inLanguage":"en-US","@id":"https:\/\/archfondas.lt\/#\/schema\/logo\/image\/","url":"https:\/\/archfondas.lt\/wp-content\/uploads\/2023\/04\/archfondas-logo.svg","contentUrl":"https:\/\/archfondas.lt\/wp-content\/uploads\/2023\/04\/archfondas-logo.svg","width":483,"height":124,"caption":"Architekt\u016bros fondas"},"image":{"@id":"https:\/\/archfondas.lt\/#\/schema\/logo\/image\/"},"sameAs":["https:\/\/www.facebook.com\/archfondas","https:\/\/x.com\/archfondas"]},{"@type":"Person","@id":"https:\/\/archfondas.lt\/#\/schema\/person\/12c9a1d214305001c1474d1cddec95cb","name":"vilius","image":{"@type":"ImageObject","inLanguage":"en-US","@id":"https:\/\/archfondas.lt\/#\/schema\/person\/image\/","url":"https:\/\/secure.gravatar.com\/avatar\/29fe3433859d6bb7356cd673e2da7c8b?s=96&d=mm&r=g","contentUrl":"https:\/\/secure.gravatar.com\/avatar\/29fe3433859d6bb7356cd673e2da7c8b?s=96&d=mm&r=g","caption":"vilius"},"url":"https:\/\/archfondas.lt\/en\/author\/vilius\/"}]}},"_links":{"self":[{"href":"https:\/\/archfondas.lt\/en\/wp-json\/wp\/v2\/posts\/24558","targetHints":{"allow":["GET"]}}],"collection":[{"href":"https:\/\/archfondas.lt\/en\/wp-json\/wp\/v2\/posts"}],"about":[{"href":"https:\/\/archfondas.lt\/en\/wp-json\/wp\/v2\/types\/post"}],"author":[{"embeddable":true,"href":"https:\/\/archfondas.lt\/en\/wp-json\/wp\/v2\/users\/2"}],"replies":[{"embeddable":true,"href":"https:\/\/archfondas.lt\/en\/wp-json\/wp\/v2\/comments?post=24558"}],"version-history":[{"count":2,"href":"https:\/\/archfondas.lt\/en\/wp-json\/wp\/v2\/posts\/24558\/revisions"}],"predecessor-version":[{"id":24560,"href":"https:\/\/archfondas.lt\/en\/wp-json\/wp\/v2\/posts\/24558\/revisions\/24560"}],"wp:featuredmedia":[{"embeddable":true,"href":"https:\/\/archfondas.lt\/en\/wp-json\/wp\/v2\/media\/24555"}],"wp:attachment":[{"href":"https:\/\/archfondas.lt\/en\/wp-json\/wp\/v2\/media?parent=24558"}],"wp:term":[{"taxonomy":"category","embeddable":true,"href":"https:\/\/archfondas.lt\/en\/wp-json\/wp\/v2\/categories?post=24558"},{"taxonomy":"post_tag","embeddable":true,"href":"https:\/\/archfondas.lt\/en\/wp-json\/wp\/v2\/tags?post=24558"}],"curies":[{"name":"wp","href":"https:\/\/api.w.org\/{rel}","templated":true}]}}