{"id":24566,"date":"2023-01-13T10:52:43","date_gmt":"2023-01-13T08:52:43","guid":{"rendered":"https:\/\/www.archfondas.lt\/diskusija-apie-mokymosi-aplinku-kurima-bei-architekturos-metodus-edukacijoje\/"},"modified":"2023-01-13T10:53:46","modified_gmt":"2023-01-13T08:53:46","slug":"discussion-on-learning-environments-and-creative-tools-for-education","status":"publish","type":"post","link":"https:\/\/archfondas.lt\/en\/discussion-on-learning-environments-and-creative-tools-for-education\/","title":{"rendered":"Discussion on learning environments and creative tools for education"},"content":{"rendered":"\n<figure class=\"wp-block-embed is-type-video is-provider-youtube wp-block-embed-youtube wp-embed-aspect-16-9 wp-has-aspect-ratio\"><div class=\"wp-block-embed__wrapper\">\n<iframe loading=\"lazy\" title=\"Discussion on learning environments and creative tools for education | Architekt\u016bros fondo forumas\" width=\"500\" height=\"281\" src=\"https:\/\/www.youtube.com\/embed\/pe7Weap1aeg?feature=oembed\" frameborder=\"0\" allow=\"accelerometer; autoplay; clipboard-write; encrypted-media; gyroscope; picture-in-picture; web-share\" referrerpolicy=\"strict-origin-when-cross-origin\" allowfullscreen><\/iframe>\n<\/div><\/figure>\n\n\n\n<p>In the third Architekt\u016bros fondas\u2019 Forum, a discussion on learning environments and creative tools for education took place. The discussion was held between Marija Nem\u010denko, interdisciplinary artist and founder of the educational project BRUT collective, Rokas Kil\u010diauskas, curator of architectural educational projects and architect, Karolin Kaup and Piret Anier, architects from Estonia, as well as \u017divil\u0117 Etevi\u010di\u016bt\u0117, coordinator of creative education at the Millennium School programme, who shared their experiences. The discussion was moderated by Martynas Germanavi\u010dius. <\/p>\n\n\n\n<p>Architekt\u016bros fondas\u2019 Forum took place on 5 November 2022. This year&#8217;s programme explored what is important in creating relevant learning environments and inclusive educational processes and looked at the relationship between education and architecture.<\/p>\n","protected":false},"excerpt":{"rendered":"<p>In the third Architekt\u016bros fondas\u2019 Forum, a discussion on learning environments and creative tools for education took place. The discussion was held between Marija Nem\u010denko, interdisciplinary artist and founder of the educational project BRUT collective, Rokas Kil\u010diauskas, curator of architectural educational projects and architect, Karolin Kaup and Piret Anier, architects from Estonia, as well as [&hellip;]<\/p>\n","protected":false},"author":2,"featured_media":24563,"comment_status":"open","ping_status":"open","sticky":false,"template":"","format":"standard","meta":{"_acf_changed":false,"footnotes":""},"categories":[56],"tags":[],"class_list":["post-24566","post","type-post","status-publish","format-standard","has-post-thumbnail","hentry","category-content-en"],"acf":[],"yoast_head":"<!-- This site is optimized with the Yoast SEO plugin v24.1 - https:\/\/yoast.com\/wordpress\/plugins\/seo\/ -->\n<title>Discussion on learning environments and creative tools for education &#8211; Architekt\u016bros fondas<\/title>\n<meta name=\"robots\" content=\"index, follow, max-snippet:-1, max-image-preview:large, max-video-preview:-1\" \/>\n<link rel=\"canonical\" href=\"https:\/\/archfondas.lt\/en\/discussion-on-learning-environments-and-creative-tools-for-education\/\" \/>\n<meta property=\"og:locale\" content=\"en_US\" \/>\n<meta property=\"og:type\" content=\"article\" \/>\n<meta property=\"og:title\" content=\"Discussion on learning environments and creative tools for education &#8211; Architekt\u016bros fondas\" \/>\n<meta property=\"og:description\" content=\"In the third Architekt\u016bros fondas\u2019 Forum, a discussion on learning environments and creative tools for education took place. The discussion was held between Marija Nem\u010denko, interdisciplinary artist and founder of the educational project BRUT collective, Rokas Kil\u010diauskas, curator of architectural educational projects and architect, Karolin Kaup and Piret Anier, architects from Estonia, as well as [&hellip;]\" \/>\n<meta property=\"og:url\" content=\"https:\/\/archfondas.lt\/en\/discussion-on-learning-environments-and-creative-tools-for-education\/\" \/>\n<meta property=\"og:site_name\" content=\"Architekt\u016bros fondas\" \/>\n<meta property=\"article:publisher\" content=\"https:\/\/www.facebook.com\/archfondas\" \/>\n<meta property=\"article:published_time\" content=\"2023-01-13T08:52:43+00:00\" \/>\n<meta property=\"article:modified_time\" content=\"2023-01-13T08:53:46+00:00\" \/>\n<meta property=\"og:image\" content=\"https:\/\/archfondas.lt\/wp-content\/uploads\/2023\/01\/Architekturos-fondo-forumas-2022.-Gerdos-Krutajos-nuotr._031.jpg\" \/>\n\t<meta property=\"og:image:width\" content=\"1920\" \/>\n\t<meta property=\"og:image:height\" content=\"1280\" \/>\n\t<meta property=\"og:image:type\" content=\"image\/jpeg\" \/>\n<meta name=\"author\" content=\"vilius\" \/>\n<meta name=\"twitter:card\" content=\"summary_large_image\" \/>\n<meta name=\"twitter:creator\" content=\"@archfondas\" \/>\n<meta name=\"twitter:site\" content=\"@archfondas\" \/>\n<meta name=\"twitter:label1\" content=\"Written by\" \/>\n\t<meta name=\"twitter:data1\" content=\"vilius\" \/>\n\t<meta name=\"twitter:label2\" content=\"Est. reading time\" \/>\n\t<meta name=\"twitter:data2\" content=\"1 minute\" \/>\n<script type=\"application\/ld+json\" class=\"yoast-schema-graph\">{\"@context\":\"https:\/\/schema.org\",\"@graph\":[{\"@type\":\"Article\",\"@id\":\"https:\/\/archfondas.lt\/en\/discussion-on-learning-environments-and-creative-tools-for-education\/#article\",\"isPartOf\":{\"@id\":\"https:\/\/archfondas.lt\/en\/discussion-on-learning-environments-and-creative-tools-for-education\/\"},\"author\":{\"name\":\"vilius\",\"@id\":\"https:\/\/archfondas.lt\/#\/schema\/person\/12c9a1d214305001c1474d1cddec95cb\"},\"headline\":\"Discussion on learning environments and creative tools for education\",\"datePublished\":\"2023-01-13T08:52:43+00:00\",\"dateModified\":\"2023-01-13T08:53:46+00:00\",\"mainEntityOfPage\":{\"@id\":\"https:\/\/archfondas.lt\/en\/discussion-on-learning-environments-and-creative-tools-for-education\/\"},\"wordCount\":135,\"commentCount\":0,\"publisher\":{\"@id\":\"https:\/\/archfondas.lt\/#organization\"},\"image\":{\"@id\":\"https:\/\/archfondas.lt\/en\/discussion-on-learning-environments-and-creative-tools-for-education\/#primaryimage\"},\"thumbnailUrl\":\"https:\/\/archfondas.lt\/wp-content\/uploads\/2023\/01\/Architekturos-fondo-forumas-2022.-Gerdos-Krutajos-nuotr._031.jpg\",\"articleSection\":[\"Turinys\"],\"inLanguage\":\"en-US\",\"potentialAction\":[{\"@type\":\"CommentAction\",\"name\":\"Comment\",\"target\":[\"https:\/\/archfondas.lt\/en\/discussion-on-learning-environments-and-creative-tools-for-education\/#respond\"]}]},{\"@type\":\"WebPage\",\"@id\":\"https:\/\/archfondas.lt\/en\/discussion-on-learning-environments-and-creative-tools-for-education\/\",\"url\":\"https:\/\/archfondas.lt\/en\/discussion-on-learning-environments-and-creative-tools-for-education\/\",\"name\":\"Discussion on learning environments and creative tools for education &#8211; Architekt\u016bros fondas\",\"isPartOf\":{\"@id\":\"https:\/\/archfondas.lt\/#website\"},\"primaryImageOfPage\":{\"@id\":\"https:\/\/archfondas.lt\/en\/discussion-on-learning-environments-and-creative-tools-for-education\/#primaryimage\"},\"image\":{\"@id\":\"https:\/\/archfondas.lt\/en\/discussion-on-learning-environments-and-creative-tools-for-education\/#primaryimage\"},\"thumbnailUrl\":\"https:\/\/archfondas.lt\/wp-content\/uploads\/2023\/01\/Architekturos-fondo-forumas-2022.-Gerdos-Krutajos-nuotr._031.jpg\",\"datePublished\":\"2023-01-13T08:52:43+00:00\",\"dateModified\":\"2023-01-13T08:53:46+00:00\",\"breadcrumb\":{\"@id\":\"https:\/\/archfondas.lt\/en\/discussion-on-learning-environments-and-creative-tools-for-education\/#breadcrumb\"},\"inLanguage\":\"en-US\",\"potentialAction\":[{\"@type\":\"ReadAction\",\"target\":[\"https:\/\/archfondas.lt\/en\/discussion-on-learning-environments-and-creative-tools-for-education\/\"]}]},{\"@type\":\"ImageObject\",\"inLanguage\":\"en-US\",\"@id\":\"https:\/\/archfondas.lt\/en\/discussion-on-learning-environments-and-creative-tools-for-education\/#primaryimage\",\"url\":\"https:\/\/archfondas.lt\/wp-content\/uploads\/2023\/01\/Architekturos-fondo-forumas-2022.-Gerdos-Krutajos-nuotr._031.jpg\",\"contentUrl\":\"https:\/\/archfondas.lt\/wp-content\/uploads\/2023\/01\/Architekturos-fondo-forumas-2022.-Gerdos-Krutajos-nuotr._031.jpg\",\"width\":1920,\"height\":1280,\"caption\":\"Architekt\u016bros fondo forumas 2022. Gerdos Krutajos nuotr.\"},{\"@type\":\"BreadcrumbList\",\"@id\":\"https:\/\/archfondas.lt\/en\/discussion-on-learning-environments-and-creative-tools-for-education\/#breadcrumb\",\"itemListElement\":[{\"@type\":\"ListItem\",\"position\":1,\"name\":\"Home\",\"item\":\"https:\/\/archfondas.lt\/en\/\"},{\"@type\":\"ListItem\",\"position\":2,\"name\":\"Discussion on learning environments and creative tools for education\"}]},{\"@type\":\"WebSite\",\"@id\":\"https:\/\/archfondas.lt\/#website\",\"url\":\"https:\/\/archfondas.lt\/\",\"name\":\"Architekt\u016bros fondas\",\"description\":\"Mes esame nevyriausybin\u0117, pelno nesiekianti organizacija kurianti bei puosel\u0117janti architekt\u016bros kult\u016br\u0105.\",\"publisher\":{\"@id\":\"https:\/\/archfondas.lt\/#organization\"},\"potentialAction\":[{\"@type\":\"SearchAction\",\"target\":{\"@type\":\"EntryPoint\",\"urlTemplate\":\"https:\/\/archfondas.lt\/?s={search_term_string}\"},\"query-input\":{\"@type\":\"PropertyValueSpecification\",\"valueRequired\":true,\"valueName\":\"search_term_string\"}}],\"inLanguage\":\"en-US\"},{\"@type\":\"Organization\",\"@id\":\"https:\/\/archfondas.lt\/#organization\",\"name\":\"Architekt\u016bros fondas\",\"url\":\"https:\/\/archfondas.lt\/\",\"logo\":{\"@type\":\"ImageObject\",\"inLanguage\":\"en-US\",\"@id\":\"https:\/\/archfondas.lt\/#\/schema\/logo\/image\/\",\"url\":\"https:\/\/archfondas.lt\/wp-content\/uploads\/2023\/04\/archfondas-logo.svg\",\"contentUrl\":\"https:\/\/archfondas.lt\/wp-content\/uploads\/2023\/04\/archfondas-logo.svg\",\"width\":483,\"height\":124,\"caption\":\"Architekt\u016bros fondas\"},\"image\":{\"@id\":\"https:\/\/archfondas.lt\/#\/schema\/logo\/image\/\"},\"sameAs\":[\"https:\/\/www.facebook.com\/archfondas\",\"https:\/\/x.com\/archfondas\"]},{\"@type\":\"Person\",\"@id\":\"https:\/\/archfondas.lt\/#\/schema\/person\/12c9a1d214305001c1474d1cddec95cb\",\"name\":\"vilius\",\"image\":{\"@type\":\"ImageObject\",\"inLanguage\":\"en-US\",\"@id\":\"https:\/\/archfondas.lt\/#\/schema\/person\/image\/\",\"url\":\"https:\/\/secure.gravatar.com\/avatar\/29fe3433859d6bb7356cd673e2da7c8b?s=96&d=mm&r=g\",\"contentUrl\":\"https:\/\/secure.gravatar.com\/avatar\/29fe3433859d6bb7356cd673e2da7c8b?s=96&d=mm&r=g\",\"caption\":\"vilius\"},\"url\":\"https:\/\/archfondas.lt\/en\/author\/vilius\/\"}]}<\/script>\n<!-- \/ Yoast SEO plugin. -->","yoast_head_json":{"title":"Discussion on learning environments and creative tools for education &#8211; Architekt\u016bros fondas","robots":{"index":"index","follow":"follow","max-snippet":"max-snippet:-1","max-image-preview":"max-image-preview:large","max-video-preview":"max-video-preview:-1"},"canonical":"https:\/\/archfondas.lt\/en\/discussion-on-learning-environments-and-creative-tools-for-education\/","og_locale":"en_US","og_type":"article","og_title":"Discussion on learning environments and creative tools for education &#8211; Architekt\u016bros fondas","og_description":"In the third Architekt\u016bros fondas\u2019 Forum, a discussion on learning environments and creative tools for education took place. The discussion was held between Marija Nem\u010denko, interdisciplinary artist and founder of the educational project BRUT collective, Rokas Kil\u010diauskas, curator of architectural educational projects and architect, Karolin Kaup and Piret Anier, architects from Estonia, as well as [&hellip;]","og_url":"https:\/\/archfondas.lt\/en\/discussion-on-learning-environments-and-creative-tools-for-education\/","og_site_name":"Architekt\u016bros fondas","article_publisher":"https:\/\/www.facebook.com\/archfondas","article_published_time":"2023-01-13T08:52:43+00:00","article_modified_time":"2023-01-13T08:53:46+00:00","og_image":[{"width":1920,"height":1280,"url":"https:\/\/archfondas.lt\/wp-content\/uploads\/2023\/01\/Architekturos-fondo-forumas-2022.-Gerdos-Krutajos-nuotr._031.jpg","type":"image\/jpeg"}],"author":"vilius","twitter_card":"summary_large_image","twitter_creator":"@archfondas","twitter_site":"@archfondas","twitter_misc":{"Written by":"vilius","Est. reading time":"1 minute"},"schema":{"@context":"https:\/\/schema.org","@graph":[{"@type":"Article","@id":"https:\/\/archfondas.lt\/en\/discussion-on-learning-environments-and-creative-tools-for-education\/#article","isPartOf":{"@id":"https:\/\/archfondas.lt\/en\/discussion-on-learning-environments-and-creative-tools-for-education\/"},"author":{"name":"vilius","@id":"https:\/\/archfondas.lt\/#\/schema\/person\/12c9a1d214305001c1474d1cddec95cb"},"headline":"Discussion on learning environments and creative tools for education","datePublished":"2023-01-13T08:52:43+00:00","dateModified":"2023-01-13T08:53:46+00:00","mainEntityOfPage":{"@id":"https:\/\/archfondas.lt\/en\/discussion-on-learning-environments-and-creative-tools-for-education\/"},"wordCount":135,"commentCount":0,"publisher":{"@id":"https:\/\/archfondas.lt\/#organization"},"image":{"@id":"https:\/\/archfondas.lt\/en\/discussion-on-learning-environments-and-creative-tools-for-education\/#primaryimage"},"thumbnailUrl":"https:\/\/archfondas.lt\/wp-content\/uploads\/2023\/01\/Architekturos-fondo-forumas-2022.-Gerdos-Krutajos-nuotr._031.jpg","articleSection":["Turinys"],"inLanguage":"en-US","potentialAction":[{"@type":"CommentAction","name":"Comment","target":["https:\/\/archfondas.lt\/en\/discussion-on-learning-environments-and-creative-tools-for-education\/#respond"]}]},{"@type":"WebPage","@id":"https:\/\/archfondas.lt\/en\/discussion-on-learning-environments-and-creative-tools-for-education\/","url":"https:\/\/archfondas.lt\/en\/discussion-on-learning-environments-and-creative-tools-for-education\/","name":"Discussion on learning environments and creative tools for education &#8211; Architekt\u016bros fondas","isPartOf":{"@id":"https:\/\/archfondas.lt\/#website"},"primaryImageOfPage":{"@id":"https:\/\/archfondas.lt\/en\/discussion-on-learning-environments-and-creative-tools-for-education\/#primaryimage"},"image":{"@id":"https:\/\/archfondas.lt\/en\/discussion-on-learning-environments-and-creative-tools-for-education\/#primaryimage"},"thumbnailUrl":"https:\/\/archfondas.lt\/wp-content\/uploads\/2023\/01\/Architekturos-fondo-forumas-2022.-Gerdos-Krutajos-nuotr._031.jpg","datePublished":"2023-01-13T08:52:43+00:00","dateModified":"2023-01-13T08:53:46+00:00","breadcrumb":{"@id":"https:\/\/archfondas.lt\/en\/discussion-on-learning-environments-and-creative-tools-for-education\/#breadcrumb"},"inLanguage":"en-US","potentialAction":[{"@type":"ReadAction","target":["https:\/\/archfondas.lt\/en\/discussion-on-learning-environments-and-creative-tools-for-education\/"]}]},{"@type":"ImageObject","inLanguage":"en-US","@id":"https:\/\/archfondas.lt\/en\/discussion-on-learning-environments-and-creative-tools-for-education\/#primaryimage","url":"https:\/\/archfondas.lt\/wp-content\/uploads\/2023\/01\/Architekturos-fondo-forumas-2022.-Gerdos-Krutajos-nuotr._031.jpg","contentUrl":"https:\/\/archfondas.lt\/wp-content\/uploads\/2023\/01\/Architekturos-fondo-forumas-2022.-Gerdos-Krutajos-nuotr._031.jpg","width":1920,"height":1280,"caption":"Architekt\u016bros fondo forumas 2022. Gerdos Krutajos nuotr."},{"@type":"BreadcrumbList","@id":"https:\/\/archfondas.lt\/en\/discussion-on-learning-environments-and-creative-tools-for-education\/#breadcrumb","itemListElement":[{"@type":"ListItem","position":1,"name":"Home","item":"https:\/\/archfondas.lt\/en\/"},{"@type":"ListItem","position":2,"name":"Discussion on learning environments and creative tools for education"}]},{"@type":"WebSite","@id":"https:\/\/archfondas.lt\/#website","url":"https:\/\/archfondas.lt\/","name":"Architekt\u016bros fondas","description":"Mes esame nevyriausybin\u0117, pelno nesiekianti organizacija kurianti bei puosel\u0117janti architekt\u016bros kult\u016br\u0105.","publisher":{"@id":"https:\/\/archfondas.lt\/#organization"},"potentialAction":[{"@type":"SearchAction","target":{"@type":"EntryPoint","urlTemplate":"https:\/\/archfondas.lt\/?s={search_term_string}"},"query-input":{"@type":"PropertyValueSpecification","valueRequired":true,"valueName":"search_term_string"}}],"inLanguage":"en-US"},{"@type":"Organization","@id":"https:\/\/archfondas.lt\/#organization","name":"Architekt\u016bros fondas","url":"https:\/\/archfondas.lt\/","logo":{"@type":"ImageObject","inLanguage":"en-US","@id":"https:\/\/archfondas.lt\/#\/schema\/logo\/image\/","url":"https:\/\/archfondas.lt\/wp-content\/uploads\/2023\/04\/archfondas-logo.svg","contentUrl":"https:\/\/archfondas.lt\/wp-content\/uploads\/2023\/04\/archfondas-logo.svg","width":483,"height":124,"caption":"Architekt\u016bros fondas"},"image":{"@id":"https:\/\/archfondas.lt\/#\/schema\/logo\/image\/"},"sameAs":["https:\/\/www.facebook.com\/archfondas","https:\/\/x.com\/archfondas"]},{"@type":"Person","@id":"https:\/\/archfondas.lt\/#\/schema\/person\/12c9a1d214305001c1474d1cddec95cb","name":"vilius","image":{"@type":"ImageObject","inLanguage":"en-US","@id":"https:\/\/archfondas.lt\/#\/schema\/person\/image\/","url":"https:\/\/secure.gravatar.com\/avatar\/29fe3433859d6bb7356cd673e2da7c8b?s=96&d=mm&r=g","contentUrl":"https:\/\/secure.gravatar.com\/avatar\/29fe3433859d6bb7356cd673e2da7c8b?s=96&d=mm&r=g","caption":"vilius"},"url":"https:\/\/archfondas.lt\/en\/author\/vilius\/"}]}},"_links":{"self":[{"href":"https:\/\/archfondas.lt\/en\/wp-json\/wp\/v2\/posts\/24566","targetHints":{"allow":["GET"]}}],"collection":[{"href":"https:\/\/archfondas.lt\/en\/wp-json\/wp\/v2\/posts"}],"about":[{"href":"https:\/\/archfondas.lt\/en\/wp-json\/wp\/v2\/types\/post"}],"author":[{"embeddable":true,"href":"https:\/\/archfondas.lt\/en\/wp-json\/wp\/v2\/users\/2"}],"replies":[{"embeddable":true,"href":"https:\/\/archfondas.lt\/en\/wp-json\/wp\/v2\/comments?post=24566"}],"version-history":[{"count":2,"href":"https:\/\/archfondas.lt\/en\/wp-json\/wp\/v2\/posts\/24566\/revisions"}],"predecessor-version":[{"id":24568,"href":"https:\/\/archfondas.lt\/en\/wp-json\/wp\/v2\/posts\/24566\/revisions\/24568"}],"wp:featuredmedia":[{"embeddable":true,"href":"https:\/\/archfondas.lt\/en\/wp-json\/wp\/v2\/media\/24563"}],"wp:attachment":[{"href":"https:\/\/archfondas.lt\/en\/wp-json\/wp\/v2\/media?parent=24566"}],"wp:term":[{"taxonomy":"category","embeddable":true,"href":"https:\/\/archfondas.lt\/en\/wp-json\/wp\/v2\/categories?post=24566"},{"taxonomy":"post_tag","embeddable":true,"href":"https:\/\/archfondas.lt\/en\/wp-json\/wp\/v2\/tags?post=24566"}],"curies":[{"name":"wp","href":"https:\/\/api.w.org\/{rel}","templated":true}]}}