{"id":25139,"date":"2023-02-17T17:50:50","date_gmt":"2023-02-17T15:50:50","guid":{"rendered":"https:\/\/www.archfondas.lt\/privatus-reikalas\/"},"modified":"2023-03-31T13:36:54","modified_gmt":"2023-03-31T10:36:54","slug":"private-matter","status":"publish","type":"post","link":"https:\/\/archfondas.lt\/en\/private-matter\/","title":{"rendered":"_private matter_"},"content":{"rendered":"\n<p>in a spiritually rationalized and fully explained civilized world the dream is clearly separated from reality. Sigmund Freud should be thanked (or cursed) for such positioning of the dream: he pulled it out of oblivion, turned it into an object of psychoanalysis and at the same time established its human nature. a modern dream is the voice of the subconscious mind, which describes the experience and state of mind of the dreamer through direct images or allegorical symbols. in Freud&#8217;s theory, a dream hides a forbidden desire, while his professional colleague, Carl Jung, saw the dream as an open expression of a thought, a need, an impuls. he regarded the dream, perhaps more than anything else, as a mental attempt to convey an important message about internal mental processes to the dreamer. for Jung, dreams are also an important part of personality development &#8211; he called that phenomenon individualization<span class=\"footnote_referrer\"><a role=\"button\" tabindex=\"0\" onclick=\"footnote_moveToReference_25139_1('footnote_plugin_reference_25139_1_1');\" onkeypress=\"footnote_moveToReference_25139_1('footnote_plugin_reference_25139_1_1');\" ><sup id=\"footnote_plugin_tooltip_25139_1_1\" class=\"footnote_plugin_tooltip_text\">[1]<\/sup><\/a><span id=\"footnote_plugin_tooltip_text_25139_1_1\" class=\"footnote_tooltip\">Jung, C. G. Collected Works of C.G. Jung, Volume 10: Civilization in Transition. Routledge and Kegan Paul, 1981<\/span><\/span><script type=\"text\/javascript\"> jQuery('#footnote_plugin_tooltip_25139_1_1').tooltip({ tip: '#footnote_plugin_tooltip_text_25139_1_1', tipClass: 'footnote_tooltip', effect: 'fade', predelay: 0, fadeInSpeed: 200, delay: 400, fadeOutSpeed: 200, position: 'top center', relative: true, offset: [-7, 0], });<\/script>.<\/p>\n\n\n\n<p>therefore, for the psychoanalyst, the dream becomes a kind of mirror of reality, a coded signal, the decoding of which requires understanding the dreamer&#8217;s internal &#8220;language&#8221; of symbols. and yet, a dream is not part of the tangible world &#8211; it is only an inner virtuality created by an individual. a different approach to dreams is still recognized by the indigenous cultures of various continents. nocturnal vision is a message sent by the ancestors \u2013 or a prophecy of the near future, which one must decode and obey. the line between dream and three-dimensional reality is being eroded. for example, among aboriginal tribes, dreaming has turned into a separate philosophy of worldview, explaining the place of man in traditional society and nature, connecting the spiritual world of the past with the present and the future<span class=\"footnote_referrer\"><a role=\"button\" tabindex=\"0\" onclick=\"footnote_moveToReference_25139_1('footnote_plugin_reference_25139_1_2');\" onkeypress=\"footnote_moveToReference_25139_1('footnote_plugin_reference_25139_1_2');\" ><sup id=\"footnote_plugin_tooltip_25139_1_2\" class=\"footnote_plugin_tooltip_text\">[2]<\/sup><\/a><span id=\"footnote_plugin_tooltip_text_25139_1_2\" class=\"footnote_tooltip\">Linklater, S. (2022) Understanding Aboriginal Dreaming. Artlandish Aboriginal Art. <span class=\"footnote_url_wrap\">https:\/\/www.aboriginal-art-australia.com\/aboriginal-art-library\/understanding-aboriginal-dreaming-and-the-dreamtime\/<\/span><\/span><\/span><script type=\"text\/javascript\"> jQuery('#footnote_plugin_tooltip_25139_1_2').tooltip({ tip: '#footnote_plugin_tooltip_text_25139_1_2', tipClass: 'footnote_tooltip', effect: 'fade', predelay: 0, fadeInSpeed: 200, delay: 400, fadeOutSpeed: 200, position: 'top center', relative: true, offset: [-7, 0], });<\/script>.<\/p>\n\n\n\n<p>the aspect of collectivity is particularly important here: the dream is shared in the same way as what happens after waking up, the telling of the dream to the community acquires a ritualistic aftertaste, the nocturnal world of one person merges with the nocturnal worlds of the whole tribe into a palimpsestic narrative that will guide decision-making and daily life .<\/p>\n\n\n\n<p>when thinking about the practice of collective dreaming, I considered the achievement of a certain synchronization as an aspiration: joining the environment of a colleague&#8217;s dream, generating common symbols or events, cultivating an alternative reality. however, the dream defended itself against my attempt to turn it into a metaverse phenomenon and forced me to reconsider my reasons: <em>why, how <\/em>and <em>what<\/em>?<\/p>\n\n\n\n<figure class=\"wp-block-image size-full\"><img loading=\"lazy\" decoding=\"async\" width=\"1754\" height=\"1076\" src=\"https:\/\/www.archfondas.lt\/wp-content\/uploads\/2023\/02\/1_ENG.jpg\" alt=\"\" class=\"wp-image-25142\" srcset=\"https:\/\/archfondas.lt\/wp-content\/uploads\/2023\/02\/1_ENG.jpg 1754w, https:\/\/archfondas.lt\/wp-content\/uploads\/2023\/02\/1_ENG-300x184.jpg 300w, https:\/\/archfondas.lt\/wp-content\/uploads\/2023\/02\/1_ENG-1024x628.jpg 1024w, https:\/\/archfondas.lt\/wp-content\/uploads\/2023\/02\/1_ENG-768x471.jpg 768w, https:\/\/archfondas.lt\/wp-content\/uploads\/2023\/02\/1_ENG-1536x942.jpg 1536w\" sizes=\"auto, (max-width: 1754px) 100vw, 1754px\" \/><\/figure>\n\n\n\n<p><em>why?_<\/em>the main goal is to return the dream to its rightful place in the public subconscious. to remove the veil of privacy from what used to be considered the defining aspect of human destiny. it is useful to delve into the practice of oneirocriticism: the surgically precise art of dream interpretation, which was studied, methodologically developed and perfected by, among others, the Ancient Greeks. Artemidorus, the most famous oneirocritic, said that dream interpretation is a necessary tool for an ordinary person to navigate through life, helping to make the right decisions and prepare for the future: both its good and tragic aspects<span class=\"footnote_referrer\"><a role=\"button\" tabindex=\"0\" onclick=\"footnote_moveToReference_25139_1('footnote_plugin_reference_25139_1_3');\" onkeypress=\"footnote_moveToReference_25139_1('footnote_plugin_reference_25139_1_3');\" ><sup id=\"footnote_plugin_tooltip_25139_1_3\" class=\"footnote_plugin_tooltip_text\">[3]<\/sup><\/a><span id=\"footnote_plugin_tooltip_text_25139_1_3\" class=\"footnote_tooltip\">Artemidorus, Thonemann, P., Hammond, M. The Interpretation of Dreams. Oxford: Oxford University Press, 2020.<\/span><\/span><script type=\"text\/javascript\"> jQuery('#footnote_plugin_tooltip_25139_1_3').tooltip({ tip: '#footnote_plugin_tooltip_text_25139_1_3', tipClass: 'footnote_tooltip', effect: 'fade', predelay: 0, fadeInSpeed: 200, delay: 400, fadeOutSpeed: 200, position: 'top center', relative: true, offset: [-7, 0], });<\/script>. the basis of the method he developed is the categorization of dreams, which allows to distinguish which nocturnal visions need to be interpreted, and which are just imitations of the dreamer&#8217;s conditions or everyday life, not loaded with any fateful message, warning or other noteworthy meaning (fig. 1). whether the work of Artemidorus is relevant for a modern person is questionable, but it is certainly interesting in what positions the dreamer and the events, characters and symbols generated by him are placed.<\/p>\n\n\n\n<figure class=\"wp-block-image size-full\"><img loading=\"lazy\" decoding=\"async\" width=\"1754\" height=\"1136\" src=\"https:\/\/www.archfondas.lt\/wp-content\/uploads\/2023\/02\/2.jpg\" alt=\"\" class=\"wp-image-25144\" srcset=\"https:\/\/archfondas.lt\/wp-content\/uploads\/2023\/02\/2.jpg 1754w, https:\/\/archfondas.lt\/wp-content\/uploads\/2023\/02\/2-300x194.jpg 300w, https:\/\/archfondas.lt\/wp-content\/uploads\/2023\/02\/2-1024x663.jpg 1024w, https:\/\/archfondas.lt\/wp-content\/uploads\/2023\/02\/2-768x497.jpg 768w, https:\/\/archfondas.lt\/wp-content\/uploads\/2023\/02\/2-1536x995.jpg 1536w\" sizes=\"auto, (max-width: 1754px) 100vw, 1754px\" \/><\/figure>\n\n\n\n<p><em>how?<\/em>_<em> <\/em>by<em> <\/em>turning the sharing of a dream into a habit: by normalizing the dream-telling sessions with a relative, a friend, a stranger or a community of dreamers; establishing a publicly accessible dream library and practicing collective dreaming including one (or several) of the four variables: space, imagination, body or subconscious (fig. 2) to investigate their effects on the sleep and dream experience.<\/p>\n\n\n\n<p><em>who?_ <\/em>the one who dreams (yes, sure, everyone dreams, but not everyone is able to remember). the project seeks to bring together a cult of dreamers, whose members would be determined to connect their body and subconsciousness into a common research organism, to experiment in the conditions of tangible reality for the sake of intangible reality. however, the main goal of the church of dreamers is to imprint a place for dreams in the agendas of civilized and capitalized individuals, to convince even those who claim not to dream to spend a few minutes in the morning celebrating their dreams.<\/p>\n\n\n\n<p>the practices that have taken place, are being carried out and have turned into short, adaptive scenarios. it is advised to treat all the listed elements of practices and rituals as variables, experiment with the conditions and document the experience. a basic questionnaire has been prepared to evaluate each ritual: it is advisable to expand or condense it for individual cases, to modify the questions and to act as flexibly as possible.<\/p>\n\n\n\n<p>scripts of said practices with accompanying material are provided in the following posts.<\/p>\n<div class=\"speaker-mute footnotes_reference_container\"> <div class=\"footnote_container_prepare\"><p><span role=\"button\" tabindex=\"0\" class=\"footnote_reference_container_label pointer\" onclick=\"footnote_expand_collapse_reference_container_25139_1();\">References<\/span><span role=\"button\" tabindex=\"0\" class=\"footnote_reference_container_collapse_button\" style=\"display: none;\" onclick=\"footnote_expand_collapse_reference_container_25139_1();\">[<a id=\"footnote_reference_container_collapse_button_25139_1\">+<\/a>]<\/span><\/p><\/div> <div id=\"footnote_references_container_25139_1\" style=\"\"><table class=\"footnotes_table footnote-reference-container\"><caption class=\"accessibility\">References<\/caption> <tbody> \r\n\r\n<tr class=\"footnotes_plugin_reference_row\"> <th scope=\"row\" id=\"footnote_plugin_reference_25139_1_1\" class=\"footnote_plugin_index pointer\" onclick=\"footnote_moveToAnchor_25139_1('footnote_plugin_tooltip_25139_1_1');\"><a role=\"button\" tabindex=\"0\" class=\"footnote_plugin_link\" ><span class=\"footnote_index_arrow\">&#8593;<\/span>1<\/a><\/th> <td class=\"footnote_plugin_text\">Jung, C. G. Collected Works of C.G. Jung, Volume 10: Civilization in Transition. Routledge and Kegan Paul, 1981<\/td><\/tr>\r\n\r\n<tr class=\"footnotes_plugin_reference_row\"> <th scope=\"row\" id=\"footnote_plugin_reference_25139_1_2\" class=\"footnote_plugin_index pointer\" onclick=\"footnote_moveToAnchor_25139_1('footnote_plugin_tooltip_25139_1_2');\"><a role=\"button\" tabindex=\"0\" class=\"footnote_plugin_link\" ><span class=\"footnote_index_arrow\">&#8593;<\/span>2<\/a><\/th> <td class=\"footnote_plugin_text\">Linklater, S. (2022) Understanding Aboriginal Dreaming. Artlandish Aboriginal Art. <span class=\"footnote_url_wrap\">https:\/\/www.aboriginal-art-australia.com\/aboriginal-art-library\/understanding-aboriginal-dreaming-and-the-dreamtime\/<\/span><\/td><\/tr>\r\n\r\n<tr class=\"footnotes_plugin_reference_row\"> <th scope=\"row\" id=\"footnote_plugin_reference_25139_1_3\" class=\"footnote_plugin_index pointer\" onclick=\"footnote_moveToAnchor_25139_1('footnote_plugin_tooltip_25139_1_3');\"><a role=\"button\" tabindex=\"0\" class=\"footnote_plugin_link\" ><span class=\"footnote_index_arrow\">&#8593;<\/span>3<\/a><\/th> <td class=\"footnote_plugin_text\">Artemidorus, Thonemann, P., Hammond, M. The Interpretation of Dreams. Oxford: Oxford University Press, 2020.<\/td><\/tr>\r\n\r\n <\/tbody> <\/table> <\/div><\/div><script type=\"text\/javascript\"> function footnote_expand_reference_container_25139_1() { jQuery('#footnote_references_container_25139_1').show(); jQuery('#footnote_reference_container_collapse_button_25139_1').text('\u2212'); } function footnote_collapse_reference_container_25139_1() { jQuery('#footnote_references_container_25139_1').hide(); jQuery('#footnote_reference_container_collapse_button_25139_1').text('+'); } function footnote_expand_collapse_reference_container_25139_1() { if (jQuery('#footnote_references_container_25139_1').is(':hidden')) { footnote_expand_reference_container_25139_1(); } else { footnote_collapse_reference_container_25139_1(); } } function footnote_moveToReference_25139_1(p_str_TargetID) { footnote_expand_reference_container_25139_1(); var l_obj_Target = jQuery('#' + p_str_TargetID); if (l_obj_Target.length) { jQuery( 'html, body' ).delay( 0 ); jQuery('html, body').animate({ scrollTop: l_obj_Target.offset().top - window.innerHeight * 0.2 }, 380); } } function footnote_moveToAnchor_25139_1(p_str_TargetID) { footnote_expand_reference_container_25139_1(); var l_obj_Target = jQuery('#' + p_str_TargetID); if (l_obj_Target.length) { jQuery( 'html, body' ).delay( 0 ); jQuery('html, body').animate({ scrollTop: l_obj_Target.offset().top - window.innerHeight * 0.2 }, 380); } }<\/script>","protected":false},"excerpt":{"rendered":"<p>in a spiritually rationalized and fully explained civilized world the dream is clearly separated from reality. Sigmund Freud should be thanked (or cursed) for such positioning of the dream: he pulled it out of oblivion, turned it into an object of psychoanalysis and at the same time established its human nature. a modern dream is [&hellip;]<\/p>\n","protected":false},"author":2,"featured_media":25148,"comment_status":"open","ping_status":"open","sticky":false,"template":"","format":"standard","meta":{"_acf_changed":false,"footnotes":""},"categories":[56],"tags":[],"class_list":["post-25139","post","type-post","status-publish","format-standard","has-post-thumbnail","hentry","category-content-en"],"acf":[],"yoast_head":"<!-- This site is optimized with the Yoast SEO plugin v24.1 - https:\/\/yoast.com\/wordpress\/plugins\/seo\/ -->\n<title>_private matter_ &#8211; Architekt\u016bros fondas<\/title>\n<meta name=\"robots\" content=\"index, follow, max-snippet:-1, max-image-preview:large, max-video-preview:-1\" \/>\n<link rel=\"canonical\" href=\"https:\/\/archfondas.lt\/en\/private-matter\/\" \/>\n<meta property=\"og:locale\" content=\"en_US\" \/>\n<meta property=\"og:type\" content=\"article\" \/>\n<meta property=\"og:title\" content=\"_private matter_ &#8211; Architekt\u016bros fondas\" \/>\n<meta property=\"og:description\" content=\"in a spiritually rationalized and fully explained civilized world the dream is clearly separated from reality. Sigmund Freud should be thanked (or cursed) for such positioning of the dream: he pulled it out of oblivion, turned it into an object of psychoanalysis and at the same time established its human nature. a modern dream is [&hellip;]\" \/>\n<meta property=\"og:url\" content=\"https:\/\/archfondas.lt\/en\/private-matter\/\" \/>\n<meta property=\"og:site_name\" content=\"Architekt\u016bros fondas\" \/>\n<meta property=\"article:publisher\" content=\"https:\/\/www.facebook.com\/archfondas\" \/>\n<meta property=\"article:published_time\" content=\"2023-02-17T15:50:50+00:00\" \/>\n<meta property=\"article:modified_time\" content=\"2023-03-31T10:36:54+00:00\" \/>\n<meta property=\"og:image\" content=\"https:\/\/archfondas.lt\/wp-content\/uploads\/2023\/02\/THE-CHURCH-OF-URBAN-DREAMERS-1-e1676649339467-1024x724.jpg\" \/>\n\t<meta property=\"og:image:width\" content=\"1024\" \/>\n\t<meta property=\"og:image:height\" content=\"724\" \/>\n\t<meta property=\"og:image:type\" content=\"image\/jpeg\" \/>\n<meta name=\"author\" content=\"vilius\" \/>\n<meta name=\"twitter:card\" content=\"summary_large_image\" \/>\n<meta name=\"twitter:creator\" content=\"@archfondas\" \/>\n<meta name=\"twitter:site\" content=\"@archfondas\" \/>\n<meta name=\"twitter:label1\" content=\"Written by\" \/>\n\t<meta name=\"twitter:data1\" content=\"vilius\" \/>\n\t<meta name=\"twitter:label2\" content=\"Est. reading time\" \/>\n\t<meta name=\"twitter:data2\" content=\"4 minutes\" \/>\n<script type=\"application\/ld+json\" class=\"yoast-schema-graph\">{\"@context\":\"https:\/\/schema.org\",\"@graph\":[{\"@type\":\"Article\",\"@id\":\"https:\/\/archfondas.lt\/en\/private-matter\/#article\",\"isPartOf\":{\"@id\":\"https:\/\/archfondas.lt\/en\/private-matter\/\"},\"author\":{\"name\":\"vilius\",\"@id\":\"https:\/\/archfondas.lt\/#\/schema\/person\/12c9a1d214305001c1474d1cddec95cb\"},\"headline\":\"_private matter_\",\"datePublished\":\"2023-02-17T15:50:50+00:00\",\"dateModified\":\"2023-03-31T10:36:54+00:00\",\"mainEntityOfPage\":{\"@id\":\"https:\/\/archfondas.lt\/en\/private-matter\/\"},\"wordCount\":891,\"commentCount\":0,\"publisher\":{\"@id\":\"https:\/\/archfondas.lt\/#organization\"},\"image\":{\"@id\":\"https:\/\/archfondas.lt\/en\/private-matter\/#primaryimage\"},\"thumbnailUrl\":\"https:\/\/archfondas.lt\/wp-content\/uploads\/2023\/02\/THE-CHURCH-OF-URBAN-DREAMERS-1-e1676649339467.jpg\",\"articleSection\":[\"Turinys\"],\"inLanguage\":\"en-US\",\"potentialAction\":[{\"@type\":\"CommentAction\",\"name\":\"Comment\",\"target\":[\"https:\/\/archfondas.lt\/en\/private-matter\/#respond\"]}]},{\"@type\":\"WebPage\",\"@id\":\"https:\/\/archfondas.lt\/en\/private-matter\/\",\"url\":\"https:\/\/archfondas.lt\/en\/private-matter\/\",\"name\":\"_private matter_ &#8211; Architekt\u016bros fondas\",\"isPartOf\":{\"@id\":\"https:\/\/archfondas.lt\/#website\"},\"primaryImageOfPage\":{\"@id\":\"https:\/\/archfondas.lt\/en\/private-matter\/#primaryimage\"},\"image\":{\"@id\":\"https:\/\/archfondas.lt\/en\/private-matter\/#primaryimage\"},\"thumbnailUrl\":\"https:\/\/archfondas.lt\/wp-content\/uploads\/2023\/02\/THE-CHURCH-OF-URBAN-DREAMERS-1-e1676649339467.jpg\",\"datePublished\":\"2023-02-17T15:50:50+00:00\",\"dateModified\":\"2023-03-31T10:36:54+00:00\",\"breadcrumb\":{\"@id\":\"https:\/\/archfondas.lt\/en\/private-matter\/#breadcrumb\"},\"inLanguage\":\"en-US\",\"potentialAction\":[{\"@type\":\"ReadAction\",\"target\":[\"https:\/\/archfondas.lt\/en\/private-matter\/\"]}]},{\"@type\":\"ImageObject\",\"inLanguage\":\"en-US\",\"@id\":\"https:\/\/archfondas.lt\/en\/private-matter\/#primaryimage\",\"url\":\"https:\/\/archfondas.lt\/wp-content\/uploads\/2023\/02\/THE-CHURCH-OF-URBAN-DREAMERS-1-e1676649339467.jpg\",\"contentUrl\":\"https:\/\/archfondas.lt\/wp-content\/uploads\/2023\/02\/THE-CHURCH-OF-URBAN-DREAMERS-1-e1676649339467.jpg\",\"width\":2480,\"height\":1754},{\"@type\":\"BreadcrumbList\",\"@id\":\"https:\/\/archfondas.lt\/en\/private-matter\/#breadcrumb\",\"itemListElement\":[{\"@type\":\"ListItem\",\"position\":1,\"name\":\"Home\",\"item\":\"https:\/\/archfondas.lt\/en\/\"},{\"@type\":\"ListItem\",\"position\":2,\"name\":\"_private matter_\"}]},{\"@type\":\"WebSite\",\"@id\":\"https:\/\/archfondas.lt\/#website\",\"url\":\"https:\/\/archfondas.lt\/\",\"name\":\"Architekt\u016bros fondas\",\"description\":\"Mes esame nevyriausybin\u0117, pelno nesiekianti organizacija kurianti bei puosel\u0117janti architekt\u016bros kult\u016br\u0105.\",\"publisher\":{\"@id\":\"https:\/\/archfondas.lt\/#organization\"},\"potentialAction\":[{\"@type\":\"SearchAction\",\"target\":{\"@type\":\"EntryPoint\",\"urlTemplate\":\"https:\/\/archfondas.lt\/?s={search_term_string}\"},\"query-input\":{\"@type\":\"PropertyValueSpecification\",\"valueRequired\":true,\"valueName\":\"search_term_string\"}}],\"inLanguage\":\"en-US\"},{\"@type\":\"Organization\",\"@id\":\"https:\/\/archfondas.lt\/#organization\",\"name\":\"Architekt\u016bros fondas\",\"url\":\"https:\/\/archfondas.lt\/\",\"logo\":{\"@type\":\"ImageObject\",\"inLanguage\":\"en-US\",\"@id\":\"https:\/\/archfondas.lt\/#\/schema\/logo\/image\/\",\"url\":\"https:\/\/archfondas.lt\/wp-content\/uploads\/2023\/04\/archfondas-logo.svg\",\"contentUrl\":\"https:\/\/archfondas.lt\/wp-content\/uploads\/2023\/04\/archfondas-logo.svg\",\"width\":483,\"height\":124,\"caption\":\"Architekt\u016bros fondas\"},\"image\":{\"@id\":\"https:\/\/archfondas.lt\/#\/schema\/logo\/image\/\"},\"sameAs\":[\"https:\/\/www.facebook.com\/archfondas\",\"https:\/\/x.com\/archfondas\"]},{\"@type\":\"Person\",\"@id\":\"https:\/\/archfondas.lt\/#\/schema\/person\/12c9a1d214305001c1474d1cddec95cb\",\"name\":\"vilius\",\"image\":{\"@type\":\"ImageObject\",\"inLanguage\":\"en-US\",\"@id\":\"https:\/\/archfondas.lt\/#\/schema\/person\/image\/\",\"url\":\"https:\/\/secure.gravatar.com\/avatar\/29fe3433859d6bb7356cd673e2da7c8b?s=96&d=mm&r=g\",\"contentUrl\":\"https:\/\/secure.gravatar.com\/avatar\/29fe3433859d6bb7356cd673e2da7c8b?s=96&d=mm&r=g\",\"caption\":\"vilius\"},\"url\":\"https:\/\/archfondas.lt\/en\/author\/vilius\/\"}]}<\/script>\n<!-- \/ Yoast SEO plugin. -->","yoast_head_json":{"title":"_private matter_ &#8211; Architekt\u016bros fondas","robots":{"index":"index","follow":"follow","max-snippet":"max-snippet:-1","max-image-preview":"max-image-preview:large","max-video-preview":"max-video-preview:-1"},"canonical":"https:\/\/archfondas.lt\/en\/private-matter\/","og_locale":"en_US","og_type":"article","og_title":"_private matter_ &#8211; Architekt\u016bros fondas","og_description":"in a spiritually rationalized and fully explained civilized world the dream is clearly separated from reality. Sigmund Freud should be thanked (or cursed) for such positioning of the dream: he pulled it out of oblivion, turned it into an object of psychoanalysis and at the same time established its human nature. a modern dream is [&hellip;]","og_url":"https:\/\/archfondas.lt\/en\/private-matter\/","og_site_name":"Architekt\u016bros fondas","article_publisher":"https:\/\/www.facebook.com\/archfondas","article_published_time":"2023-02-17T15:50:50+00:00","article_modified_time":"2023-03-31T10:36:54+00:00","og_image":[{"width":1024,"height":724,"url":"https:\/\/archfondas.lt\/wp-content\/uploads\/2023\/02\/THE-CHURCH-OF-URBAN-DREAMERS-1-e1676649339467-1024x724.jpg","type":"image\/jpeg"}],"author":"vilius","twitter_card":"summary_large_image","twitter_creator":"@archfondas","twitter_site":"@archfondas","twitter_misc":{"Written by":"vilius","Est. reading time":"4 minutes"},"schema":{"@context":"https:\/\/schema.org","@graph":[{"@type":"Article","@id":"https:\/\/archfondas.lt\/en\/private-matter\/#article","isPartOf":{"@id":"https:\/\/archfondas.lt\/en\/private-matter\/"},"author":{"name":"vilius","@id":"https:\/\/archfondas.lt\/#\/schema\/person\/12c9a1d214305001c1474d1cddec95cb"},"headline":"_private matter_","datePublished":"2023-02-17T15:50:50+00:00","dateModified":"2023-03-31T10:36:54+00:00","mainEntityOfPage":{"@id":"https:\/\/archfondas.lt\/en\/private-matter\/"},"wordCount":891,"commentCount":0,"publisher":{"@id":"https:\/\/archfondas.lt\/#organization"},"image":{"@id":"https:\/\/archfondas.lt\/en\/private-matter\/#primaryimage"},"thumbnailUrl":"https:\/\/archfondas.lt\/wp-content\/uploads\/2023\/02\/THE-CHURCH-OF-URBAN-DREAMERS-1-e1676649339467.jpg","articleSection":["Turinys"],"inLanguage":"en-US","potentialAction":[{"@type":"CommentAction","name":"Comment","target":["https:\/\/archfondas.lt\/en\/private-matter\/#respond"]}]},{"@type":"WebPage","@id":"https:\/\/archfondas.lt\/en\/private-matter\/","url":"https:\/\/archfondas.lt\/en\/private-matter\/","name":"_private matter_ &#8211; Architekt\u016bros fondas","isPartOf":{"@id":"https:\/\/archfondas.lt\/#website"},"primaryImageOfPage":{"@id":"https:\/\/archfondas.lt\/en\/private-matter\/#primaryimage"},"image":{"@id":"https:\/\/archfondas.lt\/en\/private-matter\/#primaryimage"},"thumbnailUrl":"https:\/\/archfondas.lt\/wp-content\/uploads\/2023\/02\/THE-CHURCH-OF-URBAN-DREAMERS-1-e1676649339467.jpg","datePublished":"2023-02-17T15:50:50+00:00","dateModified":"2023-03-31T10:36:54+00:00","breadcrumb":{"@id":"https:\/\/archfondas.lt\/en\/private-matter\/#breadcrumb"},"inLanguage":"en-US","potentialAction":[{"@type":"ReadAction","target":["https:\/\/archfondas.lt\/en\/private-matter\/"]}]},{"@type":"ImageObject","inLanguage":"en-US","@id":"https:\/\/archfondas.lt\/en\/private-matter\/#primaryimage","url":"https:\/\/archfondas.lt\/wp-content\/uploads\/2023\/02\/THE-CHURCH-OF-URBAN-DREAMERS-1-e1676649339467.jpg","contentUrl":"https:\/\/archfondas.lt\/wp-content\/uploads\/2023\/02\/THE-CHURCH-OF-URBAN-DREAMERS-1-e1676649339467.jpg","width":2480,"height":1754},{"@type":"BreadcrumbList","@id":"https:\/\/archfondas.lt\/en\/private-matter\/#breadcrumb","itemListElement":[{"@type":"ListItem","position":1,"name":"Home","item":"https:\/\/archfondas.lt\/en\/"},{"@type":"ListItem","position":2,"name":"_private matter_"}]},{"@type":"WebSite","@id":"https:\/\/archfondas.lt\/#website","url":"https:\/\/archfondas.lt\/","name":"Architekt\u016bros fondas","description":"Mes esame nevyriausybin\u0117, pelno nesiekianti organizacija kurianti bei puosel\u0117janti architekt\u016bros kult\u016br\u0105.","publisher":{"@id":"https:\/\/archfondas.lt\/#organization"},"potentialAction":[{"@type":"SearchAction","target":{"@type":"EntryPoint","urlTemplate":"https:\/\/archfondas.lt\/?s={search_term_string}"},"query-input":{"@type":"PropertyValueSpecification","valueRequired":true,"valueName":"search_term_string"}}],"inLanguage":"en-US"},{"@type":"Organization","@id":"https:\/\/archfondas.lt\/#organization","name":"Architekt\u016bros fondas","url":"https:\/\/archfondas.lt\/","logo":{"@type":"ImageObject","inLanguage":"en-US","@id":"https:\/\/archfondas.lt\/#\/schema\/logo\/image\/","url":"https:\/\/archfondas.lt\/wp-content\/uploads\/2023\/04\/archfondas-logo.svg","contentUrl":"https:\/\/archfondas.lt\/wp-content\/uploads\/2023\/04\/archfondas-logo.svg","width":483,"height":124,"caption":"Architekt\u016bros fondas"},"image":{"@id":"https:\/\/archfondas.lt\/#\/schema\/logo\/image\/"},"sameAs":["https:\/\/www.facebook.com\/archfondas","https:\/\/x.com\/archfondas"]},{"@type":"Person","@id":"https:\/\/archfondas.lt\/#\/schema\/person\/12c9a1d214305001c1474d1cddec95cb","name":"vilius","image":{"@type":"ImageObject","inLanguage":"en-US","@id":"https:\/\/archfondas.lt\/#\/schema\/person\/image\/","url":"https:\/\/secure.gravatar.com\/avatar\/29fe3433859d6bb7356cd673e2da7c8b?s=96&d=mm&r=g","contentUrl":"https:\/\/secure.gravatar.com\/avatar\/29fe3433859d6bb7356cd673e2da7c8b?s=96&d=mm&r=g","caption":"vilius"},"url":"https:\/\/archfondas.lt\/en\/author\/vilius\/"}]}},"_links":{"self":[{"href":"https:\/\/archfondas.lt\/en\/wp-json\/wp\/v2\/posts\/25139","targetHints":{"allow":["GET"]}}],"collection":[{"href":"https:\/\/archfondas.lt\/en\/wp-json\/wp\/v2\/posts"}],"about":[{"href":"https:\/\/archfondas.lt\/en\/wp-json\/wp\/v2\/types\/post"}],"author":[{"embeddable":true,"href":"https:\/\/archfondas.lt\/en\/wp-json\/wp\/v2\/users\/2"}],"replies":[{"embeddable":true,"href":"https:\/\/archfondas.lt\/en\/wp-json\/wp\/v2\/comments?post=25139"}],"version-history":[{"count":5,"href":"https:\/\/archfondas.lt\/en\/wp-json\/wp\/v2\/posts\/25139\/revisions"}],"predecessor-version":[{"id":25430,"href":"https:\/\/archfondas.lt\/en\/wp-json\/wp\/v2\/posts\/25139\/revisions\/25430"}],"wp:featuredmedia":[{"embeddable":true,"href":"https:\/\/archfondas.lt\/en\/wp-json\/wp\/v2\/media\/25148"}],"wp:attachment":[{"href":"https:\/\/archfondas.lt\/en\/wp-json\/wp\/v2\/media?parent=25139"}],"wp:term":[{"taxonomy":"category","embeddable":true,"href":"https:\/\/archfondas.lt\/en\/wp-json\/wp\/v2\/categories?post=25139"},{"taxonomy":"post_tag","embeddable":true,"href":"https:\/\/archfondas.lt\/en\/wp-json\/wp\/v2\/tags?post=25139"}],"curies":[{"name":"wp","href":"https:\/\/api.w.org\/{rel}","templated":true}]}}