{"id":25769,"date":"2023-04-23T15:11:39","date_gmt":"2023-04-23T12:11:39","guid":{"rendered":"https:\/\/www.archfondas.lt\/viktoras-bachmetjevas-kiek-virtuali-yra-realybe\/"},"modified":"2023-04-23T15:44:47","modified_gmt":"2023-04-23T12:44:47","slug":"viktoras-bachmetjevas-how-virtual-is-reality","status":"publish","type":"post","link":"https:\/\/archfondas.lt\/en\/viktoras-bachmetjevas-how-virtual-is-reality\/","title":{"rendered":"Viktoras Bachmetjevas &#8220;How virtual is reality?&#8221;"},"content":{"rendered":"\n<figure class=\"wp-block-embed is-type-video is-provider-youtube wp-block-embed-youtube wp-embed-aspect-16-9 wp-has-aspect-ratio\"><div class=\"wp-block-embed__wrapper\">\n<iframe loading=\"lazy\" title=\"Viktoras Bachmetjevas | Kiek virtuali yra realyb\u0117? | #30\" width=\"500\" height=\"281\" src=\"https:\/\/www.youtube.com\/embed\/UJTrWx2C9_4?feature=oembed\" frameborder=\"0\" allow=\"accelerometer; autoplay; clipboard-write; encrypted-media; gyroscope; picture-in-picture; web-share\" referrerpolicy=\"strict-origin-when-cross-origin\" allowfullscreen><\/iframe>\n<\/div><\/figure>\n\n\n\n<h4 class=\"wp-block-heading\">WHY THE TALK IS INSPIRING?<\/h4>\n\n\n\n<p>There are legitimate reasons for concern about human immersion in digital environments, the artificial character of virtual reality, and the unauthentic presence and relationships that result. However, these concerns often lead to a juxtaposition of virtual reality as fake and actual reality as real. Proceeding from the work of philosopher Henri Bergson, this talk will argue that this opposition is incorrect and gives us a distorted understanding of what is virtual and what is real.<\/p>\n\n\n\n<hr class=\"wp-block-separator has-alpha-channel-opacity\"\/>\n\n\n\n<h4 class=\"wp-block-heading\">Recommended book<\/h4>\n\n\n\n<figure class=\"wp-block-image size-full is-resized\"><img loading=\"lazy\" decoding=\"async\" src=\"https:\/\/www.archfondas.lt\/wp-content\/uploads\/2023\/04\/Viktoras-Bachmetjevas-vizualai-knygos-nuotrauka-620x1024-1.jpg\" alt=\"\" class=\"wp-image-25763\" width=\"300\" height=\"496\" srcset=\"https:\/\/archfondas.lt\/wp-content\/uploads\/2023\/04\/Viktoras-Bachmetjevas-vizualai-knygos-nuotrauka-620x1024-1.jpg 620w, https:\/\/archfondas.lt\/wp-content\/uploads\/2023\/04\/Viktoras-Bachmetjevas-vizualai-knygos-nuotrauka-620x1024-1-182x300.jpg 182w\" sizes=\"auto, (max-width: 300px) 100vw, 300px\" \/><\/figure>\n\n\n\n<h2 class=\"wp-block-heading\">MATI\u00c8RE ET M\u00c9MOIRE<\/h2>\n\n\n\n<h3 class=\"wp-block-heading\">Henri Bergson<\/h3>\n\n\n\n<p>A book that welcomes us back to total materiality and then re-creates a new immaterial world seemingly from scratch. A strangely sobering and at the same time intoxicating book.<\/p>\n","protected":false},"excerpt":{"rendered":"<p>WHY THE TALK IS INSPIRING? There are legitimate reasons for concern about human immersion in digital environments, the artificial character of virtual reality, and the unauthentic presence and relationships that result. However, these concerns often lead to a juxtaposition of virtual reality as fake and actual reality as real. Proceeding from the work of philosopher [&hellip;]<\/p>\n","protected":false},"author":2,"featured_media":25766,"comment_status":"open","ping_status":"open","sticky":false,"template":"","format":"standard","meta":{"_acf_changed":false,"footnotes":""},"categories":[56],"tags":[],"class_list":["post-25769","post","type-post","status-publish","format-standard","has-post-thumbnail","hentry","category-content-en"],"acf":[],"yoast_head":"<!-- This site is optimized with the Yoast SEO plugin v24.1 - https:\/\/yoast.com\/wordpress\/plugins\/seo\/ -->\n<title>Viktoras Bachmetjevas &quot;How virtual is reality?&quot; &#8211; Architekt\u016bros fondas<\/title>\n<meta name=\"robots\" content=\"index, follow, max-snippet:-1, max-image-preview:large, max-video-preview:-1\" \/>\n<link rel=\"canonical\" href=\"https:\/\/archfondas.lt\/en\/viktoras-bachmetjevas-how-virtual-is-reality\/\" \/>\n<meta property=\"og:locale\" content=\"en_US\" \/>\n<meta property=\"og:type\" content=\"article\" \/>\n<meta property=\"og:title\" content=\"Viktoras Bachmetjevas &quot;How virtual is reality?&quot; &#8211; Architekt\u016bros fondas\" \/>\n<meta property=\"og:description\" content=\"WHY THE TALK IS INSPIRING? There are legitimate reasons for concern about human immersion in digital environments, the artificial character of virtual reality, and the unauthentic presence and relationships that result. However, these concerns often lead to a juxtaposition of virtual reality as fake and actual reality as real. Proceeding from the work of philosopher [&hellip;]\" \/>\n<meta property=\"og:url\" content=\"https:\/\/archfondas.lt\/en\/viktoras-bachmetjevas-how-virtual-is-reality\/\" \/>\n<meta property=\"og:site_name\" content=\"Architekt\u016bros fondas\" \/>\n<meta property=\"article:publisher\" content=\"https:\/\/www.facebook.com\/archfondas\" \/>\n<meta property=\"article:published_time\" content=\"2023-04-23T12:11:39+00:00\" \/>\n<meta property=\"article:modified_time\" content=\"2023-04-23T12:44:47+00:00\" \/>\n<meta property=\"og:image\" content=\"https:\/\/archfondas.lt\/wp-content\/uploads\/2023\/04\/Viktoras-Bachmetjevas-vizualai-paskaitos-nuotrauka-Adomas-Zudys-768x682-1.png\" \/>\n\t<meta property=\"og:image:width\" content=\"768\" \/>\n\t<meta property=\"og:image:height\" content=\"682\" \/>\n\t<meta property=\"og:image:type\" content=\"image\/png\" \/>\n<meta name=\"author\" content=\"vilius\" \/>\n<meta name=\"twitter:card\" content=\"summary_large_image\" \/>\n<meta name=\"twitter:creator\" content=\"@archfondas\" \/>\n<meta name=\"twitter:site\" content=\"@archfondas\" \/>\n<meta name=\"twitter:label1\" content=\"Written by\" \/>\n\t<meta name=\"twitter:data1\" content=\"vilius\" \/>\n\t<meta name=\"twitter:label2\" content=\"Est. reading time\" \/>\n\t<meta name=\"twitter:data2\" content=\"1 minute\" \/>\n<script type=\"application\/ld+json\" class=\"yoast-schema-graph\">{\"@context\":\"https:\/\/schema.org\",\"@graph\":[{\"@type\":\"Article\",\"@id\":\"https:\/\/archfondas.lt\/en\/viktoras-bachmetjevas-how-virtual-is-reality\/#article\",\"isPartOf\":{\"@id\":\"https:\/\/archfondas.lt\/en\/viktoras-bachmetjevas-how-virtual-is-reality\/\"},\"author\":{\"name\":\"vilius\",\"@id\":\"https:\/\/archfondas.lt\/#\/schema\/person\/12c9a1d214305001c1474d1cddec95cb\"},\"headline\":\"Viktoras Bachmetjevas &#8220;How virtual is reality?&#8221;\",\"datePublished\":\"2023-04-23T12:11:39+00:00\",\"dateModified\":\"2023-04-23T12:44:47+00:00\",\"mainEntityOfPage\":{\"@id\":\"https:\/\/archfondas.lt\/en\/viktoras-bachmetjevas-how-virtual-is-reality\/\"},\"wordCount\":132,\"commentCount\":0,\"publisher\":{\"@id\":\"https:\/\/archfondas.lt\/#organization\"},\"image\":{\"@id\":\"https:\/\/archfondas.lt\/en\/viktoras-bachmetjevas-how-virtual-is-reality\/#primaryimage\"},\"thumbnailUrl\":\"https:\/\/archfondas.lt\/wp-content\/uploads\/2023\/04\/Viktoras-Bachmetjevas-vizualai-paskaitos-nuotrauka-Adomas-Zudys-768x682-1.png\",\"articleSection\":[\"Turinys\"],\"inLanguage\":\"en-US\",\"potentialAction\":[{\"@type\":\"CommentAction\",\"name\":\"Comment\",\"target\":[\"https:\/\/archfondas.lt\/en\/viktoras-bachmetjevas-how-virtual-is-reality\/#respond\"]}]},{\"@type\":\"WebPage\",\"@id\":\"https:\/\/archfondas.lt\/en\/viktoras-bachmetjevas-how-virtual-is-reality\/\",\"url\":\"https:\/\/archfondas.lt\/en\/viktoras-bachmetjevas-how-virtual-is-reality\/\",\"name\":\"Viktoras Bachmetjevas \\\"How virtual is reality?\\\" &#8211; Architekt\u016bros fondas\",\"isPartOf\":{\"@id\":\"https:\/\/archfondas.lt\/#website\"},\"primaryImageOfPage\":{\"@id\":\"https:\/\/archfondas.lt\/en\/viktoras-bachmetjevas-how-virtual-is-reality\/#primaryimage\"},\"image\":{\"@id\":\"https:\/\/archfondas.lt\/en\/viktoras-bachmetjevas-how-virtual-is-reality\/#primaryimage\"},\"thumbnailUrl\":\"https:\/\/archfondas.lt\/wp-content\/uploads\/2023\/04\/Viktoras-Bachmetjevas-vizualai-paskaitos-nuotrauka-Adomas-Zudys-768x682-1.png\",\"datePublished\":\"2023-04-23T12:11:39+00:00\",\"dateModified\":\"2023-04-23T12:44:47+00:00\",\"breadcrumb\":{\"@id\":\"https:\/\/archfondas.lt\/en\/viktoras-bachmetjevas-how-virtual-is-reality\/#breadcrumb\"},\"inLanguage\":\"en-US\",\"potentialAction\":[{\"@type\":\"ReadAction\",\"target\":[\"https:\/\/archfondas.lt\/en\/viktoras-bachmetjevas-how-virtual-is-reality\/\"]}]},{\"@type\":\"ImageObject\",\"inLanguage\":\"en-US\",\"@id\":\"https:\/\/archfondas.lt\/en\/viktoras-bachmetjevas-how-virtual-is-reality\/#primaryimage\",\"url\":\"https:\/\/archfondas.lt\/wp-content\/uploads\/2023\/04\/Viktoras-Bachmetjevas-vizualai-paskaitos-nuotrauka-Adomas-Zudys-768x682-1.png\",\"contentUrl\":\"https:\/\/archfondas.lt\/wp-content\/uploads\/2023\/04\/Viktoras-Bachmetjevas-vizualai-paskaitos-nuotrauka-Adomas-Zudys-768x682-1.png\",\"width\":768,\"height\":682,\"caption\":\"Illustration author Adomas \u017dudys\"},{\"@type\":\"BreadcrumbList\",\"@id\":\"https:\/\/archfondas.lt\/en\/viktoras-bachmetjevas-how-virtual-is-reality\/#breadcrumb\",\"itemListElement\":[{\"@type\":\"ListItem\",\"position\":1,\"name\":\"Home\",\"item\":\"https:\/\/archfondas.lt\/en\/\"},{\"@type\":\"ListItem\",\"position\":2,\"name\":\"Viktoras Bachmetjevas &#8220;How virtual is reality?&#8221;\"}]},{\"@type\":\"WebSite\",\"@id\":\"https:\/\/archfondas.lt\/#website\",\"url\":\"https:\/\/archfondas.lt\/\",\"name\":\"Architekt\u016bros fondas\",\"description\":\"Mes esame nevyriausybin\u0117, pelno nesiekianti organizacija kurianti bei puosel\u0117janti architekt\u016bros kult\u016br\u0105.\",\"publisher\":{\"@id\":\"https:\/\/archfondas.lt\/#organization\"},\"potentialAction\":[{\"@type\":\"SearchAction\",\"target\":{\"@type\":\"EntryPoint\",\"urlTemplate\":\"https:\/\/archfondas.lt\/?s={search_term_string}\"},\"query-input\":{\"@type\":\"PropertyValueSpecification\",\"valueRequired\":true,\"valueName\":\"search_term_string\"}}],\"inLanguage\":\"en-US\"},{\"@type\":\"Organization\",\"@id\":\"https:\/\/archfondas.lt\/#organization\",\"name\":\"Architekt\u016bros fondas\",\"url\":\"https:\/\/archfondas.lt\/\",\"logo\":{\"@type\":\"ImageObject\",\"inLanguage\":\"en-US\",\"@id\":\"https:\/\/archfondas.lt\/#\/schema\/logo\/image\/\",\"url\":\"https:\/\/archfondas.lt\/wp-content\/uploads\/2023\/04\/archfondas-logo.svg\",\"contentUrl\":\"https:\/\/archfondas.lt\/wp-content\/uploads\/2023\/04\/archfondas-logo.svg\",\"width\":483,\"height\":124,\"caption\":\"Architekt\u016bros fondas\"},\"image\":{\"@id\":\"https:\/\/archfondas.lt\/#\/schema\/logo\/image\/\"},\"sameAs\":[\"https:\/\/www.facebook.com\/archfondas\",\"https:\/\/x.com\/archfondas\"]},{\"@type\":\"Person\",\"@id\":\"https:\/\/archfondas.lt\/#\/schema\/person\/12c9a1d214305001c1474d1cddec95cb\",\"name\":\"vilius\",\"image\":{\"@type\":\"ImageObject\",\"inLanguage\":\"en-US\",\"@id\":\"https:\/\/archfondas.lt\/#\/schema\/person\/image\/\",\"url\":\"https:\/\/secure.gravatar.com\/avatar\/29fe3433859d6bb7356cd673e2da7c8b?s=96&d=mm&r=g\",\"contentUrl\":\"https:\/\/secure.gravatar.com\/avatar\/29fe3433859d6bb7356cd673e2da7c8b?s=96&d=mm&r=g\",\"caption\":\"vilius\"},\"url\":\"https:\/\/archfondas.lt\/en\/author\/vilius\/\"}]}<\/script>\n<!-- \/ Yoast SEO plugin. -->","yoast_head_json":{"title":"Viktoras Bachmetjevas \"How virtual is reality?\" &#8211; Architekt\u016bros fondas","robots":{"index":"index","follow":"follow","max-snippet":"max-snippet:-1","max-image-preview":"max-image-preview:large","max-video-preview":"max-video-preview:-1"},"canonical":"https:\/\/archfondas.lt\/en\/viktoras-bachmetjevas-how-virtual-is-reality\/","og_locale":"en_US","og_type":"article","og_title":"Viktoras Bachmetjevas \"How virtual is reality?\" &#8211; Architekt\u016bros fondas","og_description":"WHY THE TALK IS INSPIRING? There are legitimate reasons for concern about human immersion in digital environments, the artificial character of virtual reality, and the unauthentic presence and relationships that result. However, these concerns often lead to a juxtaposition of virtual reality as fake and actual reality as real. Proceeding from the work of philosopher [&hellip;]","og_url":"https:\/\/archfondas.lt\/en\/viktoras-bachmetjevas-how-virtual-is-reality\/","og_site_name":"Architekt\u016bros fondas","article_publisher":"https:\/\/www.facebook.com\/archfondas","article_published_time":"2023-04-23T12:11:39+00:00","article_modified_time":"2023-04-23T12:44:47+00:00","og_image":[{"width":768,"height":682,"url":"https:\/\/archfondas.lt\/wp-content\/uploads\/2023\/04\/Viktoras-Bachmetjevas-vizualai-paskaitos-nuotrauka-Adomas-Zudys-768x682-1.png","type":"image\/png"}],"author":"vilius","twitter_card":"summary_large_image","twitter_creator":"@archfondas","twitter_site":"@archfondas","twitter_misc":{"Written by":"vilius","Est. reading time":"1 minute"},"schema":{"@context":"https:\/\/schema.org","@graph":[{"@type":"Article","@id":"https:\/\/archfondas.lt\/en\/viktoras-bachmetjevas-how-virtual-is-reality\/#article","isPartOf":{"@id":"https:\/\/archfondas.lt\/en\/viktoras-bachmetjevas-how-virtual-is-reality\/"},"author":{"name":"vilius","@id":"https:\/\/archfondas.lt\/#\/schema\/person\/12c9a1d214305001c1474d1cddec95cb"},"headline":"Viktoras Bachmetjevas &#8220;How virtual is reality?&#8221;","datePublished":"2023-04-23T12:11:39+00:00","dateModified":"2023-04-23T12:44:47+00:00","mainEntityOfPage":{"@id":"https:\/\/archfondas.lt\/en\/viktoras-bachmetjevas-how-virtual-is-reality\/"},"wordCount":132,"commentCount":0,"publisher":{"@id":"https:\/\/archfondas.lt\/#organization"},"image":{"@id":"https:\/\/archfondas.lt\/en\/viktoras-bachmetjevas-how-virtual-is-reality\/#primaryimage"},"thumbnailUrl":"https:\/\/archfondas.lt\/wp-content\/uploads\/2023\/04\/Viktoras-Bachmetjevas-vizualai-paskaitos-nuotrauka-Adomas-Zudys-768x682-1.png","articleSection":["Turinys"],"inLanguage":"en-US","potentialAction":[{"@type":"CommentAction","name":"Comment","target":["https:\/\/archfondas.lt\/en\/viktoras-bachmetjevas-how-virtual-is-reality\/#respond"]}]},{"@type":"WebPage","@id":"https:\/\/archfondas.lt\/en\/viktoras-bachmetjevas-how-virtual-is-reality\/","url":"https:\/\/archfondas.lt\/en\/viktoras-bachmetjevas-how-virtual-is-reality\/","name":"Viktoras Bachmetjevas \"How virtual is reality?\" &#8211; Architekt\u016bros fondas","isPartOf":{"@id":"https:\/\/archfondas.lt\/#website"},"primaryImageOfPage":{"@id":"https:\/\/archfondas.lt\/en\/viktoras-bachmetjevas-how-virtual-is-reality\/#primaryimage"},"image":{"@id":"https:\/\/archfondas.lt\/en\/viktoras-bachmetjevas-how-virtual-is-reality\/#primaryimage"},"thumbnailUrl":"https:\/\/archfondas.lt\/wp-content\/uploads\/2023\/04\/Viktoras-Bachmetjevas-vizualai-paskaitos-nuotrauka-Adomas-Zudys-768x682-1.png","datePublished":"2023-04-23T12:11:39+00:00","dateModified":"2023-04-23T12:44:47+00:00","breadcrumb":{"@id":"https:\/\/archfondas.lt\/en\/viktoras-bachmetjevas-how-virtual-is-reality\/#breadcrumb"},"inLanguage":"en-US","potentialAction":[{"@type":"ReadAction","target":["https:\/\/archfondas.lt\/en\/viktoras-bachmetjevas-how-virtual-is-reality\/"]}]},{"@type":"ImageObject","inLanguage":"en-US","@id":"https:\/\/archfondas.lt\/en\/viktoras-bachmetjevas-how-virtual-is-reality\/#primaryimage","url":"https:\/\/archfondas.lt\/wp-content\/uploads\/2023\/04\/Viktoras-Bachmetjevas-vizualai-paskaitos-nuotrauka-Adomas-Zudys-768x682-1.png","contentUrl":"https:\/\/archfondas.lt\/wp-content\/uploads\/2023\/04\/Viktoras-Bachmetjevas-vizualai-paskaitos-nuotrauka-Adomas-Zudys-768x682-1.png","width":768,"height":682,"caption":"Illustration author Adomas \u017dudys"},{"@type":"BreadcrumbList","@id":"https:\/\/archfondas.lt\/en\/viktoras-bachmetjevas-how-virtual-is-reality\/#breadcrumb","itemListElement":[{"@type":"ListItem","position":1,"name":"Home","item":"https:\/\/archfondas.lt\/en\/"},{"@type":"ListItem","position":2,"name":"Viktoras Bachmetjevas &#8220;How virtual is reality?&#8221;"}]},{"@type":"WebSite","@id":"https:\/\/archfondas.lt\/#website","url":"https:\/\/archfondas.lt\/","name":"Architekt\u016bros fondas","description":"Mes esame nevyriausybin\u0117, pelno nesiekianti organizacija kurianti bei puosel\u0117janti architekt\u016bros kult\u016br\u0105.","publisher":{"@id":"https:\/\/archfondas.lt\/#organization"},"potentialAction":[{"@type":"SearchAction","target":{"@type":"EntryPoint","urlTemplate":"https:\/\/archfondas.lt\/?s={search_term_string}"},"query-input":{"@type":"PropertyValueSpecification","valueRequired":true,"valueName":"search_term_string"}}],"inLanguage":"en-US"},{"@type":"Organization","@id":"https:\/\/archfondas.lt\/#organization","name":"Architekt\u016bros fondas","url":"https:\/\/archfondas.lt\/","logo":{"@type":"ImageObject","inLanguage":"en-US","@id":"https:\/\/archfondas.lt\/#\/schema\/logo\/image\/","url":"https:\/\/archfondas.lt\/wp-content\/uploads\/2023\/04\/archfondas-logo.svg","contentUrl":"https:\/\/archfondas.lt\/wp-content\/uploads\/2023\/04\/archfondas-logo.svg","width":483,"height":124,"caption":"Architekt\u016bros fondas"},"image":{"@id":"https:\/\/archfondas.lt\/#\/schema\/logo\/image\/"},"sameAs":["https:\/\/www.facebook.com\/archfondas","https:\/\/x.com\/archfondas"]},{"@type":"Person","@id":"https:\/\/archfondas.lt\/#\/schema\/person\/12c9a1d214305001c1474d1cddec95cb","name":"vilius","image":{"@type":"ImageObject","inLanguage":"en-US","@id":"https:\/\/archfondas.lt\/#\/schema\/person\/image\/","url":"https:\/\/secure.gravatar.com\/avatar\/29fe3433859d6bb7356cd673e2da7c8b?s=96&d=mm&r=g","contentUrl":"https:\/\/secure.gravatar.com\/avatar\/29fe3433859d6bb7356cd673e2da7c8b?s=96&d=mm&r=g","caption":"vilius"},"url":"https:\/\/archfondas.lt\/en\/author\/vilius\/"}]}},"_links":{"self":[{"href":"https:\/\/archfondas.lt\/en\/wp-json\/wp\/v2\/posts\/25769","targetHints":{"allow":["GET"]}}],"collection":[{"href":"https:\/\/archfondas.lt\/en\/wp-json\/wp\/v2\/posts"}],"about":[{"href":"https:\/\/archfondas.lt\/en\/wp-json\/wp\/v2\/types\/post"}],"author":[{"embeddable":true,"href":"https:\/\/archfondas.lt\/en\/wp-json\/wp\/v2\/users\/2"}],"replies":[{"embeddable":true,"href":"https:\/\/archfondas.lt\/en\/wp-json\/wp\/v2\/comments?post=25769"}],"version-history":[{"count":3,"href":"https:\/\/archfondas.lt\/en\/wp-json\/wp\/v2\/posts\/25769\/revisions"}],"predecessor-version":[{"id":25772,"href":"https:\/\/archfondas.lt\/en\/wp-json\/wp\/v2\/posts\/25769\/revisions\/25772"}],"wp:featuredmedia":[{"embeddable":true,"href":"https:\/\/archfondas.lt\/en\/wp-json\/wp\/v2\/media\/25766"}],"wp:attachment":[{"href":"https:\/\/archfondas.lt\/en\/wp-json\/wp\/v2\/media?parent=25769"}],"wp:term":[{"taxonomy":"category","embeddable":true,"href":"https:\/\/archfondas.lt\/en\/wp-json\/wp\/v2\/categories?post=25769"},{"taxonomy":"post_tag","embeddable":true,"href":"https:\/\/archfondas.lt\/en\/wp-json\/wp\/v2\/tags?post=25769"}],"curies":[{"name":"wp","href":"https:\/\/api.w.org\/{rel}","templated":true}]}}