{"id":26193,"date":"2023-06-02T14:32:49","date_gmt":"2023-06-02T11:32:49","guid":{"rendered":"https:\/\/archfondas.lt\/?p=26193"},"modified":"2023-06-02T14:32:51","modified_gmt":"2023-06-02T11:32:51","slug":"second-lina-open-call-invites-emerging-creatives-to-apply-with-ideas-texts-and-practices-addressing-the-environmental-crisis","status":"publish","type":"post","link":"https:\/\/archfondas.lt\/en\/second-lina-open-call-invites-emerging-creatives-to-apply-with-ideas-texts-and-practices-addressing-the-environmental-crisis\/","title":{"rendered":"Second LINA Open Call invites emerging creatives to apply with ideas, texts and practices addressing the environmental crisis"},"content":{"rendered":"\n<p>LINA is a European platform: a network of 32 institutions working at the intersection of architecture and other fields related to spatial culture. We work to promote emerging thinkers and practitioners. Our goal is to steer design and building processes towards regenerative practices and principles of de-growth.<\/p>\n\n\n\n<p>Our growing alliance of museums, universities, research networks, foundations, triennials, biennials, and other European and Mediterranean organisations\u2014LINA members\u2014carries out a series of events taking place all over Europe. Individuals and teams, selected at our annual Open Call, are invited to collaborate in the events of the LINA Architecture Programme, which is co-funded by Creative Europe.<\/p>\n\n\n\n<p>We are looking for innovative individuals and collectives who apply their theoretical and practical knowledge to better our common future. We\u2019re searching for innovators who develop spatial practices that question the status quo. We want to welcome new and emerging voices to make their mark and help amplify their radical ideas.&nbsp;<\/p>\n\n\n\n<p>We are looking to give a platform to those who have not yet broken through to the international audience, and are not yet established in their respective fields. Age is not a limit, however only Creative Europe country residents are eligible to participate.<\/p>\n\n\n\n<p>We are looking for those wanting to participate in mentoring, teaching, residencies, research, writing, who want to present their work and develop meaningful programmes. Though travel is not always a necessity, we are looking for those interested in international collaboration. We want to promote people who care for the future of our planet and who share our ethical values.<\/p>\n\n\n\n<p>There is no participation fee for the Open Call. One representative of each 25 selected LINA fellows (which can be teams or individuals) will be provided accommodation and reimbursed for their travel (up to 350 EUR) to attend the LINA Conference in Copenhagen on 9\u201310 October.&nbsp;<\/p>\n\n\n\n<p>After that, work within the LINA Architecture Programme is regulated through contracts LINA fellows sign with LINA members. Both will be supported by the LINA team throughout the process. Contracts cover honorariums and expenses and define the amount of work undertaken by LINA fellows.<\/p>\n\n\n\n<p>All documentation and application forms are available on the <a href=\"http:\/\/www.lina.community\/\">LINA website<\/a>, and our team is here for any questions you might have at hello@lina.community.<\/p>\n\n\n\n<p>We\u2019re looking forward to welcoming a new generation of LINA fellows. We&#8217;d love to hear what you have to say.<\/p>\n","protected":false},"excerpt":{"rendered":"<p>LINA is a European platform: a network of 32 institutions working at the intersection of architecture and other fields related to spatial culture. We work to promote emerging thinkers and practitioners. Our goal is to steer design and building processes towards regenerative practices and principles of de-growth. Our growing alliance of museums, universities, research networks, [&hellip;]<\/p>\n","protected":false},"author":6,"featured_media":26190,"comment_status":"open","ping_status":"open","sticky":false,"template":"","format":"standard","meta":{"_acf_changed":false,"footnotes":""},"categories":[5],"tags":[],"class_list":["post-26193","post","type-post","status-publish","format-standard","has-post-thumbnail","hentry","category-message-en"],"acf":[],"yoast_head":"<!-- This site is optimized with the Yoast SEO plugin v24.1 - https:\/\/yoast.com\/wordpress\/plugins\/seo\/ -->\n<title>Second LINA Open Call invites emerging creatives to apply with ideas, texts and practices addressing the environmental crisis &#8211; Architekt\u016bros fondas<\/title>\n<meta name=\"robots\" content=\"index, follow, max-snippet:-1, max-image-preview:large, max-video-preview:-1\" \/>\n<link rel=\"canonical\" href=\"https:\/\/archfondas.lt\/en\/second-lina-open-call-invites-emerging-creatives-to-apply-with-ideas-texts-and-practices-addressing-the-environmental-crisis\/\" \/>\n<meta property=\"og:locale\" content=\"en_US\" \/>\n<meta property=\"og:type\" content=\"article\" \/>\n<meta property=\"og:title\" content=\"Second LINA Open Call invites emerging creatives to apply with ideas, texts and practices addressing the environmental crisis &#8211; Architekt\u016bros fondas\" \/>\n<meta property=\"og:description\" content=\"LINA is a European platform: a network of 32 institutions working at the intersection of architecture and other fields related to spatial culture. We work to promote emerging thinkers and practitioners. Our goal is to steer design and building processes towards regenerative practices and principles of de-growth. Our growing alliance of museums, universities, research networks, [&hellip;]\" \/>\n<meta property=\"og:url\" content=\"https:\/\/archfondas.lt\/en\/second-lina-open-call-invites-emerging-creatives-to-apply-with-ideas-texts-and-practices-addressing-the-environmental-crisis\/\" \/>\n<meta property=\"og:site_name\" content=\"Architekt\u016bros fondas\" \/>\n<meta property=\"article:publisher\" content=\"https:\/\/www.facebook.com\/archfondas\" \/>\n<meta property=\"article:published_time\" content=\"2023-06-02T11:32:49+00:00\" \/>\n<meta property=\"article:modified_time\" content=\"2023-06-02T11:32:51+00:00\" \/>\n<meta property=\"og:image\" content=\"https:\/\/archfondas.lt\/wp-content\/uploads\/2023\/06\/OC_1920x1440.jpg\" \/>\n\t<meta property=\"og:image:width\" content=\"1920\" \/>\n\t<meta property=\"og:image:height\" content=\"1440\" \/>\n\t<meta property=\"og:image:type\" content=\"image\/jpeg\" \/>\n<meta name=\"author\" content=\"aiste\" \/>\n<meta name=\"twitter:card\" content=\"summary_large_image\" \/>\n<meta name=\"twitter:creator\" content=\"@archfondas\" \/>\n<meta name=\"twitter:site\" content=\"@archfondas\" \/>\n<meta name=\"twitter:label1\" content=\"Written by\" \/>\n\t<meta name=\"twitter:data1\" content=\"aiste\" \/>\n\t<meta name=\"twitter:label2\" content=\"Est. reading time\" \/>\n\t<meta name=\"twitter:data2\" content=\"3 minutes\" \/>\n<script type=\"application\/ld+json\" class=\"yoast-schema-graph\">{\"@context\":\"https:\/\/schema.org\",\"@graph\":[{\"@type\":\"Article\",\"@id\":\"https:\/\/archfondas.lt\/en\/second-lina-open-call-invites-emerging-creatives-to-apply-with-ideas-texts-and-practices-addressing-the-environmental-crisis\/#article\",\"isPartOf\":{\"@id\":\"https:\/\/archfondas.lt\/en\/second-lina-open-call-invites-emerging-creatives-to-apply-with-ideas-texts-and-practices-addressing-the-environmental-crisis\/\"},\"author\":{\"name\":\"aiste\",\"@id\":\"https:\/\/archfondas.lt\/#\/schema\/person\/97b63d7438f80ed4f33d145e7441be19\"},\"headline\":\"Second LINA Open Call invites emerging creatives to apply with ideas, texts and practices addressing the environmental crisis\",\"datePublished\":\"2023-06-02T11:32:49+00:00\",\"dateModified\":\"2023-06-02T11:32:51+00:00\",\"mainEntityOfPage\":{\"@id\":\"https:\/\/archfondas.lt\/en\/second-lina-open-call-invites-emerging-creatives-to-apply-with-ideas-texts-and-practices-addressing-the-environmental-crisis\/\"},\"wordCount\":412,\"commentCount\":0,\"publisher\":{\"@id\":\"https:\/\/archfondas.lt\/#organization\"},\"image\":{\"@id\":\"https:\/\/archfondas.lt\/en\/second-lina-open-call-invites-emerging-creatives-to-apply-with-ideas-texts-and-practices-addressing-the-environmental-crisis\/#primaryimage\"},\"thumbnailUrl\":\"https:\/\/archfondas.lt\/wp-content\/uploads\/2023\/06\/OC_1920x1440.jpg\",\"articleSection\":[\"Pranesimas\"],\"inLanguage\":\"en-US\",\"potentialAction\":[{\"@type\":\"CommentAction\",\"name\":\"Comment\",\"target\":[\"https:\/\/archfondas.lt\/en\/second-lina-open-call-invites-emerging-creatives-to-apply-with-ideas-texts-and-practices-addressing-the-environmental-crisis\/#respond\"]}]},{\"@type\":\"WebPage\",\"@id\":\"https:\/\/archfondas.lt\/en\/second-lina-open-call-invites-emerging-creatives-to-apply-with-ideas-texts-and-practices-addressing-the-environmental-crisis\/\",\"url\":\"https:\/\/archfondas.lt\/en\/second-lina-open-call-invites-emerging-creatives-to-apply-with-ideas-texts-and-practices-addressing-the-environmental-crisis\/\",\"name\":\"Second LINA Open Call invites emerging creatives to apply with ideas, texts and practices addressing the environmental crisis &#8211; Architekt\u016bros fondas\",\"isPartOf\":{\"@id\":\"https:\/\/archfondas.lt\/#website\"},\"primaryImageOfPage\":{\"@id\":\"https:\/\/archfondas.lt\/en\/second-lina-open-call-invites-emerging-creatives-to-apply-with-ideas-texts-and-practices-addressing-the-environmental-crisis\/#primaryimage\"},\"image\":{\"@id\":\"https:\/\/archfondas.lt\/en\/second-lina-open-call-invites-emerging-creatives-to-apply-with-ideas-texts-and-practices-addressing-the-environmental-crisis\/#primaryimage\"},\"thumbnailUrl\":\"https:\/\/archfondas.lt\/wp-content\/uploads\/2023\/06\/OC_1920x1440.jpg\",\"datePublished\":\"2023-06-02T11:32:49+00:00\",\"dateModified\":\"2023-06-02T11:32:51+00:00\",\"breadcrumb\":{\"@id\":\"https:\/\/archfondas.lt\/en\/second-lina-open-call-invites-emerging-creatives-to-apply-with-ideas-texts-and-practices-addressing-the-environmental-crisis\/#breadcrumb\"},\"inLanguage\":\"en-US\",\"potentialAction\":[{\"@type\":\"ReadAction\",\"target\":[\"https:\/\/archfondas.lt\/en\/second-lina-open-call-invites-emerging-creatives-to-apply-with-ideas-texts-and-practices-addressing-the-environmental-crisis\/\"]}]},{\"@type\":\"ImageObject\",\"inLanguage\":\"en-US\",\"@id\":\"https:\/\/archfondas.lt\/en\/second-lina-open-call-invites-emerging-creatives-to-apply-with-ideas-texts-and-practices-addressing-the-environmental-crisis\/#primaryimage\",\"url\":\"https:\/\/archfondas.lt\/wp-content\/uploads\/2023\/06\/OC_1920x1440.jpg\",\"contentUrl\":\"https:\/\/archfondas.lt\/wp-content\/uploads\/2023\/06\/OC_1920x1440.jpg\",\"width\":1920,\"height\":1440,\"caption\":\"LINA atviras kvietimas\"},{\"@type\":\"BreadcrumbList\",\"@id\":\"https:\/\/archfondas.lt\/en\/second-lina-open-call-invites-emerging-creatives-to-apply-with-ideas-texts-and-practices-addressing-the-environmental-crisis\/#breadcrumb\",\"itemListElement\":[{\"@type\":\"ListItem\",\"position\":1,\"name\":\"Home\",\"item\":\"https:\/\/archfondas.lt\/en\/\"},{\"@type\":\"ListItem\",\"position\":2,\"name\":\"Second LINA Open Call invites emerging creatives to apply with ideas, texts and practices addressing the environmental crisis\"}]},{\"@type\":\"WebSite\",\"@id\":\"https:\/\/archfondas.lt\/#website\",\"url\":\"https:\/\/archfondas.lt\/\",\"name\":\"Architekt\u016bros fondas\",\"description\":\"Mes esame nevyriausybin\u0117, pelno nesiekianti organizacija kurianti bei puosel\u0117janti architekt\u016bros kult\u016br\u0105.\",\"publisher\":{\"@id\":\"https:\/\/archfondas.lt\/#organization\"},\"potentialAction\":[{\"@type\":\"SearchAction\",\"target\":{\"@type\":\"EntryPoint\",\"urlTemplate\":\"https:\/\/archfondas.lt\/?s={search_term_string}\"},\"query-input\":{\"@type\":\"PropertyValueSpecification\",\"valueRequired\":true,\"valueName\":\"search_term_string\"}}],\"inLanguage\":\"en-US\"},{\"@type\":\"Organization\",\"@id\":\"https:\/\/archfondas.lt\/#organization\",\"name\":\"Architekt\u016bros fondas\",\"url\":\"https:\/\/archfondas.lt\/\",\"logo\":{\"@type\":\"ImageObject\",\"inLanguage\":\"en-US\",\"@id\":\"https:\/\/archfondas.lt\/#\/schema\/logo\/image\/\",\"url\":\"https:\/\/archfondas.lt\/wp-content\/uploads\/2023\/04\/archfondas-logo.svg\",\"contentUrl\":\"https:\/\/archfondas.lt\/wp-content\/uploads\/2023\/04\/archfondas-logo.svg\",\"width\":483,\"height\":124,\"caption\":\"Architekt\u016bros fondas\"},\"image\":{\"@id\":\"https:\/\/archfondas.lt\/#\/schema\/logo\/image\/\"},\"sameAs\":[\"https:\/\/www.facebook.com\/archfondas\",\"https:\/\/x.com\/archfondas\"]},{\"@type\":\"Person\",\"@id\":\"https:\/\/archfondas.lt\/#\/schema\/person\/97b63d7438f80ed4f33d145e7441be19\",\"name\":\"aiste\",\"image\":{\"@type\":\"ImageObject\",\"inLanguage\":\"en-US\",\"@id\":\"https:\/\/archfondas.lt\/#\/schema\/person\/image\/\",\"url\":\"https:\/\/secure.gravatar.com\/avatar\/a5ef93eecc3d7281c851c213a176d17d?s=96&d=mm&r=g\",\"contentUrl\":\"https:\/\/secure.gravatar.com\/avatar\/a5ef93eecc3d7281c851c213a176d17d?s=96&d=mm&r=g\",\"caption\":\"aiste\"},\"url\":\"https:\/\/archfondas.lt\/en\/author\/aiste\/\"}]}<\/script>\n<!-- \/ Yoast SEO plugin. -->","yoast_head_json":{"title":"Second LINA Open Call invites emerging creatives to apply with ideas, texts and practices addressing the environmental crisis &#8211; Architekt\u016bros fondas","robots":{"index":"index","follow":"follow","max-snippet":"max-snippet:-1","max-image-preview":"max-image-preview:large","max-video-preview":"max-video-preview:-1"},"canonical":"https:\/\/archfondas.lt\/en\/second-lina-open-call-invites-emerging-creatives-to-apply-with-ideas-texts-and-practices-addressing-the-environmental-crisis\/","og_locale":"en_US","og_type":"article","og_title":"Second LINA Open Call invites emerging creatives to apply with ideas, texts and practices addressing the environmental crisis &#8211; Architekt\u016bros fondas","og_description":"LINA is a European platform: a network of 32 institutions working at the intersection of architecture and other fields related to spatial culture. We work to promote emerging thinkers and practitioners. Our goal is to steer design and building processes towards regenerative practices and principles of de-growth. Our growing alliance of museums, universities, research networks, [&hellip;]","og_url":"https:\/\/archfondas.lt\/en\/second-lina-open-call-invites-emerging-creatives-to-apply-with-ideas-texts-and-practices-addressing-the-environmental-crisis\/","og_site_name":"Architekt\u016bros fondas","article_publisher":"https:\/\/www.facebook.com\/archfondas","article_published_time":"2023-06-02T11:32:49+00:00","article_modified_time":"2023-06-02T11:32:51+00:00","og_image":[{"width":1920,"height":1440,"url":"https:\/\/archfondas.lt\/wp-content\/uploads\/2023\/06\/OC_1920x1440.jpg","type":"image\/jpeg"}],"author":"aiste","twitter_card":"summary_large_image","twitter_creator":"@archfondas","twitter_site":"@archfondas","twitter_misc":{"Written by":"aiste","Est. reading time":"3 minutes"},"schema":{"@context":"https:\/\/schema.org","@graph":[{"@type":"Article","@id":"https:\/\/archfondas.lt\/en\/second-lina-open-call-invites-emerging-creatives-to-apply-with-ideas-texts-and-practices-addressing-the-environmental-crisis\/#article","isPartOf":{"@id":"https:\/\/archfondas.lt\/en\/second-lina-open-call-invites-emerging-creatives-to-apply-with-ideas-texts-and-practices-addressing-the-environmental-crisis\/"},"author":{"name":"aiste","@id":"https:\/\/archfondas.lt\/#\/schema\/person\/97b63d7438f80ed4f33d145e7441be19"},"headline":"Second LINA Open Call invites emerging creatives to apply with ideas, texts and practices addressing the environmental crisis","datePublished":"2023-06-02T11:32:49+00:00","dateModified":"2023-06-02T11:32:51+00:00","mainEntityOfPage":{"@id":"https:\/\/archfondas.lt\/en\/second-lina-open-call-invites-emerging-creatives-to-apply-with-ideas-texts-and-practices-addressing-the-environmental-crisis\/"},"wordCount":412,"commentCount":0,"publisher":{"@id":"https:\/\/archfondas.lt\/#organization"},"image":{"@id":"https:\/\/archfondas.lt\/en\/second-lina-open-call-invites-emerging-creatives-to-apply-with-ideas-texts-and-practices-addressing-the-environmental-crisis\/#primaryimage"},"thumbnailUrl":"https:\/\/archfondas.lt\/wp-content\/uploads\/2023\/06\/OC_1920x1440.jpg","articleSection":["Pranesimas"],"inLanguage":"en-US","potentialAction":[{"@type":"CommentAction","name":"Comment","target":["https:\/\/archfondas.lt\/en\/second-lina-open-call-invites-emerging-creatives-to-apply-with-ideas-texts-and-practices-addressing-the-environmental-crisis\/#respond"]}]},{"@type":"WebPage","@id":"https:\/\/archfondas.lt\/en\/second-lina-open-call-invites-emerging-creatives-to-apply-with-ideas-texts-and-practices-addressing-the-environmental-crisis\/","url":"https:\/\/archfondas.lt\/en\/second-lina-open-call-invites-emerging-creatives-to-apply-with-ideas-texts-and-practices-addressing-the-environmental-crisis\/","name":"Second LINA Open Call invites emerging creatives to apply with ideas, texts and practices addressing the environmental crisis &#8211; Architekt\u016bros fondas","isPartOf":{"@id":"https:\/\/archfondas.lt\/#website"},"primaryImageOfPage":{"@id":"https:\/\/archfondas.lt\/en\/second-lina-open-call-invites-emerging-creatives-to-apply-with-ideas-texts-and-practices-addressing-the-environmental-crisis\/#primaryimage"},"image":{"@id":"https:\/\/archfondas.lt\/en\/second-lina-open-call-invites-emerging-creatives-to-apply-with-ideas-texts-and-practices-addressing-the-environmental-crisis\/#primaryimage"},"thumbnailUrl":"https:\/\/archfondas.lt\/wp-content\/uploads\/2023\/06\/OC_1920x1440.jpg","datePublished":"2023-06-02T11:32:49+00:00","dateModified":"2023-06-02T11:32:51+00:00","breadcrumb":{"@id":"https:\/\/archfondas.lt\/en\/second-lina-open-call-invites-emerging-creatives-to-apply-with-ideas-texts-and-practices-addressing-the-environmental-crisis\/#breadcrumb"},"inLanguage":"en-US","potentialAction":[{"@type":"ReadAction","target":["https:\/\/archfondas.lt\/en\/second-lina-open-call-invites-emerging-creatives-to-apply-with-ideas-texts-and-practices-addressing-the-environmental-crisis\/"]}]},{"@type":"ImageObject","inLanguage":"en-US","@id":"https:\/\/archfondas.lt\/en\/second-lina-open-call-invites-emerging-creatives-to-apply-with-ideas-texts-and-practices-addressing-the-environmental-crisis\/#primaryimage","url":"https:\/\/archfondas.lt\/wp-content\/uploads\/2023\/06\/OC_1920x1440.jpg","contentUrl":"https:\/\/archfondas.lt\/wp-content\/uploads\/2023\/06\/OC_1920x1440.jpg","width":1920,"height":1440,"caption":"LINA atviras kvietimas"},{"@type":"BreadcrumbList","@id":"https:\/\/archfondas.lt\/en\/second-lina-open-call-invites-emerging-creatives-to-apply-with-ideas-texts-and-practices-addressing-the-environmental-crisis\/#breadcrumb","itemListElement":[{"@type":"ListItem","position":1,"name":"Home","item":"https:\/\/archfondas.lt\/en\/"},{"@type":"ListItem","position":2,"name":"Second LINA Open Call invites emerging creatives to apply with ideas, texts and practices addressing the environmental crisis"}]},{"@type":"WebSite","@id":"https:\/\/archfondas.lt\/#website","url":"https:\/\/archfondas.lt\/","name":"Architekt\u016bros fondas","description":"Mes esame nevyriausybin\u0117, pelno nesiekianti organizacija kurianti bei puosel\u0117janti architekt\u016bros kult\u016br\u0105.","publisher":{"@id":"https:\/\/archfondas.lt\/#organization"},"potentialAction":[{"@type":"SearchAction","target":{"@type":"EntryPoint","urlTemplate":"https:\/\/archfondas.lt\/?s={search_term_string}"},"query-input":{"@type":"PropertyValueSpecification","valueRequired":true,"valueName":"search_term_string"}}],"inLanguage":"en-US"},{"@type":"Organization","@id":"https:\/\/archfondas.lt\/#organization","name":"Architekt\u016bros fondas","url":"https:\/\/archfondas.lt\/","logo":{"@type":"ImageObject","inLanguage":"en-US","@id":"https:\/\/archfondas.lt\/#\/schema\/logo\/image\/","url":"https:\/\/archfondas.lt\/wp-content\/uploads\/2023\/04\/archfondas-logo.svg","contentUrl":"https:\/\/archfondas.lt\/wp-content\/uploads\/2023\/04\/archfondas-logo.svg","width":483,"height":124,"caption":"Architekt\u016bros fondas"},"image":{"@id":"https:\/\/archfondas.lt\/#\/schema\/logo\/image\/"},"sameAs":["https:\/\/www.facebook.com\/archfondas","https:\/\/x.com\/archfondas"]},{"@type":"Person","@id":"https:\/\/archfondas.lt\/#\/schema\/person\/97b63d7438f80ed4f33d145e7441be19","name":"aiste","image":{"@type":"ImageObject","inLanguage":"en-US","@id":"https:\/\/archfondas.lt\/#\/schema\/person\/image\/","url":"https:\/\/secure.gravatar.com\/avatar\/a5ef93eecc3d7281c851c213a176d17d?s=96&d=mm&r=g","contentUrl":"https:\/\/secure.gravatar.com\/avatar\/a5ef93eecc3d7281c851c213a176d17d?s=96&d=mm&r=g","caption":"aiste"},"url":"https:\/\/archfondas.lt\/en\/author\/aiste\/"}]}},"_links":{"self":[{"href":"https:\/\/archfondas.lt\/en\/wp-json\/wp\/v2\/posts\/26193","targetHints":{"allow":["GET"]}}],"collection":[{"href":"https:\/\/archfondas.lt\/en\/wp-json\/wp\/v2\/posts"}],"about":[{"href":"https:\/\/archfondas.lt\/en\/wp-json\/wp\/v2\/types\/post"}],"author":[{"embeddable":true,"href":"https:\/\/archfondas.lt\/en\/wp-json\/wp\/v2\/users\/6"}],"replies":[{"embeddable":true,"href":"https:\/\/archfondas.lt\/en\/wp-json\/wp\/v2\/comments?post=26193"}],"version-history":[{"count":3,"href":"https:\/\/archfondas.lt\/en\/wp-json\/wp\/v2\/posts\/26193\/revisions"}],"predecessor-version":[{"id":26201,"href":"https:\/\/archfondas.lt\/en\/wp-json\/wp\/v2\/posts\/26193\/revisions\/26201"}],"wp:featuredmedia":[{"embeddable":true,"href":"https:\/\/archfondas.lt\/en\/wp-json\/wp\/v2\/media\/26190"}],"wp:attachment":[{"href":"https:\/\/archfondas.lt\/en\/wp-json\/wp\/v2\/media?parent=26193"}],"wp:term":[{"taxonomy":"category","embeddable":true,"href":"https:\/\/archfondas.lt\/en\/wp-json\/wp\/v2\/categories?post=26193"},{"taxonomy":"post_tag","embeddable":true,"href":"https:\/\/archfondas.lt\/en\/wp-json\/wp\/v2\/tags?post=26193"}],"curies":[{"name":"wp","href":"https:\/\/api.w.org\/{rel}","templated":true}]}}