{"id":26324,"date":"2023-09-04T13:15:28","date_gmt":"2023-09-04T10:15:28","guid":{"rendered":"https:\/\/archfondas.lt\/?p=26324"},"modified":"2023-09-04T13:15:34","modified_gmt":"2023-09-04T10:15:34","slug":"open-call-to-workshop-altering-matter-urban-materials-and-their-trajectories","status":"publish","type":"post","link":"https:\/\/archfondas.lt\/en\/open-call-to-workshop-altering-matter-urban-materials-and-their-trajectories\/","title":{"rendered":"OPEN CALL TO WORKSHOP ALTERING MATTER: URBAN MATERIALS AND THEIR TRAJECTORIES"},"content":{"rendered":"\n<p>Over time, we adapt and change urban spaces according to our resources, knowledge, and needs. As cities grow and expand more and more swiftly, the building industry is still slow to change and, in the context of other human activities, is one of the most significant contributors to the negative effects of climate change. In order to reduce the negative impact on the planet, we need to fundamentally rethink the ways in which we design architecture and shape the environment.<\/p>\n\n\n\n<p>Reusing or upcycling objects and materials is an increasingly common sustainable design strategy. When applied on a small scale, it remains an exceptional choice with more of a symbolic than practical impact. This leads to the following question: can we go a step further by applying the principles of circularity in architecture and aim for a systematic change in the design of the physical environment?<\/p>\n\n\n\n<p>SODAS 2123 and Architekt\u016bros fondas invite architects, urban planners and researchers in related disciplines, developers, students and anyone with critical thinking and an aim to achieve practical change to a week-long series of workshops exploring the phenomena of urban mining, the reuse of materials in architecture, and the principles of circular economy in the context of Vilnius. Through workshops and educational activities, participants will delve into specific aspects of the geology and infrastructure of Vilnius, examine the current construction system and its actors, search for ways in which it could change, and try out methods of sustainable construction using local earth. The workshop will be led by architects from kuidas.works, BC Architects, ROTOR, and Isora x Lozuraityte Studio for Architecture.<\/p>\n\n\n\n<p>More about the workshop lecturers:<\/p>\n\n\n\n<p>kuidas.works \u2013 kuidas.works is a research-based design studio located in Tallinn, Estonia, founded in 2021. The main interest of kuidas.works are site-specific earth-based building solutions. The studio is currently investigating how to turn excavation waste into possible building materials from rammed earth and compressed earth blocks to plasters and paints.<\/p>\n\n\n\n<p>BC Architects is a hybrid practice, designing and undertaking \u201eacts of building\u201c towards systemic change in the construction sector. We strive for bio-regional, low-tech, circular, beautiful and inclusive design. We work with our minds and our hands, undertaking activities such as community organisation, material production, contracting, teaching and prototyping. We aim to impact positively on people\u2019s ideas and have an influence on our planet. We act on behalf of future generations.<\/p>\n\n\n\n<p>BC Architects was participating in the Biennale d\u2019Architettura di Venezia 2018 and 2023, in the Oslo Triennale for Architecture in 2014 and 2019, and in the International Architecture Biennale of Rotterdam 2018 and 2021, and is laureate of the BeCircular and Vlaanderen Circulair grant programmes.<\/p>\n\n\n\n<p>Rotor, founded in Brussels in 2005, is a multidisciplinary design and research cooperative focused on material flows and reuse. Rotor fosters the debate on resources, waste, and obsolescence through research, exhibitions, conferences, and publications. On the practical side, Rotor actively coordinates large-scale dismantling operations and collaborates on architectural, interior, and urban design projects. In 2016, Rotor Deconstruction was established as an independent cooperative, specializing in salvaging and reselling building components. Rotor and Rotor DC employ over 30 individuals.<\/p>\n\n\n\n<p>Isora x Lozuraityte studio for architecture was founded by architects Petras I\u0161ora and Ona Lozuraityt\u0117 in 2014 in Vilnius, where it is based.\u200b Their creative practice integrates urban narratives, public spaces, landscapes, infrastructures, domestic environments, social and cultural connections, material flows and experiments with the matter in scales of exhibition, interior design, public furniture and architecture of the wider environment. With a dedicated focus on material experimentation and contextual analysis IXL explore architectural concepts that foster sustainable, dialogical and unique environments.<\/p>\n\n\n\n<p>The OPEN CALL for the workshops to be held in Vilnius on 18-23 September 2023 for creators, architects, urban planners and students.<\/p>\n\n\n\n<p>Applications are welcome until 11 September 2023, 11.59pm (Vilnius time).<\/p>\n\n\n\n<p>The workshops will be held in English.<\/p>\n\n\n\n<p>Students participating in the workshop and preparing the results summary material will be awarded 3 ECTS study credits.<\/p>\n\n\n\n<p>Application form: <a href=\"https:\/\/forms.gle\/RE21WuoSP6vTgAtE8\" target=\"_blank\" rel=\"noreferrer noopener\">https:\/\/forms.gle\/RE21WuoSP6vTgAtE8<\/a><\/p>\n\n\n\n<p>Curator: Martynas Germanavi\u010dius<\/p>\n\n\n\n<p>Coordinator: Egl\u0117 Kliu\u010dinskait\u0117<\/p>\n\n\n\n<p>Organisers: SODAS 2123, Architekt\u016bros fondas, Gallery Weekend. Partner: VILNIUS TECH Faculty of Architecture. The project is funded by the Lithuanian Council for Culture and Vilnius City Municipality.<\/p>\n","protected":false},"excerpt":{"rendered":"<p>Over time, we adapt and change urban spaces according to our resources, knowledge, and needs. As cities grow and expand more and more swiftly, the building industry is still slow to change and, in the context of other human activities, is one of the most significant contributors to the negative effects of climate change. In [&hellip;]<\/p>\n","protected":false},"author":6,"featured_media":26327,"comment_status":"open","ping_status":"open","sticky":false,"template":"","format":"standard","meta":{"_acf_changed":false,"footnotes":""},"categories":[5],"tags":[],"class_list":["post-26324","post","type-post","status-publish","format-standard","has-post-thumbnail","hentry","category-message-en"],"acf":[],"yoast_head":"<!-- This site is optimized with the Yoast SEO plugin v24.1 - https:\/\/yoast.com\/wordpress\/plugins\/seo\/ -->\n<title>OPEN CALL TO WORKSHOP ALTERING MATTER: URBAN MATERIALS AND THEIR TRAJECTORIES &#8211; Architekt\u016bros fondas<\/title>\n<meta name=\"robots\" content=\"index, follow, max-snippet:-1, max-image-preview:large, max-video-preview:-1\" \/>\n<link rel=\"canonical\" href=\"https:\/\/archfondas.lt\/en\/open-call-to-workshop-altering-matter-urban-materials-and-their-trajectories\/\" \/>\n<meta property=\"og:locale\" content=\"en_US\" \/>\n<meta property=\"og:type\" content=\"article\" \/>\n<meta property=\"og:title\" content=\"OPEN CALL TO WORKSHOP ALTERING MATTER: URBAN MATERIALS AND THEIR TRAJECTORIES &#8211; Architekt\u016bros fondas\" \/>\n<meta property=\"og:description\" content=\"Over time, we adapt and change urban spaces according to our resources, knowledge, and needs. As cities grow and expand more and more swiftly, the building industry is still slow to change and, in the context of other human activities, is one of the most significant contributors to the negative effects of climate change. In [&hellip;]\" \/>\n<meta property=\"og:url\" content=\"https:\/\/archfondas.lt\/en\/open-call-to-workshop-altering-matter-urban-materials-and-their-trajectories\/\" \/>\n<meta property=\"og:site_name\" content=\"Architekt\u016bros fondas\" \/>\n<meta property=\"article:publisher\" content=\"https:\/\/www.facebook.com\/archfondas\" \/>\n<meta property=\"article:published_time\" content=\"2023-09-04T10:15:28+00:00\" \/>\n<meta property=\"article:modified_time\" content=\"2023-09-04T10:15:34+00:00\" \/>\n<meta property=\"og:image\" content=\"https:\/\/archfondas.lt\/wp-content\/uploads\/2023\/09\/KB-post-ENG-1060x1060.jpg\" \/>\n\t<meta property=\"og:image:width\" content=\"1060\" \/>\n\t<meta property=\"og:image:height\" content=\"1060\" \/>\n\t<meta property=\"og:image:type\" content=\"image\/jpeg\" \/>\n<meta name=\"author\" content=\"aiste\" \/>\n<meta name=\"twitter:card\" content=\"summary_large_image\" \/>\n<meta name=\"twitter:creator\" content=\"@archfondas\" \/>\n<meta name=\"twitter:site\" content=\"@archfondas\" \/>\n<meta name=\"twitter:label1\" content=\"Written by\" \/>\n\t<meta name=\"twitter:data1\" content=\"aiste\" \/>\n\t<meta name=\"twitter:label2\" content=\"Est. reading time\" \/>\n\t<meta name=\"twitter:data2\" content=\"4 minutes\" \/>\n<script type=\"application\/ld+json\" class=\"yoast-schema-graph\">{\"@context\":\"https:\/\/schema.org\",\"@graph\":[{\"@type\":\"Article\",\"@id\":\"https:\/\/archfondas.lt\/en\/open-call-to-workshop-altering-matter-urban-materials-and-their-trajectories\/#article\",\"isPartOf\":{\"@id\":\"https:\/\/archfondas.lt\/en\/open-call-to-workshop-altering-matter-urban-materials-and-their-trajectories\/\"},\"author\":{\"name\":\"aiste\",\"@id\":\"https:\/\/archfondas.lt\/#\/schema\/person\/97b63d7438f80ed4f33d145e7441be19\"},\"headline\":\"OPEN CALL TO WORKSHOP ALTERING MATTER: URBAN MATERIALS AND THEIR TRAJECTORIES\",\"datePublished\":\"2023-09-04T10:15:28+00:00\",\"dateModified\":\"2023-09-04T10:15:34+00:00\",\"mainEntityOfPage\":{\"@id\":\"https:\/\/archfondas.lt\/en\/open-call-to-workshop-altering-matter-urban-materials-and-their-trajectories\/\"},\"wordCount\":697,\"commentCount\":0,\"publisher\":{\"@id\":\"https:\/\/archfondas.lt\/#organization\"},\"image\":{\"@id\":\"https:\/\/archfondas.lt\/en\/open-call-to-workshop-altering-matter-urban-materials-and-their-trajectories\/#primaryimage\"},\"thumbnailUrl\":\"https:\/\/archfondas.lt\/wp-content\/uploads\/2023\/09\/KB-post-ENG.jpg\",\"articleSection\":[\"Pranesimas\"],\"inLanguage\":\"en-US\",\"potentialAction\":[{\"@type\":\"CommentAction\",\"name\":\"Comment\",\"target\":[\"https:\/\/archfondas.lt\/en\/open-call-to-workshop-altering-matter-urban-materials-and-their-trajectories\/#respond\"]}]},{\"@type\":\"WebPage\",\"@id\":\"https:\/\/archfondas.lt\/en\/open-call-to-workshop-altering-matter-urban-materials-and-their-trajectories\/\",\"url\":\"https:\/\/archfondas.lt\/en\/open-call-to-workshop-altering-matter-urban-materials-and-their-trajectories\/\",\"name\":\"OPEN CALL TO WORKSHOP ALTERING MATTER: URBAN MATERIALS AND THEIR TRAJECTORIES &#8211; Architekt\u016bros fondas\",\"isPartOf\":{\"@id\":\"https:\/\/archfondas.lt\/#website\"},\"primaryImageOfPage\":{\"@id\":\"https:\/\/archfondas.lt\/en\/open-call-to-workshop-altering-matter-urban-materials-and-their-trajectories\/#primaryimage\"},\"image\":{\"@id\":\"https:\/\/archfondas.lt\/en\/open-call-to-workshop-altering-matter-urban-materials-and-their-trajectories\/#primaryimage\"},\"thumbnailUrl\":\"https:\/\/archfondas.lt\/wp-content\/uploads\/2023\/09\/KB-post-ENG.jpg\",\"datePublished\":\"2023-09-04T10:15:28+00:00\",\"dateModified\":\"2023-09-04T10:15:34+00:00\",\"breadcrumb\":{\"@id\":\"https:\/\/archfondas.lt\/en\/open-call-to-workshop-altering-matter-urban-materials-and-their-trajectories\/#breadcrumb\"},\"inLanguage\":\"en-US\",\"potentialAction\":[{\"@type\":\"ReadAction\",\"target\":[\"https:\/\/archfondas.lt\/en\/open-call-to-workshop-altering-matter-urban-materials-and-their-trajectories\/\"]}]},{\"@type\":\"ImageObject\",\"inLanguage\":\"en-US\",\"@id\":\"https:\/\/archfondas.lt\/en\/open-call-to-workshop-altering-matter-urban-materials-and-their-trajectories\/#primaryimage\",\"url\":\"https:\/\/archfondas.lt\/wp-content\/uploads\/2023\/09\/KB-post-ENG.jpg\",\"contentUrl\":\"https:\/\/archfondas.lt\/wp-content\/uploads\/2023\/09\/KB-post-ENG.jpg\",\"width\":2250,\"height\":2250,\"caption\":\"Atviras kvietimas\"},{\"@type\":\"BreadcrumbList\",\"@id\":\"https:\/\/archfondas.lt\/en\/open-call-to-workshop-altering-matter-urban-materials-and-their-trajectories\/#breadcrumb\",\"itemListElement\":[{\"@type\":\"ListItem\",\"position\":1,\"name\":\"Home\",\"item\":\"https:\/\/archfondas.lt\/en\/\"},{\"@type\":\"ListItem\",\"position\":2,\"name\":\"OPEN CALL TO WORKSHOP ALTERING MATTER: URBAN MATERIALS AND THEIR TRAJECTORIES\"}]},{\"@type\":\"WebSite\",\"@id\":\"https:\/\/archfondas.lt\/#website\",\"url\":\"https:\/\/archfondas.lt\/\",\"name\":\"Architekt\u016bros fondas\",\"description\":\"Mes esame nevyriausybin\u0117, pelno nesiekianti organizacija kurianti bei puosel\u0117janti architekt\u016bros kult\u016br\u0105.\",\"publisher\":{\"@id\":\"https:\/\/archfondas.lt\/#organization\"},\"potentialAction\":[{\"@type\":\"SearchAction\",\"target\":{\"@type\":\"EntryPoint\",\"urlTemplate\":\"https:\/\/archfondas.lt\/?s={search_term_string}\"},\"query-input\":{\"@type\":\"PropertyValueSpecification\",\"valueRequired\":true,\"valueName\":\"search_term_string\"}}],\"inLanguage\":\"en-US\"},{\"@type\":\"Organization\",\"@id\":\"https:\/\/archfondas.lt\/#organization\",\"name\":\"Architekt\u016bros fondas\",\"url\":\"https:\/\/archfondas.lt\/\",\"logo\":{\"@type\":\"ImageObject\",\"inLanguage\":\"en-US\",\"@id\":\"https:\/\/archfondas.lt\/#\/schema\/logo\/image\/\",\"url\":\"https:\/\/archfondas.lt\/wp-content\/uploads\/2023\/04\/archfondas-logo.svg\",\"contentUrl\":\"https:\/\/archfondas.lt\/wp-content\/uploads\/2023\/04\/archfondas-logo.svg\",\"width\":483,\"height\":124,\"caption\":\"Architekt\u016bros fondas\"},\"image\":{\"@id\":\"https:\/\/archfondas.lt\/#\/schema\/logo\/image\/\"},\"sameAs\":[\"https:\/\/www.facebook.com\/archfondas\",\"https:\/\/x.com\/archfondas\"]},{\"@type\":\"Person\",\"@id\":\"https:\/\/archfondas.lt\/#\/schema\/person\/97b63d7438f80ed4f33d145e7441be19\",\"name\":\"aiste\",\"image\":{\"@type\":\"ImageObject\",\"inLanguage\":\"en-US\",\"@id\":\"https:\/\/archfondas.lt\/#\/schema\/person\/image\/\",\"url\":\"https:\/\/secure.gravatar.com\/avatar\/a5ef93eecc3d7281c851c213a176d17d?s=96&d=mm&r=g\",\"contentUrl\":\"https:\/\/secure.gravatar.com\/avatar\/a5ef93eecc3d7281c851c213a176d17d?s=96&d=mm&r=g\",\"caption\":\"aiste\"},\"url\":\"https:\/\/archfondas.lt\/en\/author\/aiste\/\"}]}<\/script>\n<!-- \/ Yoast SEO plugin. -->","yoast_head_json":{"title":"OPEN CALL TO WORKSHOP ALTERING MATTER: URBAN MATERIALS AND THEIR TRAJECTORIES &#8211; Architekt\u016bros fondas","robots":{"index":"index","follow":"follow","max-snippet":"max-snippet:-1","max-image-preview":"max-image-preview:large","max-video-preview":"max-video-preview:-1"},"canonical":"https:\/\/archfondas.lt\/en\/open-call-to-workshop-altering-matter-urban-materials-and-their-trajectories\/","og_locale":"en_US","og_type":"article","og_title":"OPEN CALL TO WORKSHOP ALTERING MATTER: URBAN MATERIALS AND THEIR TRAJECTORIES &#8211; Architekt\u016bros fondas","og_description":"Over time, we adapt and change urban spaces according to our resources, knowledge, and needs. As cities grow and expand more and more swiftly, the building industry is still slow to change and, in the context of other human activities, is one of the most significant contributors to the negative effects of climate change. In [&hellip;]","og_url":"https:\/\/archfondas.lt\/en\/open-call-to-workshop-altering-matter-urban-materials-and-their-trajectories\/","og_site_name":"Architekt\u016bros fondas","article_publisher":"https:\/\/www.facebook.com\/archfondas","article_published_time":"2023-09-04T10:15:28+00:00","article_modified_time":"2023-09-04T10:15:34+00:00","og_image":[{"width":1060,"height":1060,"url":"https:\/\/archfondas.lt\/wp-content\/uploads\/2023\/09\/KB-post-ENG-1060x1060.jpg","type":"image\/jpeg"}],"author":"aiste","twitter_card":"summary_large_image","twitter_creator":"@archfondas","twitter_site":"@archfondas","twitter_misc":{"Written by":"aiste","Est. reading time":"4 minutes"},"schema":{"@context":"https:\/\/schema.org","@graph":[{"@type":"Article","@id":"https:\/\/archfondas.lt\/en\/open-call-to-workshop-altering-matter-urban-materials-and-their-trajectories\/#article","isPartOf":{"@id":"https:\/\/archfondas.lt\/en\/open-call-to-workshop-altering-matter-urban-materials-and-their-trajectories\/"},"author":{"name":"aiste","@id":"https:\/\/archfondas.lt\/#\/schema\/person\/97b63d7438f80ed4f33d145e7441be19"},"headline":"OPEN CALL TO WORKSHOP ALTERING MATTER: URBAN MATERIALS AND THEIR TRAJECTORIES","datePublished":"2023-09-04T10:15:28+00:00","dateModified":"2023-09-04T10:15:34+00:00","mainEntityOfPage":{"@id":"https:\/\/archfondas.lt\/en\/open-call-to-workshop-altering-matter-urban-materials-and-their-trajectories\/"},"wordCount":697,"commentCount":0,"publisher":{"@id":"https:\/\/archfondas.lt\/#organization"},"image":{"@id":"https:\/\/archfondas.lt\/en\/open-call-to-workshop-altering-matter-urban-materials-and-their-trajectories\/#primaryimage"},"thumbnailUrl":"https:\/\/archfondas.lt\/wp-content\/uploads\/2023\/09\/KB-post-ENG.jpg","articleSection":["Pranesimas"],"inLanguage":"en-US","potentialAction":[{"@type":"CommentAction","name":"Comment","target":["https:\/\/archfondas.lt\/en\/open-call-to-workshop-altering-matter-urban-materials-and-their-trajectories\/#respond"]}]},{"@type":"WebPage","@id":"https:\/\/archfondas.lt\/en\/open-call-to-workshop-altering-matter-urban-materials-and-their-trajectories\/","url":"https:\/\/archfondas.lt\/en\/open-call-to-workshop-altering-matter-urban-materials-and-their-trajectories\/","name":"OPEN CALL TO WORKSHOP ALTERING MATTER: URBAN MATERIALS AND THEIR TRAJECTORIES &#8211; Architekt\u016bros fondas","isPartOf":{"@id":"https:\/\/archfondas.lt\/#website"},"primaryImageOfPage":{"@id":"https:\/\/archfondas.lt\/en\/open-call-to-workshop-altering-matter-urban-materials-and-their-trajectories\/#primaryimage"},"image":{"@id":"https:\/\/archfondas.lt\/en\/open-call-to-workshop-altering-matter-urban-materials-and-their-trajectories\/#primaryimage"},"thumbnailUrl":"https:\/\/archfondas.lt\/wp-content\/uploads\/2023\/09\/KB-post-ENG.jpg","datePublished":"2023-09-04T10:15:28+00:00","dateModified":"2023-09-04T10:15:34+00:00","breadcrumb":{"@id":"https:\/\/archfondas.lt\/en\/open-call-to-workshop-altering-matter-urban-materials-and-their-trajectories\/#breadcrumb"},"inLanguage":"en-US","potentialAction":[{"@type":"ReadAction","target":["https:\/\/archfondas.lt\/en\/open-call-to-workshop-altering-matter-urban-materials-and-their-trajectories\/"]}]},{"@type":"ImageObject","inLanguage":"en-US","@id":"https:\/\/archfondas.lt\/en\/open-call-to-workshop-altering-matter-urban-materials-and-their-trajectories\/#primaryimage","url":"https:\/\/archfondas.lt\/wp-content\/uploads\/2023\/09\/KB-post-ENG.jpg","contentUrl":"https:\/\/archfondas.lt\/wp-content\/uploads\/2023\/09\/KB-post-ENG.jpg","width":2250,"height":2250,"caption":"Atviras kvietimas"},{"@type":"BreadcrumbList","@id":"https:\/\/archfondas.lt\/en\/open-call-to-workshop-altering-matter-urban-materials-and-their-trajectories\/#breadcrumb","itemListElement":[{"@type":"ListItem","position":1,"name":"Home","item":"https:\/\/archfondas.lt\/en\/"},{"@type":"ListItem","position":2,"name":"OPEN CALL TO WORKSHOP ALTERING MATTER: URBAN MATERIALS AND THEIR TRAJECTORIES"}]},{"@type":"WebSite","@id":"https:\/\/archfondas.lt\/#website","url":"https:\/\/archfondas.lt\/","name":"Architekt\u016bros fondas","description":"Mes esame nevyriausybin\u0117, pelno nesiekianti organizacija kurianti bei puosel\u0117janti architekt\u016bros kult\u016br\u0105.","publisher":{"@id":"https:\/\/archfondas.lt\/#organization"},"potentialAction":[{"@type":"SearchAction","target":{"@type":"EntryPoint","urlTemplate":"https:\/\/archfondas.lt\/?s={search_term_string}"},"query-input":{"@type":"PropertyValueSpecification","valueRequired":true,"valueName":"search_term_string"}}],"inLanguage":"en-US"},{"@type":"Organization","@id":"https:\/\/archfondas.lt\/#organization","name":"Architekt\u016bros fondas","url":"https:\/\/archfondas.lt\/","logo":{"@type":"ImageObject","inLanguage":"en-US","@id":"https:\/\/archfondas.lt\/#\/schema\/logo\/image\/","url":"https:\/\/archfondas.lt\/wp-content\/uploads\/2023\/04\/archfondas-logo.svg","contentUrl":"https:\/\/archfondas.lt\/wp-content\/uploads\/2023\/04\/archfondas-logo.svg","width":483,"height":124,"caption":"Architekt\u016bros fondas"},"image":{"@id":"https:\/\/archfondas.lt\/#\/schema\/logo\/image\/"},"sameAs":["https:\/\/www.facebook.com\/archfondas","https:\/\/x.com\/archfondas"]},{"@type":"Person","@id":"https:\/\/archfondas.lt\/#\/schema\/person\/97b63d7438f80ed4f33d145e7441be19","name":"aiste","image":{"@type":"ImageObject","inLanguage":"en-US","@id":"https:\/\/archfondas.lt\/#\/schema\/person\/image\/","url":"https:\/\/secure.gravatar.com\/avatar\/a5ef93eecc3d7281c851c213a176d17d?s=96&d=mm&r=g","contentUrl":"https:\/\/secure.gravatar.com\/avatar\/a5ef93eecc3d7281c851c213a176d17d?s=96&d=mm&r=g","caption":"aiste"},"url":"https:\/\/archfondas.lt\/en\/author\/aiste\/"}]}},"_links":{"self":[{"href":"https:\/\/archfondas.lt\/en\/wp-json\/wp\/v2\/posts\/26324","targetHints":{"allow":["GET"]}}],"collection":[{"href":"https:\/\/archfondas.lt\/en\/wp-json\/wp\/v2\/posts"}],"about":[{"href":"https:\/\/archfondas.lt\/en\/wp-json\/wp\/v2\/types\/post"}],"author":[{"embeddable":true,"href":"https:\/\/archfondas.lt\/en\/wp-json\/wp\/v2\/users\/6"}],"replies":[{"embeddable":true,"href":"https:\/\/archfondas.lt\/en\/wp-json\/wp\/v2\/comments?post=26324"}],"version-history":[{"count":3,"href":"https:\/\/archfondas.lt\/en\/wp-json\/wp\/v2\/posts\/26324\/revisions"}],"predecessor-version":[{"id":26333,"href":"https:\/\/archfondas.lt\/en\/wp-json\/wp\/v2\/posts\/26324\/revisions\/26333"}],"wp:featuredmedia":[{"embeddable":true,"href":"https:\/\/archfondas.lt\/en\/wp-json\/wp\/v2\/media\/26327"}],"wp:attachment":[{"href":"https:\/\/archfondas.lt\/en\/wp-json\/wp\/v2\/media?parent=26324"}],"wp:term":[{"taxonomy":"category","embeddable":true,"href":"https:\/\/archfondas.lt\/en\/wp-json\/wp\/v2\/categories?post=26324"},{"taxonomy":"post_tag","embeddable":true,"href":"https:\/\/archfondas.lt\/en\/wp-json\/wp\/v2\/tags?post=26324"}],"curies":[{"name":"wp","href":"https:\/\/api.w.org\/{rel}","templated":true}]}}