{"id":26355,"date":"2023-09-12T15:09:00","date_gmt":"2023-09-12T12:09:00","guid":{"rendered":"https:\/\/archfondas.lt\/keliaujancios-architekturos-dirbtuves-dalyvauja-parodoje-malmeje\/"},"modified":"2023-09-12T15:18:11","modified_gmt":"2023-09-12T12:18:11","slug":"keliaujancios-architekturos-dirbtuves-dalyvauja-parodoje-malmeje","status":"publish","type":"post","link":"https:\/\/archfondas.lt\/en\/keliaujancios-architekturos-dirbtuves-dalyvauja-parodoje-malmeje\/","title":{"rendered":"\u201eKeliaujan\u010dios Architekt\u016bros Dirbtuv\u0117s\u201c exhibits in Malm\u00f6"},"content":{"rendered":"\n<p>In 2022 Architekt\u016bros fondas (Lithuania) together with V\u00e4xtv\u00e4rket (Sweden) and Aiming Spaces (Denmark) created the Traveling Architecture Network (TAN) &#8211; a collective of organizations that believe participation should not stop at the design and planning phase but rather that co-creative processes of public spaces should include the users such as local communities or children and youth in the whole process.&nbsp;<\/p>\n\n\n\n<figure class=\"wp-block-image size-large\"><img loading=\"lazy\" decoding=\"async\" width=\"1060\" height=\"706\" src=\"https:\/\/archfondas.lt\/wp-content\/uploads\/2023\/09\/Markuciai-small4-by-Pijus-Girdziusas-1060x706.jpg\" alt=\"\" class=\"wp-image-26360\" srcset=\"https:\/\/archfondas.lt\/wp-content\/uploads\/2023\/09\/Markuciai-small4-by-Pijus-Girdziusas-1060x706.jpg 1060w, https:\/\/archfondas.lt\/wp-content\/uploads\/2023\/09\/Markuciai-small4-by-Pijus-Girdziusas-300x200.jpg 300w, https:\/\/archfondas.lt\/wp-content\/uploads\/2023\/09\/Markuciai-small4-by-Pijus-Girdziusas-768x512.jpg 768w, https:\/\/archfondas.lt\/wp-content\/uploads\/2023\/09\/Markuciai-small4-by-Pijus-Girdziusas-1536x1023.jpg 1536w, https:\/\/archfondas.lt\/wp-content\/uploads\/2023\/09\/Markuciai-small4-by-Pijus-Girdziusas-2048x1364.jpg 2048w\" sizes=\"auto, (max-width: 1060px) 100vw, 1060px\" \/><figcaption class=\"wp-element-caption\">Marku\u010diai. Photo by Pijus Gird\u017eiu\u0161as<\/figcaption><\/figure>\n\n\n\n<p>From 12th to 27th September 2023 TAN is joining Malm\u00f6 in the Making with an exhibition in Malm\u00f6 City Library (Malm\u00f6 Stadsbibliotek). We called this exhibition &#8220;Travelling Architecture Network. Creating public spaces together&#8221; as it is dedicated to transnational methodologies and good examples illustrating collaboratively created physical environments and giving guidelines on how to do it with your community. We have gathered inspirational examples, well-defined methodologies and valuable on-site experience on how to create relevant, ethical, and active physical environment. We present DIY solutions that prioritize hands-on, experiential learning that could remedy a lack of shared public spaces and cultivate a collective sense of ownership and personal responsibility.&nbsp;<\/p>\n\n\n\n<p>Exhibition is covered by Nordic Culture Point in collaboration with the Lithuanian Cultural Attache in Sweden, Finland and Denmark and supported by the Lithuanian Culture Institute.<\/p>\n","protected":false},"excerpt":{"rendered":"<p>In 2022 Architekt\u016bros fondas (Lithuania) together with V\u00e4xtv\u00e4rket (Sweden) and Aiming Spaces (Denmark) created the Traveling Architecture Network (TAN) &#8211; a collective of organizations that believe participation should not stop at the design and planning phase but rather that co-creative processes of public spaces should include the users such as local communities or children and [&hellip;]<\/p>\n","protected":false},"author":6,"featured_media":26352,"comment_status":"open","ping_status":"open","sticky":false,"template":"","format":"standard","meta":{"_acf_changed":false,"footnotes":""},"categories":[5],"tags":[],"class_list":["post-26355","post","type-post","status-publish","format-standard","has-post-thumbnail","hentry","category-message-en"],"acf":[],"yoast_head":"<!-- This site is optimized with the Yoast SEO plugin v24.1 - https:\/\/yoast.com\/wordpress\/plugins\/seo\/ -->\n<title>\u201eKeliaujan\u010dios Architekt\u016bros Dirbtuv\u0117s\u201c exhibits in Malm\u00f6 &#8211; Architekt\u016bros fondas<\/title>\n<meta name=\"robots\" content=\"index, follow, max-snippet:-1, max-image-preview:large, max-video-preview:-1\" \/>\n<link rel=\"canonical\" href=\"https:\/\/archfondas.lt\/en\/keliaujancios-architekturos-dirbtuves-dalyvauja-parodoje-malmeje\/\" \/>\n<meta property=\"og:locale\" content=\"en_US\" \/>\n<meta property=\"og:type\" content=\"article\" \/>\n<meta property=\"og:title\" content=\"\u201eKeliaujan\u010dios Architekt\u016bros Dirbtuv\u0117s\u201c exhibits in Malm\u00f6 &#8211; Architekt\u016bros fondas\" \/>\n<meta property=\"og:description\" content=\"In 2022 Architekt\u016bros fondas (Lithuania) together with V\u00e4xtv\u00e4rket (Sweden) and Aiming Spaces (Denmark) created the Traveling Architecture Network (TAN) &#8211; a collective of organizations that believe participation should not stop at the design and planning phase but rather that co-creative processes of public spaces should include the users such as local communities or children and [&hellip;]\" \/>\n<meta property=\"og:url\" content=\"https:\/\/archfondas.lt\/en\/keliaujancios-architekturos-dirbtuves-dalyvauja-parodoje-malmeje\/\" \/>\n<meta property=\"og:site_name\" content=\"Architekt\u016bros fondas\" \/>\n<meta property=\"article:publisher\" content=\"https:\/\/www.facebook.com\/archfondas\" \/>\n<meta property=\"article:published_time\" content=\"2023-09-12T12:09:00+00:00\" \/>\n<meta property=\"article:modified_time\" content=\"2023-09-12T12:18:11+00:00\" \/>\n<meta property=\"og:image\" content=\"https:\/\/archfondas.lt\/wp-content\/uploads\/2023\/09\/IG_POST-01-768x768.png\" \/>\n\t<meta property=\"og:image:width\" content=\"768\" \/>\n\t<meta property=\"og:image:height\" content=\"768\" \/>\n\t<meta property=\"og:image:type\" content=\"image\/png\" \/>\n<meta name=\"author\" content=\"aiste\" \/>\n<meta name=\"twitter:card\" content=\"summary_large_image\" \/>\n<meta name=\"twitter:creator\" content=\"@archfondas\" \/>\n<meta name=\"twitter:site\" content=\"@archfondas\" \/>\n<meta name=\"twitter:label1\" content=\"Written by\" \/>\n\t<meta name=\"twitter:data1\" content=\"aiste\" \/>\n\t<meta name=\"twitter:label2\" content=\"Est. reading time\" \/>\n\t<meta name=\"twitter:data2\" content=\"2 minutes\" \/>\n<script type=\"application\/ld+json\" class=\"yoast-schema-graph\">{\"@context\":\"https:\/\/schema.org\",\"@graph\":[{\"@type\":\"Article\",\"@id\":\"https:\/\/archfondas.lt\/en\/keliaujancios-architekturos-dirbtuves-dalyvauja-parodoje-malmeje\/#article\",\"isPartOf\":{\"@id\":\"https:\/\/archfondas.lt\/en\/keliaujancios-architekturos-dirbtuves-dalyvauja-parodoje-malmeje\/\"},\"author\":{\"name\":\"aiste\",\"@id\":\"https:\/\/archfondas.lt\/#\/schema\/person\/97b63d7438f80ed4f33d145e7441be19\"},\"headline\":\"\u201eKeliaujan\u010dios Architekt\u016bros Dirbtuv\u0117s\u201c exhibits in Malm\u00f6\",\"datePublished\":\"2023-09-12T12:09:00+00:00\",\"dateModified\":\"2023-09-12T12:18:11+00:00\",\"mainEntityOfPage\":{\"@id\":\"https:\/\/archfondas.lt\/en\/keliaujancios-architekturos-dirbtuves-dalyvauja-parodoje-malmeje\/\"},\"wordCount\":214,\"commentCount\":0,\"publisher\":{\"@id\":\"https:\/\/archfondas.lt\/#organization\"},\"image\":{\"@id\":\"https:\/\/archfondas.lt\/en\/keliaujancios-architekturos-dirbtuves-dalyvauja-parodoje-malmeje\/#primaryimage\"},\"thumbnailUrl\":\"https:\/\/archfondas.lt\/wp-content\/uploads\/2023\/09\/IG_POST-01.png\",\"articleSection\":[\"Pranesimas\"],\"inLanguage\":\"en-US\",\"potentialAction\":[{\"@type\":\"CommentAction\",\"name\":\"Comment\",\"target\":[\"https:\/\/archfondas.lt\/en\/keliaujancios-architekturos-dirbtuves-dalyvauja-parodoje-malmeje\/#respond\"]}]},{\"@type\":\"WebPage\",\"@id\":\"https:\/\/archfondas.lt\/en\/keliaujancios-architekturos-dirbtuves-dalyvauja-parodoje-malmeje\/\",\"url\":\"https:\/\/archfondas.lt\/en\/keliaujancios-architekturos-dirbtuves-dalyvauja-parodoje-malmeje\/\",\"name\":\"\u201eKeliaujan\u010dios Architekt\u016bros Dirbtuv\u0117s\u201c exhibits in Malm\u00f6 &#8211; Architekt\u016bros fondas\",\"isPartOf\":{\"@id\":\"https:\/\/archfondas.lt\/#website\"},\"primaryImageOfPage\":{\"@id\":\"https:\/\/archfondas.lt\/en\/keliaujancios-architekturos-dirbtuves-dalyvauja-parodoje-malmeje\/#primaryimage\"},\"image\":{\"@id\":\"https:\/\/archfondas.lt\/en\/keliaujancios-architekturos-dirbtuves-dalyvauja-parodoje-malmeje\/#primaryimage\"},\"thumbnailUrl\":\"https:\/\/archfondas.lt\/wp-content\/uploads\/2023\/09\/IG_POST-01.png\",\"datePublished\":\"2023-09-12T12:09:00+00:00\",\"dateModified\":\"2023-09-12T12:18:11+00:00\",\"breadcrumb\":{\"@id\":\"https:\/\/archfondas.lt\/en\/keliaujancios-architekturos-dirbtuves-dalyvauja-parodoje-malmeje\/#breadcrumb\"},\"inLanguage\":\"en-US\",\"potentialAction\":[{\"@type\":\"ReadAction\",\"target\":[\"https:\/\/archfondas.lt\/en\/keliaujancios-architekturos-dirbtuves-dalyvauja-parodoje-malmeje\/\"]}]},{\"@type\":\"ImageObject\",\"inLanguage\":\"en-US\",\"@id\":\"https:\/\/archfondas.lt\/en\/keliaujancios-architekturos-dirbtuves-dalyvauja-parodoje-malmeje\/#primaryimage\",\"url\":\"https:\/\/archfondas.lt\/wp-content\/uploads\/2023\/09\/IG_POST-01.png\",\"contentUrl\":\"https:\/\/archfondas.lt\/wp-content\/uploads\/2023\/09\/IG_POST-01.png\",\"width\":4500,\"height\":4500,\"caption\":\"\u201cTravelling Architecture Network\u201d\"},{\"@type\":\"BreadcrumbList\",\"@id\":\"https:\/\/archfondas.lt\/en\/keliaujancios-architekturos-dirbtuves-dalyvauja-parodoje-malmeje\/#breadcrumb\",\"itemListElement\":[{\"@type\":\"ListItem\",\"position\":1,\"name\":\"Home\",\"item\":\"https:\/\/archfondas.lt\/en\/\"},{\"@type\":\"ListItem\",\"position\":2,\"name\":\"\u201eKeliaujan\u010dios Architekt\u016bros Dirbtuv\u0117s\u201c exhibits in Malm\u00f6\"}]},{\"@type\":\"WebSite\",\"@id\":\"https:\/\/archfondas.lt\/#website\",\"url\":\"https:\/\/archfondas.lt\/\",\"name\":\"Architekt\u016bros fondas\",\"description\":\"Mes esame nevyriausybin\u0117, pelno nesiekianti organizacija kurianti bei puosel\u0117janti architekt\u016bros kult\u016br\u0105.\",\"publisher\":{\"@id\":\"https:\/\/archfondas.lt\/#organization\"},\"potentialAction\":[{\"@type\":\"SearchAction\",\"target\":{\"@type\":\"EntryPoint\",\"urlTemplate\":\"https:\/\/archfondas.lt\/?s={search_term_string}\"},\"query-input\":{\"@type\":\"PropertyValueSpecification\",\"valueRequired\":true,\"valueName\":\"search_term_string\"}}],\"inLanguage\":\"en-US\"},{\"@type\":\"Organization\",\"@id\":\"https:\/\/archfondas.lt\/#organization\",\"name\":\"Architekt\u016bros fondas\",\"url\":\"https:\/\/archfondas.lt\/\",\"logo\":{\"@type\":\"ImageObject\",\"inLanguage\":\"en-US\",\"@id\":\"https:\/\/archfondas.lt\/#\/schema\/logo\/image\/\",\"url\":\"https:\/\/archfondas.lt\/wp-content\/uploads\/2023\/04\/archfondas-logo.svg\",\"contentUrl\":\"https:\/\/archfondas.lt\/wp-content\/uploads\/2023\/04\/archfondas-logo.svg\",\"width\":483,\"height\":124,\"caption\":\"Architekt\u016bros fondas\"},\"image\":{\"@id\":\"https:\/\/archfondas.lt\/#\/schema\/logo\/image\/\"},\"sameAs\":[\"https:\/\/www.facebook.com\/archfondas\",\"https:\/\/x.com\/archfondas\"]},{\"@type\":\"Person\",\"@id\":\"https:\/\/archfondas.lt\/#\/schema\/person\/97b63d7438f80ed4f33d145e7441be19\",\"name\":\"aiste\",\"image\":{\"@type\":\"ImageObject\",\"inLanguage\":\"en-US\",\"@id\":\"https:\/\/archfondas.lt\/#\/schema\/person\/image\/\",\"url\":\"https:\/\/secure.gravatar.com\/avatar\/a5ef93eecc3d7281c851c213a176d17d?s=96&d=mm&r=g\",\"contentUrl\":\"https:\/\/secure.gravatar.com\/avatar\/a5ef93eecc3d7281c851c213a176d17d?s=96&d=mm&r=g\",\"caption\":\"aiste\"},\"url\":\"https:\/\/archfondas.lt\/en\/author\/aiste\/\"}]}<\/script>\n<!-- \/ Yoast SEO plugin. -->","yoast_head_json":{"title":"\u201eKeliaujan\u010dios Architekt\u016bros Dirbtuv\u0117s\u201c exhibits in Malm\u00f6 &#8211; Architekt\u016bros fondas","robots":{"index":"index","follow":"follow","max-snippet":"max-snippet:-1","max-image-preview":"max-image-preview:large","max-video-preview":"max-video-preview:-1"},"canonical":"https:\/\/archfondas.lt\/en\/keliaujancios-architekturos-dirbtuves-dalyvauja-parodoje-malmeje\/","og_locale":"en_US","og_type":"article","og_title":"\u201eKeliaujan\u010dios Architekt\u016bros Dirbtuv\u0117s\u201c exhibits in Malm\u00f6 &#8211; Architekt\u016bros fondas","og_description":"In 2022 Architekt\u016bros fondas (Lithuania) together with V\u00e4xtv\u00e4rket (Sweden) and Aiming Spaces (Denmark) created the Traveling Architecture Network (TAN) &#8211; a collective of organizations that believe participation should not stop at the design and planning phase but rather that co-creative processes of public spaces should include the users such as local communities or children and [&hellip;]","og_url":"https:\/\/archfondas.lt\/en\/keliaujancios-architekturos-dirbtuves-dalyvauja-parodoje-malmeje\/","og_site_name":"Architekt\u016bros fondas","article_publisher":"https:\/\/www.facebook.com\/archfondas","article_published_time":"2023-09-12T12:09:00+00:00","article_modified_time":"2023-09-12T12:18:11+00:00","og_image":[{"width":768,"height":768,"url":"https:\/\/archfondas.lt\/wp-content\/uploads\/2023\/09\/IG_POST-01-768x768.png","type":"image\/png"}],"author":"aiste","twitter_card":"summary_large_image","twitter_creator":"@archfondas","twitter_site":"@archfondas","twitter_misc":{"Written by":"aiste","Est. reading time":"2 minutes"},"schema":{"@context":"https:\/\/schema.org","@graph":[{"@type":"Article","@id":"https:\/\/archfondas.lt\/en\/keliaujancios-architekturos-dirbtuves-dalyvauja-parodoje-malmeje\/#article","isPartOf":{"@id":"https:\/\/archfondas.lt\/en\/keliaujancios-architekturos-dirbtuves-dalyvauja-parodoje-malmeje\/"},"author":{"name":"aiste","@id":"https:\/\/archfondas.lt\/#\/schema\/person\/97b63d7438f80ed4f33d145e7441be19"},"headline":"\u201eKeliaujan\u010dios Architekt\u016bros Dirbtuv\u0117s\u201c exhibits in Malm\u00f6","datePublished":"2023-09-12T12:09:00+00:00","dateModified":"2023-09-12T12:18:11+00:00","mainEntityOfPage":{"@id":"https:\/\/archfondas.lt\/en\/keliaujancios-architekturos-dirbtuves-dalyvauja-parodoje-malmeje\/"},"wordCount":214,"commentCount":0,"publisher":{"@id":"https:\/\/archfondas.lt\/#organization"},"image":{"@id":"https:\/\/archfondas.lt\/en\/keliaujancios-architekturos-dirbtuves-dalyvauja-parodoje-malmeje\/#primaryimage"},"thumbnailUrl":"https:\/\/archfondas.lt\/wp-content\/uploads\/2023\/09\/IG_POST-01.png","articleSection":["Pranesimas"],"inLanguage":"en-US","potentialAction":[{"@type":"CommentAction","name":"Comment","target":["https:\/\/archfondas.lt\/en\/keliaujancios-architekturos-dirbtuves-dalyvauja-parodoje-malmeje\/#respond"]}]},{"@type":"WebPage","@id":"https:\/\/archfondas.lt\/en\/keliaujancios-architekturos-dirbtuves-dalyvauja-parodoje-malmeje\/","url":"https:\/\/archfondas.lt\/en\/keliaujancios-architekturos-dirbtuves-dalyvauja-parodoje-malmeje\/","name":"\u201eKeliaujan\u010dios Architekt\u016bros Dirbtuv\u0117s\u201c exhibits in Malm\u00f6 &#8211; Architekt\u016bros fondas","isPartOf":{"@id":"https:\/\/archfondas.lt\/#website"},"primaryImageOfPage":{"@id":"https:\/\/archfondas.lt\/en\/keliaujancios-architekturos-dirbtuves-dalyvauja-parodoje-malmeje\/#primaryimage"},"image":{"@id":"https:\/\/archfondas.lt\/en\/keliaujancios-architekturos-dirbtuves-dalyvauja-parodoje-malmeje\/#primaryimage"},"thumbnailUrl":"https:\/\/archfondas.lt\/wp-content\/uploads\/2023\/09\/IG_POST-01.png","datePublished":"2023-09-12T12:09:00+00:00","dateModified":"2023-09-12T12:18:11+00:00","breadcrumb":{"@id":"https:\/\/archfondas.lt\/en\/keliaujancios-architekturos-dirbtuves-dalyvauja-parodoje-malmeje\/#breadcrumb"},"inLanguage":"en-US","potentialAction":[{"@type":"ReadAction","target":["https:\/\/archfondas.lt\/en\/keliaujancios-architekturos-dirbtuves-dalyvauja-parodoje-malmeje\/"]}]},{"@type":"ImageObject","inLanguage":"en-US","@id":"https:\/\/archfondas.lt\/en\/keliaujancios-architekturos-dirbtuves-dalyvauja-parodoje-malmeje\/#primaryimage","url":"https:\/\/archfondas.lt\/wp-content\/uploads\/2023\/09\/IG_POST-01.png","contentUrl":"https:\/\/archfondas.lt\/wp-content\/uploads\/2023\/09\/IG_POST-01.png","width":4500,"height":4500,"caption":"\u201cTravelling Architecture Network\u201d"},{"@type":"BreadcrumbList","@id":"https:\/\/archfondas.lt\/en\/keliaujancios-architekturos-dirbtuves-dalyvauja-parodoje-malmeje\/#breadcrumb","itemListElement":[{"@type":"ListItem","position":1,"name":"Home","item":"https:\/\/archfondas.lt\/en\/"},{"@type":"ListItem","position":2,"name":"\u201eKeliaujan\u010dios Architekt\u016bros Dirbtuv\u0117s\u201c exhibits in Malm\u00f6"}]},{"@type":"WebSite","@id":"https:\/\/archfondas.lt\/#website","url":"https:\/\/archfondas.lt\/","name":"Architekt\u016bros fondas","description":"Mes esame nevyriausybin\u0117, pelno nesiekianti organizacija kurianti bei puosel\u0117janti architekt\u016bros kult\u016br\u0105.","publisher":{"@id":"https:\/\/archfondas.lt\/#organization"},"potentialAction":[{"@type":"SearchAction","target":{"@type":"EntryPoint","urlTemplate":"https:\/\/archfondas.lt\/?s={search_term_string}"},"query-input":{"@type":"PropertyValueSpecification","valueRequired":true,"valueName":"search_term_string"}}],"inLanguage":"en-US"},{"@type":"Organization","@id":"https:\/\/archfondas.lt\/#organization","name":"Architekt\u016bros fondas","url":"https:\/\/archfondas.lt\/","logo":{"@type":"ImageObject","inLanguage":"en-US","@id":"https:\/\/archfondas.lt\/#\/schema\/logo\/image\/","url":"https:\/\/archfondas.lt\/wp-content\/uploads\/2023\/04\/archfondas-logo.svg","contentUrl":"https:\/\/archfondas.lt\/wp-content\/uploads\/2023\/04\/archfondas-logo.svg","width":483,"height":124,"caption":"Architekt\u016bros fondas"},"image":{"@id":"https:\/\/archfondas.lt\/#\/schema\/logo\/image\/"},"sameAs":["https:\/\/www.facebook.com\/archfondas","https:\/\/x.com\/archfondas"]},{"@type":"Person","@id":"https:\/\/archfondas.lt\/#\/schema\/person\/97b63d7438f80ed4f33d145e7441be19","name":"aiste","image":{"@type":"ImageObject","inLanguage":"en-US","@id":"https:\/\/archfondas.lt\/#\/schema\/person\/image\/","url":"https:\/\/secure.gravatar.com\/avatar\/a5ef93eecc3d7281c851c213a176d17d?s=96&d=mm&r=g","contentUrl":"https:\/\/secure.gravatar.com\/avatar\/a5ef93eecc3d7281c851c213a176d17d?s=96&d=mm&r=g","caption":"aiste"},"url":"https:\/\/archfondas.lt\/en\/author\/aiste\/"}]}},"_links":{"self":[{"href":"https:\/\/archfondas.lt\/en\/wp-json\/wp\/v2\/posts\/26355","targetHints":{"allow":["GET"]}}],"collection":[{"href":"https:\/\/archfondas.lt\/en\/wp-json\/wp\/v2\/posts"}],"about":[{"href":"https:\/\/archfondas.lt\/en\/wp-json\/wp\/v2\/types\/post"}],"author":[{"embeddable":true,"href":"https:\/\/archfondas.lt\/en\/wp-json\/wp\/v2\/users\/6"}],"replies":[{"embeddable":true,"href":"https:\/\/archfondas.lt\/en\/wp-json\/wp\/v2\/comments?post=26355"}],"version-history":[{"count":4,"href":"https:\/\/archfondas.lt\/en\/wp-json\/wp\/v2\/posts\/26355\/revisions"}],"predecessor-version":[{"id":26366,"href":"https:\/\/archfondas.lt\/en\/wp-json\/wp\/v2\/posts\/26355\/revisions\/26366"}],"wp:featuredmedia":[{"embeddable":true,"href":"https:\/\/archfondas.lt\/en\/wp-json\/wp\/v2\/media\/26352"}],"wp:attachment":[{"href":"https:\/\/archfondas.lt\/en\/wp-json\/wp\/v2\/media?parent=26355"}],"wp:term":[{"taxonomy":"category","embeddable":true,"href":"https:\/\/archfondas.lt\/en\/wp-json\/wp\/v2\/categories?post=26355"},{"taxonomy":"post_tag","embeddable":true,"href":"https:\/\/archfondas.lt\/en\/wp-json\/wp\/v2\/tags?post=26355"}],"curies":[{"name":"wp","href":"https:\/\/api.w.org\/{rel}","templated":true}]}}