{"id":26478,"date":"2023-10-16T11:22:06","date_gmt":"2023-10-16T08:22:06","guid":{"rendered":"https:\/\/archfondas.lt\/paskelbti-eumies-awards-2024-m-nominantai-is-lietuvos\/"},"modified":"2023-10-17T10:22:28","modified_gmt":"2023-10-17T07:22:28","slug":"paskelbti-eumies-awards-2024-m-nominantai-is-lietuvos","status":"publish","type":"post","link":"https:\/\/archfondas.lt\/en\/paskelbti-eumies-awards-2024-m-nominantai-is-lietuvos\/","title":{"rendered":"Lithuania&#8217;s nominees for the 2024 EUmies Awards announced"},"content":{"rendered":"\n<p><\/p>\n\n\n\n<figure class=\"wp-block-image size-full\"><img loading=\"lazy\" decoding=\"async\" width=\"1000\" height=\"707\" src=\"https:\/\/archfondas.lt\/wp-content\/uploads\/2023\/10\/1048ceec3e7842304c8f0272ee15f488bfdd0f08.jpeg\" alt=\"\" class=\"wp-image-26526\" srcset=\"https:\/\/archfondas.lt\/wp-content\/uploads\/2023\/10\/1048ceec3e7842304c8f0272ee15f488bfdd0f08.jpeg 1000w, https:\/\/archfondas.lt\/wp-content\/uploads\/2023\/10\/1048ceec3e7842304c8f0272ee15f488bfdd0f08-300x212.jpeg 300w, https:\/\/archfondas.lt\/wp-content\/uploads\/2023\/10\/1048ceec3e7842304c8f0272ee15f488bfdd0f08-768x543.jpeg 768w\" sizes=\"auto, (max-width: 1000px) 100vw, 1000px\" \/><figcaption class=\"wp-element-caption\">Nuot. aut. Aist\u0117 Rakauskait\u0117<\/figcaption><\/figure>\n\n\n\n<p><a href=\"https:\/\/miesarch.com\/work\/5562\">Transformation of Soviet Kindergarten \u201cPeledziukas\u201d (DO ARCHITECTS)<\/a><\/p>\n\n\n\n<figure class=\"wp-block-image size-full\"><img loading=\"lazy\" decoding=\"async\" width=\"1000\" height=\"667\" src=\"https:\/\/archfondas.lt\/wp-content\/uploads\/2023\/10\/7619011e26338416fda5d4ee264d458ef8b3538a.jpeg\" alt=\"\" class=\"wp-image-26522\" srcset=\"https:\/\/archfondas.lt\/wp-content\/uploads\/2023\/10\/7619011e26338416fda5d4ee264d458ef8b3538a.jpeg 1000w, https:\/\/archfondas.lt\/wp-content\/uploads\/2023\/10\/7619011e26338416fda5d4ee264d458ef8b3538a-300x200.jpeg 300w, https:\/\/archfondas.lt\/wp-content\/uploads\/2023\/10\/7619011e26338416fda5d4ee264d458ef8b3538a-768x512.jpeg 768w\" sizes=\"auto, (max-width: 1000px) 100vw, 1000px\" \/><figcaption class=\"wp-element-caption\">Nuot. aut. Norbert Tukaj<\/figcaption><\/figure>\n\n\n\n<p><a href=\"https:\/\/miesarch.com\/work\/5561\">Reconstruction of Vilnius central post office into ISM university (A2SM, Senojo miesto architektai)<\/a><\/p>\n\n\n\n<figure class=\"wp-block-image size-large\"><img loading=\"lazy\" decoding=\"async\" width=\"1060\" height=\"749\" src=\"https:\/\/archfondas.lt\/wp-content\/uploads\/2023\/10\/02d0b7f355326d5ceea2b8157cf01c9962760dc4-1060x749.jpeg\" alt=\"\" class=\"wp-image-26518\" srcset=\"https:\/\/archfondas.lt\/wp-content\/uploads\/2023\/10\/02d0b7f355326d5ceea2b8157cf01c9962760dc4-1060x749.jpeg 1060w, https:\/\/archfondas.lt\/wp-content\/uploads\/2023\/10\/02d0b7f355326d5ceea2b8157cf01c9962760dc4-300x212.jpeg 300w, https:\/\/archfondas.lt\/wp-content\/uploads\/2023\/10\/02d0b7f355326d5ceea2b8157cf01c9962760dc4-768x543.jpeg 768w, https:\/\/archfondas.lt\/wp-content\/uploads\/2023\/10\/02d0b7f355326d5ceea2b8157cf01c9962760dc4.jpeg 1239w\" sizes=\"auto, (max-width: 1060px) 100vw, 1060px\" \/><figcaption class=\"wp-element-caption\">Nuot. aut. Lukas Mykolaitis<\/figcaption><\/figure>\n\n\n\n<p><a href=\"https:\/\/miesarch.com\/work\/5560\">Nemunas Island Bridge-Plaza (Isora x Lozuraityte Studio, Dominykas Daunys, About Architecture)<\/a><\/p>\n\n\n\n<figure class=\"wp-block-image size-full\"><img loading=\"lazy\" decoding=\"async\" width=\"1000\" height=\"707\" src=\"https:\/\/archfondas.lt\/wp-content\/uploads\/2023\/10\/bf03ef4356181bb8d8ed587ce93f61aadb3d84e2.jpeg\" alt=\"\" class=\"wp-image-26514\" srcset=\"https:\/\/archfondas.lt\/wp-content\/uploads\/2023\/10\/bf03ef4356181bb8d8ed587ce93f61aadb3d84e2.jpeg 1000w, https:\/\/archfondas.lt\/wp-content\/uploads\/2023\/10\/bf03ef4356181bb8d8ed587ce93f61aadb3d84e2-300x212.jpeg 300w, https:\/\/archfondas.lt\/wp-content\/uploads\/2023\/10\/bf03ef4356181bb8d8ed587ce93f61aadb3d84e2-768x543.jpeg 768w\" sizes=\"auto, (max-width: 1000px) 100vw, 1000px\" \/><figcaption class=\"wp-element-caption\">Nuot. aut. Norbert Tukaj<\/figcaption><\/figure>\n\n\n\n<p><a href=\"https:\/\/miesarch.com\/work\/5495\">Pilait\u0117 high-school (DO ARCHITECTS)<\/a><\/p>\n\n\n\n<figure class=\"wp-block-image size-full\"><img loading=\"lazy\" decoding=\"async\" width=\"707\" height=\"1000\" src=\"https:\/\/archfondas.lt\/wp-content\/uploads\/2023\/10\/8526c291ba9bb53be3ab29073d624ab4b0c286f4.jpeg\" alt=\"\" class=\"wp-image-26511\" srcset=\"https:\/\/archfondas.lt\/wp-content\/uploads\/2023\/10\/8526c291ba9bb53be3ab29073d624ab4b0c286f4.jpeg 707w, https:\/\/archfondas.lt\/wp-content\/uploads\/2023\/10\/8526c291ba9bb53be3ab29073d624ab4b0c286f4-212x300.jpeg 212w\" sizes=\"auto, (max-width: 707px) 100vw, 707px\" \/><figcaption class=\"wp-element-caption\">Nuot. aut. Gedmantas Kropis<\/figcaption><\/figure>\n\n\n\n<p><a href=\"https:\/\/miesarch.com\/work\/5485\">School reconstruction project (Senojo miesto architektai)<\/a><\/p>\n\n\n\n<figure class=\"wp-block-image size-full\"><img loading=\"lazy\" decoding=\"async\" width=\"1000\" height=\"707\" src=\"https:\/\/archfondas.lt\/wp-content\/uploads\/2023\/10\/99501f078c1aa78e1a5b791bee496ab747ad5d0a.jpeg\" alt=\"\" class=\"wp-image-26507\" srcset=\"https:\/\/archfondas.lt\/wp-content\/uploads\/2023\/10\/99501f078c1aa78e1a5b791bee496ab747ad5d0a.jpeg 1000w, https:\/\/archfondas.lt\/wp-content\/uploads\/2023\/10\/99501f078c1aa78e1a5b791bee496ab747ad5d0a-300x212.jpeg 300w, https:\/\/archfondas.lt\/wp-content\/uploads\/2023\/10\/99501f078c1aa78e1a5b791bee496ab747ad5d0a-768x543.jpeg 768w\" sizes=\"auto, (max-width: 1000px) 100vw, 1000px\" \/><figcaption class=\"wp-element-caption\">Nuot. aut. Leonas Garba\u010diauskas<\/figcaption><\/figure>\n\n\n\n<p><a href=\"https:\/\/miesarch.com\/work\/5483\">House Krivis (Studija Lape)<\/a><\/p>\n\n\n\n<figure class=\"wp-block-image size-full\"><img loading=\"lazy\" decoding=\"async\" width=\"1000\" height=\"707\" src=\"https:\/\/archfondas.lt\/wp-content\/uploads\/2023\/10\/74212e88307c6d357f95aee55cdc104dbf6190d6.jpeg\" alt=\"\" class=\"wp-image-26503\" srcset=\"https:\/\/archfondas.lt\/wp-content\/uploads\/2023\/10\/74212e88307c6d357f95aee55cdc104dbf6190d6.jpeg 1000w, https:\/\/archfondas.lt\/wp-content\/uploads\/2023\/10\/74212e88307c6d357f95aee55cdc104dbf6190d6-300x212.jpeg 300w, https:\/\/archfondas.lt\/wp-content\/uploads\/2023\/10\/74212e88307c6d357f95aee55cdc104dbf6190d6-768x543.jpeg 768w\" sizes=\"auto, (max-width: 1000px) 100vw, 1000px\" \/><figcaption class=\"wp-element-caption\">Nuot. aut. Leonas Garba\u010dauskas<\/figcaption><\/figure>\n\n\n\n<p><a href=\"https:\/\/miesarch.com\/work\/5482\">\u017dalgiris arena multifunctional water sports centre (E. Mili\u016bno studija)<\/a><\/p>\n\n\n\n<figure class=\"wp-block-image size-full\"><img loading=\"lazy\" decoding=\"async\" width=\"1000\" height=\"707\" src=\"https:\/\/archfondas.lt\/wp-content\/uploads\/2023\/10\/9e318b23e307d337afd5e1a9525ac7277380a1d5.jpeg\" alt=\"\" class=\"wp-image-26499\" srcset=\"https:\/\/archfondas.lt\/wp-content\/uploads\/2023\/10\/9e318b23e307d337afd5e1a9525ac7277380a1d5.jpeg 1000w, https:\/\/archfondas.lt\/wp-content\/uploads\/2023\/10\/9e318b23e307d337afd5e1a9525ac7277380a1d5-300x212.jpeg 300w, https:\/\/archfondas.lt\/wp-content\/uploads\/2023\/10\/9e318b23e307d337afd5e1a9525ac7277380a1d5-768x543.jpeg 768w\" sizes=\"auto, (max-width: 1000px) 100vw, 1000px\" \/><figcaption class=\"wp-element-caption\">Nuot. aut. \u0160ar\u016bnas Kiaun\u0117<\/figcaption><\/figure>\n\n\n\n<p><a href=\"https:\/\/miesarch.com\/work\/5481\">Multifunctional hall on lake Zarasas island (\u0160ar\u016bno Kiaun\u0117s projektavimo studija)<\/a><\/p>\n\n\n\n<figure class=\"wp-block-image size-full\"><img loading=\"lazy\" decoding=\"async\" width=\"1000\" height=\"707\" src=\"https:\/\/archfondas.lt\/wp-content\/uploads\/2023\/10\/a7b5ba23a8880964bedb52b6ba602b999ee02f6e.jpeg\" alt=\"\" class=\"wp-image-26497\" srcset=\"https:\/\/archfondas.lt\/wp-content\/uploads\/2023\/10\/a7b5ba23a8880964bedb52b6ba602b999ee02f6e.jpeg 1000w, https:\/\/archfondas.lt\/wp-content\/uploads\/2023\/10\/a7b5ba23a8880964bedb52b6ba602b999ee02f6e-300x212.jpeg 300w, https:\/\/archfondas.lt\/wp-content\/uploads\/2023\/10\/a7b5ba23a8880964bedb52b6ba602b999ee02f6e-768x543.jpeg 768w\" sizes=\"auto, (max-width: 1000px) 100vw, 1000px\" \/><figcaption class=\"wp-element-caption\">Nuot. aut. R\u016bta Asrasevi\u010di\u016bt\u0117<\/figcaption><\/figure>\n\n\n\n<p><a href=\"https:\/\/miesarch.com\/work\/5472\">Museum of Urban Wooden Architecture (JSC Vilniaus Planas)<\/a><\/p>\n\n\n\n<figure class=\"wp-block-image size-full\"><img loading=\"lazy\" decoding=\"async\" width=\"1000\" height=\"667\" src=\"https:\/\/archfondas.lt\/wp-content\/uploads\/2023\/10\/ce0a82a7e1506074bef5dd8f8225bc15474ce906.jpeg\" alt=\"\" class=\"wp-image-26495\" srcset=\"https:\/\/archfondas.lt\/wp-content\/uploads\/2023\/10\/ce0a82a7e1506074bef5dd8f8225bc15474ce906.jpeg 1000w, https:\/\/archfondas.lt\/wp-content\/uploads\/2023\/10\/ce0a82a7e1506074bef5dd8f8225bc15474ce906-300x200.jpeg 300w, https:\/\/archfondas.lt\/wp-content\/uploads\/2023\/10\/ce0a82a7e1506074bef5dd8f8225bc15474ce906-768x512.jpeg 768w\" sizes=\"auto, (max-width: 1000px) 100vw, 1000px\" \/><figcaption class=\"wp-element-caption\">Nuot. aut. Norbert Tukaj<\/figcaption><\/figure>\n\n\n\n<p><a href=\"https:\/\/miesarch.com\/work\/5470\">\u201cLojoteka\u201d. Educational Media Center (INBLUM architects, Senamies\u010dio projektai)<\/a><\/p>\n\n\n\n<figure class=\"wp-block-image size-full\"><img loading=\"lazy\" decoding=\"async\" width=\"1000\" height=\"707\" src=\"https:\/\/archfondas.lt\/wp-content\/uploads\/2023\/10\/1a9b14d86fd68e97d1a5b952703d74b68a792b71.jpeg\" alt=\"\" class=\"wp-image-26493\" srcset=\"https:\/\/archfondas.lt\/wp-content\/uploads\/2023\/10\/1a9b14d86fd68e97d1a5b952703d74b68a792b71.jpeg 1000w, https:\/\/archfondas.lt\/wp-content\/uploads\/2023\/10\/1a9b14d86fd68e97d1a5b952703d74b68a792b71-300x212.jpeg 300w, https:\/\/archfondas.lt\/wp-content\/uploads\/2023\/10\/1a9b14d86fd68e97d1a5b952703d74b68a792b71-768x543.jpeg 768w\" sizes=\"auto, (max-width: 1000px) 100vw, 1000px\" \/><figcaption class=\"wp-element-caption\">Nuot. aut. Norbert Tukaj<\/figcaption><\/figure>\n\n\n\n<p><a href=\"https:\/\/miesarch.com\/work\/5271\">Family retreat house VASARA (HEIMA architects)<\/a><\/p>\n\n\n\n<figure class=\"wp-block-image size-full\"><img loading=\"lazy\" decoding=\"async\" width=\"1000\" height=\"707\" src=\"https:\/\/archfondas.lt\/wp-content\/uploads\/2023\/10\/53e2a2919c5938d593ee09bb531ef4b5a3a01235.jpeg\" alt=\"\" class=\"wp-image-26491\" srcset=\"https:\/\/archfondas.lt\/wp-content\/uploads\/2023\/10\/53e2a2919c5938d593ee09bb531ef4b5a3a01235.jpeg 1000w, https:\/\/archfondas.lt\/wp-content\/uploads\/2023\/10\/53e2a2919c5938d593ee09bb531ef4b5a3a01235-300x212.jpeg 300w, https:\/\/archfondas.lt\/wp-content\/uploads\/2023\/10\/53e2a2919c5938d593ee09bb531ef4b5a3a01235-768x543.jpeg 768w\" sizes=\"auto, (max-width: 1000px) 100vw, 1000px\" \/><figcaption class=\"wp-element-caption\">Nuot. aut. Lukas Jusas<\/figcaption><\/figure>\n\n\n\n<p><a href=\"https:\/\/miesarch.com\/work\/5266\">Aqua urban fabric SALOS-1 in Svencele (DO ARCHITECTS)<\/a><\/p>\n\n\n\n<figure class=\"wp-block-image size-full\"><img loading=\"lazy\" decoding=\"async\" width=\"1000\" height=\"707\" src=\"https:\/\/archfondas.lt\/wp-content\/uploads\/2023\/10\/7e21adb2ad176f9549227821411f8b9ebeac68ab.jpeg\" alt=\"\" class=\"wp-image-26489\" srcset=\"https:\/\/archfondas.lt\/wp-content\/uploads\/2023\/10\/7e21adb2ad176f9549227821411f8b9ebeac68ab.jpeg 1000w, https:\/\/archfondas.lt\/wp-content\/uploads\/2023\/10\/7e21adb2ad176f9549227821411f8b9ebeac68ab-300x212.jpeg 300w, https:\/\/archfondas.lt\/wp-content\/uploads\/2023\/10\/7e21adb2ad176f9549227821411f8b9ebeac68ab-768x543.jpeg 768w\" sizes=\"auto, (max-width: 1000px) 100vw, 1000px\" \/><figcaption class=\"wp-element-caption\">Nuot. aut. Darius Petrulaitis<\/figcaption><\/figure>\n\n\n\n<p><a href=\"https:\/\/miesarch.com\/work\/5176\">FF2 Optics House (Isora x Lozuraityte Studio)<\/a><\/p>\n\n\n\n<p>Organised by: Architekt\u016bros fondas, Interjeras.lt, LITEXPO.<\/p>\n","protected":false},"excerpt":{"rendered":"<p>Transformation of Soviet Kindergarten \u201cPeledziukas\u201d (DO ARCHITECTS) Reconstruction of Vilnius central post office into ISM university (A2SM, Senojo miesto architektai) Nemunas Island Bridge-Plaza (Isora x Lozuraityte Studio, Dominykas Daunys, About Architecture) Pilait\u0117 high-school (DO ARCHITECTS) School reconstruction project (Senojo miesto architektai) House Krivis (Studija Lape) \u017dalgiris arena multifunctional water sports centre (E. Mili\u016bno studija) Multifunctional [&hellip;]<\/p>\n","protected":false},"author":6,"featured_media":26475,"comment_status":"open","ping_status":"open","sticky":false,"template":"","format":"standard","meta":{"_acf_changed":false,"footnotes":""},"categories":[5],"tags":[],"class_list":["post-26478","post","type-post","status-publish","format-standard","has-post-thumbnail","hentry","category-message-en"],"acf":[],"yoast_head":"<!-- This site is optimized with the Yoast SEO plugin v24.1 - https:\/\/yoast.com\/wordpress\/plugins\/seo\/ -->\n<title>Lithuania&#039;s nominees for the 2024 EUmies Awards announced &#8211; Architekt\u016bros fondas<\/title>\n<meta name=\"robots\" content=\"index, follow, max-snippet:-1, max-image-preview:large, max-video-preview:-1\" \/>\n<link rel=\"canonical\" href=\"https:\/\/archfondas.lt\/en\/paskelbti-eumies-awards-2024-m-nominantai-is-lietuvos\/\" \/>\n<meta property=\"og:locale\" content=\"en_US\" \/>\n<meta property=\"og:type\" content=\"article\" \/>\n<meta property=\"og:title\" content=\"Lithuania&#039;s nominees for the 2024 EUmies Awards announced &#8211; Architekt\u016bros fondas\" \/>\n<meta property=\"og:description\" content=\"Transformation of Soviet Kindergarten \u201cPeledziukas\u201d (DO ARCHITECTS) Reconstruction of Vilnius central post office into ISM university (A2SM, Senojo miesto architektai) Nemunas Island Bridge-Plaza (Isora x Lozuraityte Studio, Dominykas Daunys, About Architecture) Pilait\u0117 high-school (DO ARCHITECTS) School reconstruction project (Senojo miesto architektai) House Krivis (Studija Lape) \u017dalgiris arena multifunctional water sports centre (E. Mili\u016bno studija) Multifunctional [&hellip;]\" \/>\n<meta property=\"og:url\" content=\"https:\/\/archfondas.lt\/en\/paskelbti-eumies-awards-2024-m-nominantai-is-lietuvos\/\" \/>\n<meta property=\"og:site_name\" content=\"Architekt\u016bros fondas\" \/>\n<meta property=\"article:publisher\" content=\"https:\/\/www.facebook.com\/archfondas\" \/>\n<meta property=\"article:published_time\" content=\"2023-10-16T08:22:06+00:00\" \/>\n<meta property=\"article:modified_time\" content=\"2023-10-17T07:22:28+00:00\" \/>\n<meta property=\"og:image\" content=\"https:\/\/archfondas.lt\/wp-content\/uploads\/2023\/10\/DSC_6749-scaled.jpg\" \/>\n\t<meta property=\"og:image:width\" content=\"2560\" \/>\n\t<meta property=\"og:image:height\" content=\"1709\" \/>\n\t<meta property=\"og:image:type\" content=\"image\/jpeg\" \/>\n<meta name=\"author\" content=\"aiste\" \/>\n<meta name=\"twitter:card\" content=\"summary_large_image\" \/>\n<meta name=\"twitter:creator\" content=\"@archfondas\" \/>\n<meta name=\"twitter:site\" content=\"@archfondas\" \/>\n<meta name=\"twitter:label1\" content=\"Written by\" \/>\n\t<meta name=\"twitter:data1\" content=\"aiste\" \/>\n\t<meta name=\"twitter:label2\" content=\"Est. reading time\" \/>\n\t<meta name=\"twitter:data2\" content=\"4 minutes\" \/>\n<script type=\"application\/ld+json\" class=\"yoast-schema-graph\">{\"@context\":\"https:\/\/schema.org\",\"@graph\":[{\"@type\":\"Article\",\"@id\":\"https:\/\/archfondas.lt\/en\/paskelbti-eumies-awards-2024-m-nominantai-is-lietuvos\/#article\",\"isPartOf\":{\"@id\":\"https:\/\/archfondas.lt\/en\/paskelbti-eumies-awards-2024-m-nominantai-is-lietuvos\/\"},\"author\":{\"name\":\"aiste\",\"@id\":\"https:\/\/archfondas.lt\/#\/schema\/person\/97b63d7438f80ed4f33d145e7441be19\"},\"headline\":\"Lithuania&#8217;s nominees for the 2024 EUmies Awards announced\",\"datePublished\":\"2023-10-16T08:22:06+00:00\",\"dateModified\":\"2023-10-17T07:22:28+00:00\",\"mainEntityOfPage\":{\"@id\":\"https:\/\/archfondas.lt\/en\/paskelbti-eumies-awards-2024-m-nominantai-is-lietuvos\/\"},\"wordCount\":180,\"commentCount\":0,\"publisher\":{\"@id\":\"https:\/\/archfondas.lt\/#organization\"},\"image\":{\"@id\":\"https:\/\/archfondas.lt\/en\/paskelbti-eumies-awards-2024-m-nominantai-is-lietuvos\/#primaryimage\"},\"thumbnailUrl\":\"https:\/\/archfondas.lt\/wp-content\/uploads\/2023\/10\/DSC_6749-scaled.jpg\",\"articleSection\":[\"Pranesimas\"],\"inLanguage\":\"en-US\",\"potentialAction\":[{\"@type\":\"CommentAction\",\"name\":\"Comment\",\"target\":[\"https:\/\/archfondas.lt\/en\/paskelbti-eumies-awards-2024-m-nominantai-is-lietuvos\/#respond\"]}]},{\"@type\":\"WebPage\",\"@id\":\"https:\/\/archfondas.lt\/en\/paskelbti-eumies-awards-2024-m-nominantai-is-lietuvos\/\",\"url\":\"https:\/\/archfondas.lt\/en\/paskelbti-eumies-awards-2024-m-nominantai-is-lietuvos\/\",\"name\":\"Lithuania's nominees for the 2024 EUmies Awards announced &#8211; Architekt\u016bros fondas\",\"isPartOf\":{\"@id\":\"https:\/\/archfondas.lt\/#website\"},\"primaryImageOfPage\":{\"@id\":\"https:\/\/archfondas.lt\/en\/paskelbti-eumies-awards-2024-m-nominantai-is-lietuvos\/#primaryimage\"},\"image\":{\"@id\":\"https:\/\/archfondas.lt\/en\/paskelbti-eumies-awards-2024-m-nominantai-is-lietuvos\/#primaryimage\"},\"thumbnailUrl\":\"https:\/\/archfondas.lt\/wp-content\/uploads\/2023\/10\/DSC_6749-scaled.jpg\",\"datePublished\":\"2023-10-16T08:22:06+00:00\",\"dateModified\":\"2023-10-17T07:22:28+00:00\",\"breadcrumb\":{\"@id\":\"https:\/\/archfondas.lt\/en\/paskelbti-eumies-awards-2024-m-nominantai-is-lietuvos\/#breadcrumb\"},\"inLanguage\":\"en-US\",\"potentialAction\":[{\"@type\":\"ReadAction\",\"target\":[\"https:\/\/archfondas.lt\/en\/paskelbti-eumies-awards-2024-m-nominantai-is-lietuvos\/\"]}]},{\"@type\":\"ImageObject\",\"inLanguage\":\"en-US\",\"@id\":\"https:\/\/archfondas.lt\/en\/paskelbti-eumies-awards-2024-m-nominantai-is-lietuvos\/#primaryimage\",\"url\":\"https:\/\/archfondas.lt\/wp-content\/uploads\/2023\/10\/DSC_6749-scaled.jpg\",\"contentUrl\":\"https:\/\/archfondas.lt\/wp-content\/uploads\/2023\/10\/DSC_6749-scaled.jpg\",\"width\":2560,\"height\":1709,\"caption\":\"Nuot. aut. FOCUS DIVISIONS\"},{\"@type\":\"BreadcrumbList\",\"@id\":\"https:\/\/archfondas.lt\/en\/paskelbti-eumies-awards-2024-m-nominantai-is-lietuvos\/#breadcrumb\",\"itemListElement\":[{\"@type\":\"ListItem\",\"position\":1,\"name\":\"Home\",\"item\":\"https:\/\/archfondas.lt\/en\/\"},{\"@type\":\"ListItem\",\"position\":2,\"name\":\"Lithuania&#8217;s nominees for the 2024 EUmies Awards announced\"}]},{\"@type\":\"WebSite\",\"@id\":\"https:\/\/archfondas.lt\/#website\",\"url\":\"https:\/\/archfondas.lt\/\",\"name\":\"Architekt\u016bros fondas\",\"description\":\"Mes esame nevyriausybin\u0117, pelno nesiekianti organizacija kurianti bei puosel\u0117janti architekt\u016bros kult\u016br\u0105.\",\"publisher\":{\"@id\":\"https:\/\/archfondas.lt\/#organization\"},\"potentialAction\":[{\"@type\":\"SearchAction\",\"target\":{\"@type\":\"EntryPoint\",\"urlTemplate\":\"https:\/\/archfondas.lt\/?s={search_term_string}\"},\"query-input\":{\"@type\":\"PropertyValueSpecification\",\"valueRequired\":true,\"valueName\":\"search_term_string\"}}],\"inLanguage\":\"en-US\"},{\"@type\":\"Organization\",\"@id\":\"https:\/\/archfondas.lt\/#organization\",\"name\":\"Architekt\u016bros fondas\",\"url\":\"https:\/\/archfondas.lt\/\",\"logo\":{\"@type\":\"ImageObject\",\"inLanguage\":\"en-US\",\"@id\":\"https:\/\/archfondas.lt\/#\/schema\/logo\/image\/\",\"url\":\"https:\/\/archfondas.lt\/wp-content\/uploads\/2023\/04\/archfondas-logo.svg\",\"contentUrl\":\"https:\/\/archfondas.lt\/wp-content\/uploads\/2023\/04\/archfondas-logo.svg\",\"width\":483,\"height\":124,\"caption\":\"Architekt\u016bros fondas\"},\"image\":{\"@id\":\"https:\/\/archfondas.lt\/#\/schema\/logo\/image\/\"},\"sameAs\":[\"https:\/\/www.facebook.com\/archfondas\",\"https:\/\/x.com\/archfondas\"]},{\"@type\":\"Person\",\"@id\":\"https:\/\/archfondas.lt\/#\/schema\/person\/97b63d7438f80ed4f33d145e7441be19\",\"name\":\"aiste\",\"image\":{\"@type\":\"ImageObject\",\"inLanguage\":\"en-US\",\"@id\":\"https:\/\/archfondas.lt\/#\/schema\/person\/image\/\",\"url\":\"https:\/\/secure.gravatar.com\/avatar\/a5ef93eecc3d7281c851c213a176d17d?s=96&d=mm&r=g\",\"contentUrl\":\"https:\/\/secure.gravatar.com\/avatar\/a5ef93eecc3d7281c851c213a176d17d?s=96&d=mm&r=g\",\"caption\":\"aiste\"},\"url\":\"https:\/\/archfondas.lt\/en\/author\/aiste\/\"}]}<\/script>\n<!-- \/ Yoast SEO plugin. -->","yoast_head_json":{"title":"Lithuania's nominees for the 2024 EUmies Awards announced &#8211; Architekt\u016bros fondas","robots":{"index":"index","follow":"follow","max-snippet":"max-snippet:-1","max-image-preview":"max-image-preview:large","max-video-preview":"max-video-preview:-1"},"canonical":"https:\/\/archfondas.lt\/en\/paskelbti-eumies-awards-2024-m-nominantai-is-lietuvos\/","og_locale":"en_US","og_type":"article","og_title":"Lithuania's nominees for the 2024 EUmies Awards announced &#8211; Architekt\u016bros fondas","og_description":"Transformation of Soviet Kindergarten \u201cPeledziukas\u201d (DO ARCHITECTS) Reconstruction of Vilnius central post office into ISM university (A2SM, Senojo miesto architektai) Nemunas Island Bridge-Plaza (Isora x Lozuraityte Studio, Dominykas Daunys, About Architecture) Pilait\u0117 high-school (DO ARCHITECTS) School reconstruction project (Senojo miesto architektai) House Krivis (Studija Lape) \u017dalgiris arena multifunctional water sports centre (E. Mili\u016bno studija) Multifunctional [&hellip;]","og_url":"https:\/\/archfondas.lt\/en\/paskelbti-eumies-awards-2024-m-nominantai-is-lietuvos\/","og_site_name":"Architekt\u016bros fondas","article_publisher":"https:\/\/www.facebook.com\/archfondas","article_published_time":"2023-10-16T08:22:06+00:00","article_modified_time":"2023-10-17T07:22:28+00:00","og_image":[{"width":2560,"height":1709,"url":"https:\/\/archfondas.lt\/wp-content\/uploads\/2023\/10\/DSC_6749-scaled.jpg","type":"image\/jpeg"}],"author":"aiste","twitter_card":"summary_large_image","twitter_creator":"@archfondas","twitter_site":"@archfondas","twitter_misc":{"Written by":"aiste","Est. reading time":"4 minutes"},"schema":{"@context":"https:\/\/schema.org","@graph":[{"@type":"Article","@id":"https:\/\/archfondas.lt\/en\/paskelbti-eumies-awards-2024-m-nominantai-is-lietuvos\/#article","isPartOf":{"@id":"https:\/\/archfondas.lt\/en\/paskelbti-eumies-awards-2024-m-nominantai-is-lietuvos\/"},"author":{"name":"aiste","@id":"https:\/\/archfondas.lt\/#\/schema\/person\/97b63d7438f80ed4f33d145e7441be19"},"headline":"Lithuania&#8217;s nominees for the 2024 EUmies Awards announced","datePublished":"2023-10-16T08:22:06+00:00","dateModified":"2023-10-17T07:22:28+00:00","mainEntityOfPage":{"@id":"https:\/\/archfondas.lt\/en\/paskelbti-eumies-awards-2024-m-nominantai-is-lietuvos\/"},"wordCount":180,"commentCount":0,"publisher":{"@id":"https:\/\/archfondas.lt\/#organization"},"image":{"@id":"https:\/\/archfondas.lt\/en\/paskelbti-eumies-awards-2024-m-nominantai-is-lietuvos\/#primaryimage"},"thumbnailUrl":"https:\/\/archfondas.lt\/wp-content\/uploads\/2023\/10\/DSC_6749-scaled.jpg","articleSection":["Pranesimas"],"inLanguage":"en-US","potentialAction":[{"@type":"CommentAction","name":"Comment","target":["https:\/\/archfondas.lt\/en\/paskelbti-eumies-awards-2024-m-nominantai-is-lietuvos\/#respond"]}]},{"@type":"WebPage","@id":"https:\/\/archfondas.lt\/en\/paskelbti-eumies-awards-2024-m-nominantai-is-lietuvos\/","url":"https:\/\/archfondas.lt\/en\/paskelbti-eumies-awards-2024-m-nominantai-is-lietuvos\/","name":"Lithuania's nominees for the 2024 EUmies Awards announced &#8211; Architekt\u016bros fondas","isPartOf":{"@id":"https:\/\/archfondas.lt\/#website"},"primaryImageOfPage":{"@id":"https:\/\/archfondas.lt\/en\/paskelbti-eumies-awards-2024-m-nominantai-is-lietuvos\/#primaryimage"},"image":{"@id":"https:\/\/archfondas.lt\/en\/paskelbti-eumies-awards-2024-m-nominantai-is-lietuvos\/#primaryimage"},"thumbnailUrl":"https:\/\/archfondas.lt\/wp-content\/uploads\/2023\/10\/DSC_6749-scaled.jpg","datePublished":"2023-10-16T08:22:06+00:00","dateModified":"2023-10-17T07:22:28+00:00","breadcrumb":{"@id":"https:\/\/archfondas.lt\/en\/paskelbti-eumies-awards-2024-m-nominantai-is-lietuvos\/#breadcrumb"},"inLanguage":"en-US","potentialAction":[{"@type":"ReadAction","target":["https:\/\/archfondas.lt\/en\/paskelbti-eumies-awards-2024-m-nominantai-is-lietuvos\/"]}]},{"@type":"ImageObject","inLanguage":"en-US","@id":"https:\/\/archfondas.lt\/en\/paskelbti-eumies-awards-2024-m-nominantai-is-lietuvos\/#primaryimage","url":"https:\/\/archfondas.lt\/wp-content\/uploads\/2023\/10\/DSC_6749-scaled.jpg","contentUrl":"https:\/\/archfondas.lt\/wp-content\/uploads\/2023\/10\/DSC_6749-scaled.jpg","width":2560,"height":1709,"caption":"Nuot. aut. FOCUS DIVISIONS"},{"@type":"BreadcrumbList","@id":"https:\/\/archfondas.lt\/en\/paskelbti-eumies-awards-2024-m-nominantai-is-lietuvos\/#breadcrumb","itemListElement":[{"@type":"ListItem","position":1,"name":"Home","item":"https:\/\/archfondas.lt\/en\/"},{"@type":"ListItem","position":2,"name":"Lithuania&#8217;s nominees for the 2024 EUmies Awards announced"}]},{"@type":"WebSite","@id":"https:\/\/archfondas.lt\/#website","url":"https:\/\/archfondas.lt\/","name":"Architekt\u016bros fondas","description":"Mes esame nevyriausybin\u0117, pelno nesiekianti organizacija kurianti bei puosel\u0117janti architekt\u016bros kult\u016br\u0105.","publisher":{"@id":"https:\/\/archfondas.lt\/#organization"},"potentialAction":[{"@type":"SearchAction","target":{"@type":"EntryPoint","urlTemplate":"https:\/\/archfondas.lt\/?s={search_term_string}"},"query-input":{"@type":"PropertyValueSpecification","valueRequired":true,"valueName":"search_term_string"}}],"inLanguage":"en-US"},{"@type":"Organization","@id":"https:\/\/archfondas.lt\/#organization","name":"Architekt\u016bros fondas","url":"https:\/\/archfondas.lt\/","logo":{"@type":"ImageObject","inLanguage":"en-US","@id":"https:\/\/archfondas.lt\/#\/schema\/logo\/image\/","url":"https:\/\/archfondas.lt\/wp-content\/uploads\/2023\/04\/archfondas-logo.svg","contentUrl":"https:\/\/archfondas.lt\/wp-content\/uploads\/2023\/04\/archfondas-logo.svg","width":483,"height":124,"caption":"Architekt\u016bros fondas"},"image":{"@id":"https:\/\/archfondas.lt\/#\/schema\/logo\/image\/"},"sameAs":["https:\/\/www.facebook.com\/archfondas","https:\/\/x.com\/archfondas"]},{"@type":"Person","@id":"https:\/\/archfondas.lt\/#\/schema\/person\/97b63d7438f80ed4f33d145e7441be19","name":"aiste","image":{"@type":"ImageObject","inLanguage":"en-US","@id":"https:\/\/archfondas.lt\/#\/schema\/person\/image\/","url":"https:\/\/secure.gravatar.com\/avatar\/a5ef93eecc3d7281c851c213a176d17d?s=96&d=mm&r=g","contentUrl":"https:\/\/secure.gravatar.com\/avatar\/a5ef93eecc3d7281c851c213a176d17d?s=96&d=mm&r=g","caption":"aiste"},"url":"https:\/\/archfondas.lt\/en\/author\/aiste\/"}]}},"_links":{"self":[{"href":"https:\/\/archfondas.lt\/en\/wp-json\/wp\/v2\/posts\/26478","targetHints":{"allow":["GET"]}}],"collection":[{"href":"https:\/\/archfondas.lt\/en\/wp-json\/wp\/v2\/posts"}],"about":[{"href":"https:\/\/archfondas.lt\/en\/wp-json\/wp\/v2\/types\/post"}],"author":[{"embeddable":true,"href":"https:\/\/archfondas.lt\/en\/wp-json\/wp\/v2\/users\/6"}],"replies":[{"embeddable":true,"href":"https:\/\/archfondas.lt\/en\/wp-json\/wp\/v2\/comments?post=26478"}],"version-history":[{"count":3,"href":"https:\/\/archfondas.lt\/en\/wp-json\/wp\/v2\/posts\/26478\/revisions"}],"predecessor-version":[{"id":26537,"href":"https:\/\/archfondas.lt\/en\/wp-json\/wp\/v2\/posts\/26478\/revisions\/26537"}],"wp:featuredmedia":[{"embeddable":true,"href":"https:\/\/archfondas.lt\/en\/wp-json\/wp\/v2\/media\/26475"}],"wp:attachment":[{"href":"https:\/\/archfondas.lt\/en\/wp-json\/wp\/v2\/media?parent=26478"}],"wp:term":[{"taxonomy":"category","embeddable":true,"href":"https:\/\/archfondas.lt\/en\/wp-json\/wp\/v2\/categories?post=26478"},{"taxonomy":"post_tag","embeddable":true,"href":"https:\/\/archfondas.lt\/en\/wp-json\/wp\/v2\/tags?post=26478"}],"curies":[{"name":"wp","href":"https:\/\/api.w.org\/{rel}","templated":true}]}}