{"id":26548,"date":"2023-10-24T15:04:53","date_gmt":"2023-10-24T12:04:53","guid":{"rendered":"https:\/\/archfondas.lt\/izvelgti-nebematoma-eksperimentu-platformos-baigiamasis-renginys-kviecia-atkreipti-demesi-i-aplinkos-stebejimo-praktikas\/"},"modified":"2023-10-24T15:15:12","modified_gmt":"2023-10-24T12:15:12","slug":"izvelgti-nebematoma-eksperimentu-platformos-baigiamasis-renginys-kviecia-atkreipti-demesi-i-aplinkos-stebejimo-praktikas","status":"publish","type":"post","link":"https:\/\/archfondas.lt\/en\/izvelgti-nebematoma-eksperimentu-platformos-baigiamasis-renginys-kviecia-atkreipti-demesi-i-aplinkos-stebejimo-praktikas\/","title":{"rendered":"&#8220;To take on notice&#8221; &#8211; final event of the Experiments&#8217; Platform to draw attention to environmental monitoring practices"},"content":{"rendered":"\n<p>In the third season of the Experiments Platform, Egl\u0117 Kliu\u010dinskait\u0117, Vika Pranaityt\u0117, Magdalena Beliavska and Ervinas Bla\u017eys reflect on the practices of environmental observation and self-care from different perspectives in individual projects. Their discoveries are based on experiments, untested methods and trials and tribulations, which were overcome together with a team of mentors from the European LINA platform, who worked together for five months: the French architect and visual artist Tevi Allan Ston Mensah and the architect and researcher Max Utech, a member of the &#8220;Palace of Un\/Learning&#8221;. The mentor team is also joined by the TAAT art collective and Aiste Ambrazevi\u010di\u016bt\u0117, a digital artist and architect practicing experimental architecture.<\/p>\n\n\n\n<p>During the final event, the curator of the Experiments&#8217; Platform, Gabriel\u0117 \u010cerniavskaja, will invite the mentors to a discussion about experiments and the theme of observation that connects them, which is particularly relevant when thinking about how we perceive space, how we &#8220;consume&#8221; it and what expressions of ecological sustainability we can find in architecture if we actively look. The discussion will also be joined by XANTHO, participants of the Experiments&#8217; Platform from previous seasons, who are forming a contemporary pilgrimage through decaying urban landscapes, and Goda Verikait\u0117 and Au\u0161ra \u010cesnauskyt\u0117, the creators of the Neo-Futuristic Walks, who are travelling through different European and American cities. The audience will also be treated to a guest lecture by Helsinki-based curator and spatial researcher Martin Born.<\/p>\n\n\n\n<p>The curator of the Experiments&#8217; Platform stresses that for this project it is important to open up the field of architecture to creators from other disciplines, to provide a comfortable platform for new and unexpected perspectives. These aims are reflected in the projects of this year&#8217;s selected participants. Ervinas Bla\u017eys&#8217; project Posters as Architectural Catalysts delves into the temporary world of paper posters, capturing their ever-changing existence as an urban layer, created and changed by non-architects. Magdalena Beliavska, presenting sleep spaces as unconventional platforms for thought and discussion, invites us into the realm of sleep with her project &#8220;A Room to Dream&#8221;, where the boundaries between the physical and metaphysical worlds disappear, and sleep is transformed into a unique architectural experience. Egl\u0117 Kliu\u010dinskait\u0117&#8217;s project &#8220;Redefining the existing&#8221; focuses on the slow disappearance of spaces and re-imagines their future. Through the lens of the artist&#8217;s work, which focuses on the architecture of Lithuanian socialism, its remnants and possible histories come to life. Meanwhile, Vika Pranaityt\u0117, who explores the abandoned corners of Kaunas&#8217; outskirts in her project Melancholy Spaces, invites to a melancholic journey, where abandoned spaces are wrapped in an experimental melancholy tapestry. More about these projects in the final event of the Experiments&#8217; Platform.<\/p>\n\n\n\n<p>13:00 &#8211; 13:30 performative presentation on organisational fiction by curator and researcher Martin Born<br>13:30 &#8211; 14:00 Conversation between the curator of the Experiments&#8217; Platform Gabriel\u0117 \u010cerniavskaja and the mentors of the Experimentats&#8217; Platform Aist\u0117 Ambrazevi\u010di\u016bt\u0117, Goda Verikait\u0117, Max Utech and Tevi Allan Ston Mensah.<br>14:00 &#8211; 15:00 Break<br>15:00 &#8211; 15:30 Presentation of Ervinas Bla\u017eys&#8217;s project &#8220;Posters as Architectural Catalysts&#8221;<br>15:30 &#8211; 16:00 Presentation of Magdalena Beliavska&#8217;s experiment &#8220;Room to Dream&#8221;<br>16:00 &#8211; 16:30 Presentation of Egl\u0117 Kliu\u010dinskait\u0117&#8217;s experiment &#8220;Redefining the existing&#8221;<br>16:30 &#8211; 17:00 Presentation of Vika Pranaityt\u0117&#8217;s experiment &#8220;Melancholy Spaces&#8221;<br>17:00 &#8211; 18:00 Discussion among the participants of the Experimentation Platform<\/p>\n\n\n\n<p>Design by Valentin Duduk.<\/p>\n\n\n\n<p>Experiments&#8217; Platform is part of the Architekt\u016bros fondas&#8217; programme on the European architecture platform LINA, co-funded by the European Union. Our activities are financed by the Lithuanian Council for Culture.<\/p>\n","protected":false},"excerpt":{"rendered":"<p>In the third season of the Experiments Platform, Egl\u0117 Kliu\u010dinskait\u0117, Vika Pranaityt\u0117, Magdalena Beliavska and Ervinas Bla\u017eys reflect on the practices of environmental observation and self-care from different perspectives in individual projects. Their discoveries are based on experiments, untested methods and trials and tribulations, which were overcome together with a team of mentors from the [&hellip;]<\/p>\n","protected":false},"author":6,"featured_media":26545,"comment_status":"open","ping_status":"open","sticky":false,"template":"","format":"standard","meta":{"_acf_changed":false,"footnotes":""},"categories":[5],"tags":[],"class_list":["post-26548","post","type-post","status-publish","format-standard","has-post-thumbnail","hentry","category-message-en"],"acf":[],"yoast_head":"<!-- This site is optimized with the Yoast SEO plugin v24.1 - https:\/\/yoast.com\/wordpress\/plugins\/seo\/ -->\n<title>&quot;To take on notice&quot; - final event of the Experiments&#039; Platform to draw attention to environmental monitoring practices &#8211; Architekt\u016bros fondas<\/title>\n<meta name=\"robots\" content=\"index, follow, max-snippet:-1, max-image-preview:large, max-video-preview:-1\" \/>\n<link rel=\"canonical\" href=\"https:\/\/archfondas.lt\/en\/izvelgti-nebematoma-eksperimentu-platformos-baigiamasis-renginys-kviecia-atkreipti-demesi-i-aplinkos-stebejimo-praktikas\/\" \/>\n<meta property=\"og:locale\" content=\"en_US\" \/>\n<meta property=\"og:type\" content=\"article\" \/>\n<meta property=\"og:title\" content=\"&quot;To take on notice&quot; - final event of the Experiments&#039; Platform to draw attention to environmental monitoring practices &#8211; Architekt\u016bros fondas\" \/>\n<meta property=\"og:description\" content=\"In the third season of the Experiments Platform, Egl\u0117 Kliu\u010dinskait\u0117, Vika Pranaityt\u0117, Magdalena Beliavska and Ervinas Bla\u017eys reflect on the practices of environmental observation and self-care from different perspectives in individual projects. Their discoveries are based on experiments, untested methods and trials and tribulations, which were overcome together with a team of mentors from the [&hellip;]\" \/>\n<meta property=\"og:url\" content=\"https:\/\/archfondas.lt\/en\/izvelgti-nebematoma-eksperimentu-platformos-baigiamasis-renginys-kviecia-atkreipti-demesi-i-aplinkos-stebejimo-praktikas\/\" \/>\n<meta property=\"og:site_name\" content=\"Architekt\u016bros fondas\" \/>\n<meta property=\"article:publisher\" content=\"https:\/\/www.facebook.com\/archfondas\" \/>\n<meta property=\"article:published_time\" content=\"2023-10-24T12:04:53+00:00\" \/>\n<meta property=\"article:modified_time\" content=\"2023-10-24T12:15:12+00:00\" \/>\n<meta property=\"og:image\" content=\"https:\/\/archfondas.lt\/wp-content\/uploads\/2023\/10\/04_IG-post.png\" \/>\n\t<meta property=\"og:image:width\" content=\"1080\" \/>\n\t<meta property=\"og:image:height\" content=\"1080\" \/>\n\t<meta property=\"og:image:type\" content=\"image\/png\" \/>\n<meta name=\"author\" content=\"aiste\" \/>\n<meta name=\"twitter:card\" content=\"summary_large_image\" \/>\n<meta name=\"twitter:creator\" content=\"@archfondas\" \/>\n<meta name=\"twitter:site\" content=\"@archfondas\" \/>\n<meta name=\"twitter:label1\" content=\"Written by\" \/>\n\t<meta name=\"twitter:data1\" content=\"aiste\" \/>\n\t<meta name=\"twitter:label2\" content=\"Est. reading time\" \/>\n\t<meta name=\"twitter:data2\" content=\"4 minutes\" \/>\n<script type=\"application\/ld+json\" class=\"yoast-schema-graph\">{\"@context\":\"https:\/\/schema.org\",\"@graph\":[{\"@type\":\"Article\",\"@id\":\"https:\/\/archfondas.lt\/en\/izvelgti-nebematoma-eksperimentu-platformos-baigiamasis-renginys-kviecia-atkreipti-demesi-i-aplinkos-stebejimo-praktikas\/#article\",\"isPartOf\":{\"@id\":\"https:\/\/archfondas.lt\/en\/izvelgti-nebematoma-eksperimentu-platformos-baigiamasis-renginys-kviecia-atkreipti-demesi-i-aplinkos-stebejimo-praktikas\/\"},\"author\":{\"name\":\"aiste\",\"@id\":\"https:\/\/archfondas.lt\/#\/schema\/person\/97b63d7438f80ed4f33d145e7441be19\"},\"headline\":\"&#8220;To take on notice&#8221; &#8211; final event of the Experiments&#8217; Platform to draw attention to environmental monitoring practices\",\"datePublished\":\"2023-10-24T12:04:53+00:00\",\"dateModified\":\"2023-10-24T12:15:12+00:00\",\"mainEntityOfPage\":{\"@id\":\"https:\/\/archfondas.lt\/en\/izvelgti-nebematoma-eksperimentu-platformos-baigiamasis-renginys-kviecia-atkreipti-demesi-i-aplinkos-stebejimo-praktikas\/\"},\"wordCount\":598,\"commentCount\":0,\"publisher\":{\"@id\":\"https:\/\/archfondas.lt\/#organization\"},\"image\":{\"@id\":\"https:\/\/archfondas.lt\/en\/izvelgti-nebematoma-eksperimentu-platformos-baigiamasis-renginys-kviecia-atkreipti-demesi-i-aplinkos-stebejimo-praktikas\/#primaryimage\"},\"thumbnailUrl\":\"https:\/\/archfondas.lt\/wp-content\/uploads\/2023\/10\/04_IG-post.png\",\"articleSection\":[\"Pranesimas\"],\"inLanguage\":\"en-US\",\"potentialAction\":[{\"@type\":\"CommentAction\",\"name\":\"Comment\",\"target\":[\"https:\/\/archfondas.lt\/en\/izvelgti-nebematoma-eksperimentu-platformos-baigiamasis-renginys-kviecia-atkreipti-demesi-i-aplinkos-stebejimo-praktikas\/#respond\"]}]},{\"@type\":\"WebPage\",\"@id\":\"https:\/\/archfondas.lt\/en\/izvelgti-nebematoma-eksperimentu-platformos-baigiamasis-renginys-kviecia-atkreipti-demesi-i-aplinkos-stebejimo-praktikas\/\",\"url\":\"https:\/\/archfondas.lt\/en\/izvelgti-nebematoma-eksperimentu-platformos-baigiamasis-renginys-kviecia-atkreipti-demesi-i-aplinkos-stebejimo-praktikas\/\",\"name\":\"\\\"To take on notice\\\" - final event of the Experiments' Platform to draw attention to environmental monitoring practices &#8211; Architekt\u016bros fondas\",\"isPartOf\":{\"@id\":\"https:\/\/archfondas.lt\/#website\"},\"primaryImageOfPage\":{\"@id\":\"https:\/\/archfondas.lt\/en\/izvelgti-nebematoma-eksperimentu-platformos-baigiamasis-renginys-kviecia-atkreipti-demesi-i-aplinkos-stebejimo-praktikas\/#primaryimage\"},\"image\":{\"@id\":\"https:\/\/archfondas.lt\/en\/izvelgti-nebematoma-eksperimentu-platformos-baigiamasis-renginys-kviecia-atkreipti-demesi-i-aplinkos-stebejimo-praktikas\/#primaryimage\"},\"thumbnailUrl\":\"https:\/\/archfondas.lt\/wp-content\/uploads\/2023\/10\/04_IG-post.png\",\"datePublished\":\"2023-10-24T12:04:53+00:00\",\"dateModified\":\"2023-10-24T12:15:12+00:00\",\"breadcrumb\":{\"@id\":\"https:\/\/archfondas.lt\/en\/izvelgti-nebematoma-eksperimentu-platformos-baigiamasis-renginys-kviecia-atkreipti-demesi-i-aplinkos-stebejimo-praktikas\/#breadcrumb\"},\"inLanguage\":\"en-US\",\"potentialAction\":[{\"@type\":\"ReadAction\",\"target\":[\"https:\/\/archfondas.lt\/en\/izvelgti-nebematoma-eksperimentu-platformos-baigiamasis-renginys-kviecia-atkreipti-demesi-i-aplinkos-stebejimo-praktikas\/\"]}]},{\"@type\":\"ImageObject\",\"inLanguage\":\"en-US\",\"@id\":\"https:\/\/archfondas.lt\/en\/izvelgti-nebematoma-eksperimentu-platformos-baigiamasis-renginys-kviecia-atkreipti-demesi-i-aplinkos-stebejimo-praktikas\/#primaryimage\",\"url\":\"https:\/\/archfondas.lt\/wp-content\/uploads\/2023\/10\/04_IG-post.png\",\"contentUrl\":\"https:\/\/archfondas.lt\/wp-content\/uploads\/2023\/10\/04_IG-post.png\",\"width\":1080,\"height\":1080,\"caption\":\"Dizainas: Valentin Duduk.\"},{\"@type\":\"BreadcrumbList\",\"@id\":\"https:\/\/archfondas.lt\/en\/izvelgti-nebematoma-eksperimentu-platformos-baigiamasis-renginys-kviecia-atkreipti-demesi-i-aplinkos-stebejimo-praktikas\/#breadcrumb\",\"itemListElement\":[{\"@type\":\"ListItem\",\"position\":1,\"name\":\"Home\",\"item\":\"https:\/\/archfondas.lt\/en\/\"},{\"@type\":\"ListItem\",\"position\":2,\"name\":\"&#8220;To take on notice&#8221; &#8211; final event of the Experiments&#8217; Platform to draw attention to environmental monitoring practices\"}]},{\"@type\":\"WebSite\",\"@id\":\"https:\/\/archfondas.lt\/#website\",\"url\":\"https:\/\/archfondas.lt\/\",\"name\":\"Architekt\u016bros fondas\",\"description\":\"Mes esame nevyriausybin\u0117, pelno nesiekianti organizacija kurianti bei puosel\u0117janti architekt\u016bros kult\u016br\u0105.\",\"publisher\":{\"@id\":\"https:\/\/archfondas.lt\/#organization\"},\"potentialAction\":[{\"@type\":\"SearchAction\",\"target\":{\"@type\":\"EntryPoint\",\"urlTemplate\":\"https:\/\/archfondas.lt\/?s={search_term_string}\"},\"query-input\":{\"@type\":\"PropertyValueSpecification\",\"valueRequired\":true,\"valueName\":\"search_term_string\"}}],\"inLanguage\":\"en-US\"},{\"@type\":\"Organization\",\"@id\":\"https:\/\/archfondas.lt\/#organization\",\"name\":\"Architekt\u016bros fondas\",\"url\":\"https:\/\/archfondas.lt\/\",\"logo\":{\"@type\":\"ImageObject\",\"inLanguage\":\"en-US\",\"@id\":\"https:\/\/archfondas.lt\/#\/schema\/logo\/image\/\",\"url\":\"https:\/\/archfondas.lt\/wp-content\/uploads\/2023\/04\/archfondas-logo.svg\",\"contentUrl\":\"https:\/\/archfondas.lt\/wp-content\/uploads\/2023\/04\/archfondas-logo.svg\",\"width\":483,\"height\":124,\"caption\":\"Architekt\u016bros fondas\"},\"image\":{\"@id\":\"https:\/\/archfondas.lt\/#\/schema\/logo\/image\/\"},\"sameAs\":[\"https:\/\/www.facebook.com\/archfondas\",\"https:\/\/x.com\/archfondas\"]},{\"@type\":\"Person\",\"@id\":\"https:\/\/archfondas.lt\/#\/schema\/person\/97b63d7438f80ed4f33d145e7441be19\",\"name\":\"aiste\",\"image\":{\"@type\":\"ImageObject\",\"inLanguage\":\"en-US\",\"@id\":\"https:\/\/archfondas.lt\/#\/schema\/person\/image\/\",\"url\":\"https:\/\/secure.gravatar.com\/avatar\/a5ef93eecc3d7281c851c213a176d17d?s=96&d=mm&r=g\",\"contentUrl\":\"https:\/\/secure.gravatar.com\/avatar\/a5ef93eecc3d7281c851c213a176d17d?s=96&d=mm&r=g\",\"caption\":\"aiste\"},\"url\":\"https:\/\/archfondas.lt\/en\/author\/aiste\/\"}]}<\/script>\n<!-- \/ Yoast SEO plugin. -->","yoast_head_json":{"title":"\"To take on notice\" - final event of the Experiments' Platform to draw attention to environmental monitoring practices &#8211; Architekt\u016bros fondas","robots":{"index":"index","follow":"follow","max-snippet":"max-snippet:-1","max-image-preview":"max-image-preview:large","max-video-preview":"max-video-preview:-1"},"canonical":"https:\/\/archfondas.lt\/en\/izvelgti-nebematoma-eksperimentu-platformos-baigiamasis-renginys-kviecia-atkreipti-demesi-i-aplinkos-stebejimo-praktikas\/","og_locale":"en_US","og_type":"article","og_title":"\"To take on notice\" - final event of the Experiments' Platform to draw attention to environmental monitoring practices &#8211; Architekt\u016bros fondas","og_description":"In the third season of the Experiments Platform, Egl\u0117 Kliu\u010dinskait\u0117, Vika Pranaityt\u0117, Magdalena Beliavska and Ervinas Bla\u017eys reflect on the practices of environmental observation and self-care from different perspectives in individual projects. Their discoveries are based on experiments, untested methods and trials and tribulations, which were overcome together with a team of mentors from the [&hellip;]","og_url":"https:\/\/archfondas.lt\/en\/izvelgti-nebematoma-eksperimentu-platformos-baigiamasis-renginys-kviecia-atkreipti-demesi-i-aplinkos-stebejimo-praktikas\/","og_site_name":"Architekt\u016bros fondas","article_publisher":"https:\/\/www.facebook.com\/archfondas","article_published_time":"2023-10-24T12:04:53+00:00","article_modified_time":"2023-10-24T12:15:12+00:00","og_image":[{"width":1080,"height":1080,"url":"https:\/\/archfondas.lt\/wp-content\/uploads\/2023\/10\/04_IG-post.png","type":"image\/png"}],"author":"aiste","twitter_card":"summary_large_image","twitter_creator":"@archfondas","twitter_site":"@archfondas","twitter_misc":{"Written by":"aiste","Est. reading time":"4 minutes"},"schema":{"@context":"https:\/\/schema.org","@graph":[{"@type":"Article","@id":"https:\/\/archfondas.lt\/en\/izvelgti-nebematoma-eksperimentu-platformos-baigiamasis-renginys-kviecia-atkreipti-demesi-i-aplinkos-stebejimo-praktikas\/#article","isPartOf":{"@id":"https:\/\/archfondas.lt\/en\/izvelgti-nebematoma-eksperimentu-platformos-baigiamasis-renginys-kviecia-atkreipti-demesi-i-aplinkos-stebejimo-praktikas\/"},"author":{"name":"aiste","@id":"https:\/\/archfondas.lt\/#\/schema\/person\/97b63d7438f80ed4f33d145e7441be19"},"headline":"&#8220;To take on notice&#8221; &#8211; final event of the Experiments&#8217; Platform to draw attention to environmental monitoring practices","datePublished":"2023-10-24T12:04:53+00:00","dateModified":"2023-10-24T12:15:12+00:00","mainEntityOfPage":{"@id":"https:\/\/archfondas.lt\/en\/izvelgti-nebematoma-eksperimentu-platformos-baigiamasis-renginys-kviecia-atkreipti-demesi-i-aplinkos-stebejimo-praktikas\/"},"wordCount":598,"commentCount":0,"publisher":{"@id":"https:\/\/archfondas.lt\/#organization"},"image":{"@id":"https:\/\/archfondas.lt\/en\/izvelgti-nebematoma-eksperimentu-platformos-baigiamasis-renginys-kviecia-atkreipti-demesi-i-aplinkos-stebejimo-praktikas\/#primaryimage"},"thumbnailUrl":"https:\/\/archfondas.lt\/wp-content\/uploads\/2023\/10\/04_IG-post.png","articleSection":["Pranesimas"],"inLanguage":"en-US","potentialAction":[{"@type":"CommentAction","name":"Comment","target":["https:\/\/archfondas.lt\/en\/izvelgti-nebematoma-eksperimentu-platformos-baigiamasis-renginys-kviecia-atkreipti-demesi-i-aplinkos-stebejimo-praktikas\/#respond"]}]},{"@type":"WebPage","@id":"https:\/\/archfondas.lt\/en\/izvelgti-nebematoma-eksperimentu-platformos-baigiamasis-renginys-kviecia-atkreipti-demesi-i-aplinkos-stebejimo-praktikas\/","url":"https:\/\/archfondas.lt\/en\/izvelgti-nebematoma-eksperimentu-platformos-baigiamasis-renginys-kviecia-atkreipti-demesi-i-aplinkos-stebejimo-praktikas\/","name":"\"To take on notice\" - final event of the Experiments' Platform to draw attention to environmental monitoring practices &#8211; Architekt\u016bros fondas","isPartOf":{"@id":"https:\/\/archfondas.lt\/#website"},"primaryImageOfPage":{"@id":"https:\/\/archfondas.lt\/en\/izvelgti-nebematoma-eksperimentu-platformos-baigiamasis-renginys-kviecia-atkreipti-demesi-i-aplinkos-stebejimo-praktikas\/#primaryimage"},"image":{"@id":"https:\/\/archfondas.lt\/en\/izvelgti-nebematoma-eksperimentu-platformos-baigiamasis-renginys-kviecia-atkreipti-demesi-i-aplinkos-stebejimo-praktikas\/#primaryimage"},"thumbnailUrl":"https:\/\/archfondas.lt\/wp-content\/uploads\/2023\/10\/04_IG-post.png","datePublished":"2023-10-24T12:04:53+00:00","dateModified":"2023-10-24T12:15:12+00:00","breadcrumb":{"@id":"https:\/\/archfondas.lt\/en\/izvelgti-nebematoma-eksperimentu-platformos-baigiamasis-renginys-kviecia-atkreipti-demesi-i-aplinkos-stebejimo-praktikas\/#breadcrumb"},"inLanguage":"en-US","potentialAction":[{"@type":"ReadAction","target":["https:\/\/archfondas.lt\/en\/izvelgti-nebematoma-eksperimentu-platformos-baigiamasis-renginys-kviecia-atkreipti-demesi-i-aplinkos-stebejimo-praktikas\/"]}]},{"@type":"ImageObject","inLanguage":"en-US","@id":"https:\/\/archfondas.lt\/en\/izvelgti-nebematoma-eksperimentu-platformos-baigiamasis-renginys-kviecia-atkreipti-demesi-i-aplinkos-stebejimo-praktikas\/#primaryimage","url":"https:\/\/archfondas.lt\/wp-content\/uploads\/2023\/10\/04_IG-post.png","contentUrl":"https:\/\/archfondas.lt\/wp-content\/uploads\/2023\/10\/04_IG-post.png","width":1080,"height":1080,"caption":"Dizainas: Valentin Duduk."},{"@type":"BreadcrumbList","@id":"https:\/\/archfondas.lt\/en\/izvelgti-nebematoma-eksperimentu-platformos-baigiamasis-renginys-kviecia-atkreipti-demesi-i-aplinkos-stebejimo-praktikas\/#breadcrumb","itemListElement":[{"@type":"ListItem","position":1,"name":"Home","item":"https:\/\/archfondas.lt\/en\/"},{"@type":"ListItem","position":2,"name":"&#8220;To take on notice&#8221; &#8211; final event of the Experiments&#8217; Platform to draw attention to environmental monitoring practices"}]},{"@type":"WebSite","@id":"https:\/\/archfondas.lt\/#website","url":"https:\/\/archfondas.lt\/","name":"Architekt\u016bros fondas","description":"Mes esame nevyriausybin\u0117, pelno nesiekianti organizacija kurianti bei puosel\u0117janti architekt\u016bros kult\u016br\u0105.","publisher":{"@id":"https:\/\/archfondas.lt\/#organization"},"potentialAction":[{"@type":"SearchAction","target":{"@type":"EntryPoint","urlTemplate":"https:\/\/archfondas.lt\/?s={search_term_string}"},"query-input":{"@type":"PropertyValueSpecification","valueRequired":true,"valueName":"search_term_string"}}],"inLanguage":"en-US"},{"@type":"Organization","@id":"https:\/\/archfondas.lt\/#organization","name":"Architekt\u016bros fondas","url":"https:\/\/archfondas.lt\/","logo":{"@type":"ImageObject","inLanguage":"en-US","@id":"https:\/\/archfondas.lt\/#\/schema\/logo\/image\/","url":"https:\/\/archfondas.lt\/wp-content\/uploads\/2023\/04\/archfondas-logo.svg","contentUrl":"https:\/\/archfondas.lt\/wp-content\/uploads\/2023\/04\/archfondas-logo.svg","width":483,"height":124,"caption":"Architekt\u016bros fondas"},"image":{"@id":"https:\/\/archfondas.lt\/#\/schema\/logo\/image\/"},"sameAs":["https:\/\/www.facebook.com\/archfondas","https:\/\/x.com\/archfondas"]},{"@type":"Person","@id":"https:\/\/archfondas.lt\/#\/schema\/person\/97b63d7438f80ed4f33d145e7441be19","name":"aiste","image":{"@type":"ImageObject","inLanguage":"en-US","@id":"https:\/\/archfondas.lt\/#\/schema\/person\/image\/","url":"https:\/\/secure.gravatar.com\/avatar\/a5ef93eecc3d7281c851c213a176d17d?s=96&d=mm&r=g","contentUrl":"https:\/\/secure.gravatar.com\/avatar\/a5ef93eecc3d7281c851c213a176d17d?s=96&d=mm&r=g","caption":"aiste"},"url":"https:\/\/archfondas.lt\/en\/author\/aiste\/"}]}},"_links":{"self":[{"href":"https:\/\/archfondas.lt\/en\/wp-json\/wp\/v2\/posts\/26548","targetHints":{"allow":["GET"]}}],"collection":[{"href":"https:\/\/archfondas.lt\/en\/wp-json\/wp\/v2\/posts"}],"about":[{"href":"https:\/\/archfondas.lt\/en\/wp-json\/wp\/v2\/types\/post"}],"author":[{"embeddable":true,"href":"https:\/\/archfondas.lt\/en\/wp-json\/wp\/v2\/users\/6"}],"replies":[{"embeddable":true,"href":"https:\/\/archfondas.lt\/en\/wp-json\/wp\/v2\/comments?post=26548"}],"version-history":[{"count":6,"href":"https:\/\/archfondas.lt\/en\/wp-json\/wp\/v2\/posts\/26548\/revisions"}],"predecessor-version":[{"id":26556,"href":"https:\/\/archfondas.lt\/en\/wp-json\/wp\/v2\/posts\/26548\/revisions\/26556"}],"wp:featuredmedia":[{"embeddable":true,"href":"https:\/\/archfondas.lt\/en\/wp-json\/wp\/v2\/media\/26545"}],"wp:attachment":[{"href":"https:\/\/archfondas.lt\/en\/wp-json\/wp\/v2\/media?parent=26548"}],"wp:term":[{"taxonomy":"category","embeddable":true,"href":"https:\/\/archfondas.lt\/en\/wp-json\/wp\/v2\/categories?post=26548"},{"taxonomy":"post_tag","embeddable":true,"href":"https:\/\/archfondas.lt\/en\/wp-json\/wp\/v2\/tags?post=26548"}],"curies":[{"name":"wp","href":"https:\/\/api.w.org\/{rel}","templated":true}]}}