{"id":26589,"date":"2023-11-22T09:59:25","date_gmt":"2023-11-22T07:59:25","guid":{"rendered":"https:\/\/archfondas.lt\/?p=26589"},"modified":"2024-01-29T10:26:18","modified_gmt":"2024-01-29T08:26:18","slug":"building-futures-together-the-first-annual-summit-of-open-house-europe-in-portugal","status":"publish","type":"post","link":"https:\/\/archfondas.lt\/en\/building-futures-together-the-first-annual-summit-of-open-house-europe-in-portugal\/","title":{"rendered":"Building Futures Together: The First Annual Summit of Open House Europe in Portugal"},"content":{"rendered":"\n<p>The Annual Summit is a gathering of the community of Open House festivals\u2019 organisers, architecture enthusiasts, students, and professionals. Hosted by the Lisbon Architecture Triennale in an <a href=\"https:\/\/maps.app.goo.gl\/p2B4ESii6dSWwUfD7\">18th-century Palace<\/a> transformed into a cultural centre, the first Open House Europe Annual Summit will feature a lively programme with three public debates, three guided tours, a workshop, an exhibition and film screenings. It aims to facilitate cross-regional exchange, bringing together perspectives and expertise from diverse fields of knowledge. It is a unique opportunity for the Open House community, including anyone who is planning to launch an Open House festival in their cities, to come together, learn, exchange knowledge, and share experiences.&nbsp;<\/p>\n\n\n\n<figure class=\"wp-block-image size-large\"><img loading=\"lazy\" decoding=\"async\" width=\"1060\" height=\"706\" src=\"https:\/\/archfondas.lt\/wp-content\/uploads\/2023\/11\/Trienal-Palacio-Sinel-de-Cordes-002\u00a9FGSG-Fotografia-de-Arquitectura-1060x706.jpg\" alt=\"Palacio Sinel de Cordes. Photo by FG+SG, Fotografia de Arquitectura \u00a9 Coutesy of Trienal de Arquitectura de Lisboa\" class=\"wp-image-26599\" srcset=\"https:\/\/archfondas.lt\/wp-content\/uploads\/2023\/11\/Trienal-Palacio-Sinel-de-Cordes-002\u00a9FGSG-Fotografia-de-Arquitectura-1060x706.jpg 1060w, https:\/\/archfondas.lt\/wp-content\/uploads\/2023\/11\/Trienal-Palacio-Sinel-de-Cordes-002\u00a9FGSG-Fotografia-de-Arquitectura-300x200.jpg 300w, https:\/\/archfondas.lt\/wp-content\/uploads\/2023\/11\/Trienal-Palacio-Sinel-de-Cordes-002\u00a9FGSG-Fotografia-de-Arquitectura-768x512.jpg 768w, https:\/\/archfondas.lt\/wp-content\/uploads\/2023\/11\/Trienal-Palacio-Sinel-de-Cordes-002\u00a9FGSG-Fotografia-de-Arquitectura-1536x1024.jpg 1536w, https:\/\/archfondas.lt\/wp-content\/uploads\/2023\/11\/Trienal-Palacio-Sinel-de-Cordes-002\u00a9FGSG-Fotografia-de-Arquitectura.jpg 2000w\" sizes=\"auto, (max-width: 1060px) 100vw, 1060px\" \/><figcaption class=\"wp-element-caption\">Palacio Sinel de Cordes. Photo by FG+SG, Fotografia de Arquitectura \u00a9 Coutesy of Trienal de Arquitectura de Lisboa<\/figcaption><\/figure>\n\n\n\n<h3 class=\"wp-block-heading\">Three Public Debates&nbsp;<\/h3>\n\n\n\n<p>As a collaborative effort by the organisers of Open House Milano, Open House Bilbao, and Open House Lisboa, the Annual Summit showcases an array of international experts. Central to this programme are three public debates, which form the cornerstone of this Summit encompassing moderated discussions and presentations, delve into the theme of sustainability in our cities, exploring it at various scales.<\/p>\n\n\n\n<p>The first panel discussion is about <strong>Governance, Architecture, and Sustainability<\/strong> moderated by urban sociology, housing, and cities researcher <strong>Sandra Marques Pereira<\/strong>. The panel will include the Director of Urban Planning and Public Space at the City of Milan\u2019s Agency for Mobility, Environment, and Territory <strong>Demetrio Scoppeliti<\/strong>, Vice President of the Board of the Institute of Housing and Urban Rehabilitation<strong> Filipa Serpa<\/strong>, Deputy Mayor of Barcelona for Ecology, Urban Planning, and Urban Mobility <strong>Janet Sanz<\/strong> and <strong>Susana Ruiz<\/strong>, who is in charge of the urban planning for the city of Bilbao.<\/p>\n\n\n\n<p>The second discussion will focus on <strong>Sustainability in Urban Planning<\/strong>, moderated by an urban planner and the founder of Urbanistica Podcast, <strong>Mustafa Sherif<\/strong>. The discussion will feature awarded researcher, professor, and landscape architect <strong>Aurora Carapinha<\/strong>, data science enthusiast with expertise in urban mobility <strong>Manuel Banza<\/strong>, and architect and researcher <strong>Mariana Sanchez Salvador<\/strong>.<\/p>\n\n\n\n<p>The third debate on <strong>Achieving Sustainability in Architecture<\/strong> will be moderated by the Curator of Prizes and Programmes at the Fundaci\u00f3 Mies van der Rohe, <strong>Ivan Blasi<\/strong>. The panel will involve architects <strong>Marta \u00c1lvarez Pastor<\/strong> from <strong>Studio Vaumm<\/strong>, <strong>Gianandrea Barreca<\/strong> from <strong>Barreca &amp; La Varra<\/strong>, an architecture studio that designed the first Carbon Zero social housing in Europe, and <strong>Francisco Ad\u00e3o da Fonseca<\/strong> from <strong>Oficina Pedr\u00eaz<\/strong>, a studio dedicated to the study of cultivated building materials and infrastructures of self-sufficiency, as well as a founder member of Architects Declare in Portugal.<\/p>\n\n\n\n<p>These three debates will be streamed online on the Open House Europe <a href=\"https:\/\/www.youtube.com\/@openhouseeurope\">YouTube channel<\/a>. <\/p>\n\n\n\n<figure class=\"wp-block-image size-large\"><img loading=\"lazy\" decoding=\"async\" width=\"1060\" height=\"707\" src=\"https:\/\/archfondas.lt\/wp-content\/uploads\/2023\/11\/Open-House-Lisboa-2023.-Casa-Imensas-Janelas.-Photo-by-Hugo-David-\u00a9-Coutesy-of-Trienal-de-Arquitectura-de-Lisboa-1060x707.jpg\" alt=\"Open House Lisboa 2023. Casa Imensas Janelas. Photo by Hugo David \u00a9 Coutesy of Trienal de Arquitectura de Lisboa\" class=\"wp-image-26606\" srcset=\"https:\/\/archfondas.lt\/wp-content\/uploads\/2023\/11\/Open-House-Lisboa-2023.-Casa-Imensas-Janelas.-Photo-by-Hugo-David-\u00a9-Coutesy-of-Trienal-de-Arquitectura-de-Lisboa-1060x707.jpg 1060w, https:\/\/archfondas.lt\/wp-content\/uploads\/2023\/11\/Open-House-Lisboa-2023.-Casa-Imensas-Janelas.-Photo-by-Hugo-David-\u00a9-Coutesy-of-Trienal-de-Arquitectura-de-Lisboa-300x200.jpg 300w, https:\/\/archfondas.lt\/wp-content\/uploads\/2023\/11\/Open-House-Lisboa-2023.-Casa-Imensas-Janelas.-Photo-by-Hugo-David-\u00a9-Coutesy-of-Trienal-de-Arquitectura-de-Lisboa-768x512.jpg 768w, https:\/\/archfondas.lt\/wp-content\/uploads\/2023\/11\/Open-House-Lisboa-2023.-Casa-Imensas-Janelas.-Photo-by-Hugo-David-\u00a9-Coutesy-of-Trienal-de-Arquitectura-de-Lisboa-1536x1024.jpg 1536w, https:\/\/archfondas.lt\/wp-content\/uploads\/2023\/11\/Open-House-Lisboa-2023.-Casa-Imensas-Janelas.-Photo-by-Hugo-David-\u00a9-Coutesy-of-Trienal-de-Arquitectura-de-Lisboa-2048x1365.jpg 2048w\" sizes=\"auto, (max-width: 1060px) 100vw, 1060px\" \/><figcaption class=\"wp-element-caption\">Open House Lisboa 2023. Casa Imensas Janelas. Photo by Hugo David \u00a9 Coutesy of Trienal de Arquitectura de Lisboa<\/figcaption><\/figure>\n\n\n\n<h3 class=\"wp-block-heading\">Extended Programme<\/h3>\n\n\n\n<p>An <strong>Exhibition of Visual Stories<\/strong> submitted by visitors of the Open House festivals across the continent will be unveiled, showcasing stories and experiences of architecture reflecting the theme Building Futures Together.<\/p>\n\n\n\n<p>The programme ends with a <strong>Workshop<\/strong> and <strong>Guided Tours<\/strong>. Registered participants will be able to learn the benefits and challenges of vertical urban farming systems in a workshop led by<strong> Upfarming<\/strong>; visit the <strong>Lisbon Drainage Master Plan<\/strong>, and explore the brand new <strong>University Residence of Lisbon Public University<\/strong> in Cidade Universit\u00e1ria.<\/p>\n\n\n\n<hr class=\"wp-block-separator has-alpha-channel-opacity\"\/>\n\n\n\n<h3 class=\"wp-block-heading\">Schedule<\/h3>\n\n\n\n<hr class=\"wp-block-separator has-alpha-channel-opacity\"\/>\n\n\n\n<div class=\"wp-block-columns is-not-stacked-on-mobile is-layout-flex wp-container-core-columns-is-layout-1 wp-block-columns-is-layout-flex\">\n<div class=\"wp-block-column is-layout-flow wp-block-column-is-layout-flow\" style=\"flex-basis:15%\">\n<p><\/p>\n<\/div>\n\n\n\n<div class=\"wp-block-column is-layout-flow wp-block-column-is-layout-flow\" style=\"flex-basis:50%\">\n<p><strong>15 December, Friday<\/strong><\/p>\n<\/div>\n\n\n\n<div class=\"wp-block-column is-layout-flow wp-block-column-is-layout-flow\" style=\"flex-basis:35%\">\n<p class=\"has-text-align-right\"><strong><a href=\"https:\/\/www.youtube.com\/watch?v=ldSjLpnBLYg\" target=\"_blank\" rel=\"noreferrer noopener\">Live stream<\/a><\/strong><\/p>\n<\/div>\n<\/div>\n\n\n\n<div class=\"wp-block-columns is-not-stacked-on-mobile is-layout-flex wp-container-core-columns-is-layout-2 wp-block-columns-is-layout-flex\">\n<div class=\"wp-block-column is-layout-flow wp-block-column-is-layout-flow\" style=\"flex-basis:15%\">\n<p class=\"has-text-align-right\">16:30<\/p>\n<\/div>\n\n\n\n<div class=\"wp-block-column is-layout-flow wp-block-column-is-layout-flow\" style=\"flex-basis:85%\">\n<p><strong>Welcome<\/strong><br>Introduction by the project coordinator and an address on sustainability by Jos\u00e9 Mateus, chairman of the Lisbon Triennale.<\/p>\n<\/div>\n<\/div>\n\n\n\n<div class=\"wp-block-columns is-not-stacked-on-mobile is-layout-flex wp-container-core-columns-is-layout-3 wp-block-columns-is-layout-flex\">\n<div class=\"wp-block-column is-layout-flow wp-block-column-is-layout-flow\" style=\"flex-basis:15%\">\n<p class=\"has-text-align-right\">17:00<\/p>\n<\/div>\n\n\n\n<div class=\"wp-block-column is-layout-flow wp-block-column-is-layout-flow\" style=\"flex-basis:85%\">\n<p><strong><strong>Governance, architecture and sustainability<\/strong><br><\/strong>Moderator: Sandra Marques Pereira.<br>Panellists: Demetrio Scoppeliti, Filipa Serpa, Janet Sanz, Susana Ruiz.<\/p>\n<\/div>\n<\/div>\n\n\n\n<div class=\"wp-block-columns is-not-stacked-on-mobile is-layout-flex wp-container-core-columns-is-layout-4 wp-block-columns-is-layout-flex\">\n<div class=\"wp-block-column is-layout-flow wp-block-column-is-layout-flow\" style=\"flex-basis:15%\">\n<p class=\"has-text-align-right\">19:00<\/p>\n<\/div>\n\n\n\n<div class=\"wp-block-column is-layout-flow wp-block-column-is-layout-flow\" style=\"flex-basis:85%\">\n<p><strong><strong>Opening of the Visual Stories Exhibition<\/strong><\/strong><br>Showcasing the stories and experiences of architecture by the visitors of the Open House festivals across the continent.<\/p>\n<\/div>\n<\/div>\n\n\n\n<hr class=\"wp-block-separator has-alpha-channel-opacity\"\/>\n\n\n\n<div class=\"wp-block-columns is-not-stacked-on-mobile is-layout-flex wp-container-core-columns-is-layout-5 wp-block-columns-is-layout-flex\">\n<div class=\"wp-block-column is-layout-flow wp-block-column-is-layout-flow\" style=\"flex-basis:15%\">\n<p><\/p>\n<\/div>\n\n\n\n<div class=\"wp-block-column is-layout-flow wp-block-column-is-layout-flow\" style=\"flex-basis:50%\">\n<p><strong>16 December, Saturday<\/strong><\/p>\n<\/div>\n\n\n\n<div class=\"wp-block-column is-layout-flow wp-block-column-is-layout-flow\" style=\"flex-basis:35%\">\n<p class=\"has-text-align-right\"><strong><a href=\"https:\/\/www.youtube.com\/watch?v=4sDlPFxIBF4\" target=\"_blank\" rel=\"noreferrer noopener\">Live stream<\/a><\/strong><\/p>\n<\/div>\n<\/div>\n\n\n\n<div class=\"wp-block-columns is-not-stacked-on-mobile is-layout-flex wp-container-core-columns-is-layout-6 wp-block-columns-is-layout-flex\">\n<div class=\"wp-block-column is-layout-flow wp-block-column-is-layout-flow\" style=\"flex-basis:15%\">\n<p class=\"has-text-align-right\">10:00<\/p>\n<\/div>\n\n\n\n<div class=\"wp-block-column is-layout-flow wp-block-column-is-layout-flow\" style=\"flex-basis:85%\">\n<p><strong>Welcome<\/strong><\/p>\n<\/div>\n<\/div>\n\n\n\n<div class=\"wp-block-columns is-not-stacked-on-mobile is-layout-flex wp-container-core-columns-is-layout-7 wp-block-columns-is-layout-flex\">\n<div class=\"wp-block-column is-layout-flow wp-block-column-is-layout-flow\" style=\"flex-basis:15%\">\n<p class=\"has-text-align-right\">10:10<\/p>\n<\/div>\n\n\n\n<div class=\"wp-block-column is-layout-flow wp-block-column-is-layout-flow\" style=\"flex-basis:85%\">\n<p><strong>Sustainability in Urban Planning<\/strong><br>Moderator: Mustafa Sherif.&nbsp;<br>Panellists: Aurora Carapinha, Manuel Banza, Mariana Sanchez Salvador.<\/p>\n<\/div>\n<\/div>\n\n\n\n<div class=\"wp-block-columns is-not-stacked-on-mobile is-layout-flex wp-container-core-columns-is-layout-8 wp-block-columns-is-layout-flex\">\n<div class=\"wp-block-column is-layout-flow wp-block-column-is-layout-flow\" style=\"flex-basis:15%\">\n<p class=\"has-text-align-right\">11:40<\/p>\n<\/div>\n\n\n\n<div class=\"wp-block-column is-layout-flow wp-block-column-is-layout-flow\" style=\"flex-basis:85%\">\n<p><strong>Achieving Sustainability in Architecture<\/strong><br>Moderator: Ivan Blasi.&nbsp;<br>Panellists: Marta \u00c1lvarez Pastor from <em>Studio Vaumm<\/em>, Gianandrea Barreca from <em>Barreca &amp; La Varra<\/em>, Francisco Ad\u00e3o da Fonseca from <em>Oficina Pedr\u00eaz<\/em>.<\/p>\n<\/div>\n<\/div>\n\n\n\n<hr class=\"wp-block-separator has-alpha-channel-opacity\"\/>\n\n\n\n<div class=\"wp-block-columns is-not-stacked-on-mobile is-layout-flex wp-container-core-columns-is-layout-9 wp-block-columns-is-layout-flex\">\n<div class=\"wp-block-column is-layout-flow wp-block-column-is-layout-flow\" style=\"flex-basis:15%\">\n<p class=\"has-text-align-right\"><\/p>\n<\/div>\n\n\n\n<div class=\"wp-block-column is-layout-flow wp-block-column-is-layout-flow\" style=\"flex-basis:85%\">\n<p><strong>Extended programme<\/strong> <br>16 December, Saturday<\/p>\n<\/div>\n<\/div>\n\n\n\n<div class=\"wp-block-columns is-not-stacked-on-mobile is-layout-flex wp-container-core-columns-is-layout-10 wp-block-columns-is-layout-flex\">\n<div class=\"wp-block-column is-layout-flow wp-block-column-is-layout-flow\" style=\"flex-basis:15%\">\n<p class=\"has-text-align-right\">10:00<\/p>\n<\/div>\n\n\n\n<div class=\"wp-block-column is-layout-flow wp-block-column-is-layout-flow\" style=\"flex-basis:85%\">\n<p>Workshop <strong>Vertical urban agriculture<\/strong><br>With Upfarming (led by Tiago S\u00e1 Gomes and Maria Canelhas)<br>Prior registration is required. 10\u20ac\/person. <a href=\"https:\/\/docs.google.com\/forms\/d\/e\/1FAIpQLSfoaGIFxSXZi8ePI2-riDqQJ5qemmRH41xaYFqT9A0-X5k3yg\/viewform\" target=\"_blank\" rel=\"noreferrer noopener\">Registration.<\/a><\/p>\n<\/div>\n<\/div>\n\n\n\n<div class=\"wp-block-columns is-not-stacked-on-mobile is-layout-flex wp-container-core-columns-is-layout-11 wp-block-columns-is-layout-flex\">\n<div class=\"wp-block-column is-layout-flow wp-block-column-is-layout-flow\" style=\"flex-basis:15%\">\n<p class=\"has-text-align-right\">15:00<\/p>\n<\/div>\n\n\n\n<div class=\"wp-block-column is-layout-flow wp-block-column-is-layout-flow\" style=\"flex-basis:85%\">\n<p>Guided tour of the <strong>University Residence in Cidade Universit\u00e1ria<\/strong><br>With Nuno Cl\u00edmaco (Lisboa e-Nova) and Alexandre Marques Pereira.<br>Prior registration is required. <a href=\"https:\/\/www.eventbrite.pt\/e\/bilhetes-oh-europe-summit-visita-as-residencias-da-cidade-universitaria-768264488767?aff=oddtdtcreator\">Registration<\/a>.<\/p>\n<\/div>\n<\/div>\n\n\n\n<div class=\"wp-block-columns is-not-stacked-on-mobile is-layout-flex wp-container-core-columns-is-layout-12 wp-block-columns-is-layout-flex\">\n<div class=\"wp-block-column is-layout-flow wp-block-column-is-layout-flow\" style=\"flex-basis:15%\">\n<p class=\"has-text-align-right\">16:00<\/p>\n<\/div>\n\n\n\n<div class=\"wp-block-column is-layout-flow wp-block-column-is-layout-flow\" style=\"flex-basis:85%\">\n<p>Guided tour of the <strong>building site of the Lisbon Drainage Master Plan<\/strong><br>With Manuel Saldanha.<br>Prior registration is required. <a href=\"https:\/\/www.eventbrite.pt\/e\/bilhetes-oh-europe-summit-visita-a-tunel-do-plano-de-drenagem-771630998087?aff=oddtdtcreator\" target=\"_blank\" rel=\"noreferrer noopener\">Registration<\/a>.<\/p>\n<\/div>\n<\/div>\n\n\n\n<hr class=\"wp-block-separator has-alpha-channel-opacity\"\/>\n\n\n\n<figure class=\"wp-block-image size-large\"><img loading=\"lazy\" decoding=\"async\" width=\"1060\" height=\"707\" src=\"https:\/\/archfondas.lt\/wp-content\/uploads\/2023\/11\/Open-House-Europe-coordination-meeting.-Photo-by-Bon-Alog-\u00a9-Courtesy-of-Architekturos-fondas-16-1060x707.jpg\" alt=\"Open House Europe coordination meeting. Photo by Bon Alog \u00a9 Courtesy of Architekt\u016bros fondas\" class=\"wp-image-26608\" srcset=\"https:\/\/archfondas.lt\/wp-content\/uploads\/2023\/11\/Open-House-Europe-coordination-meeting.-Photo-by-Bon-Alog-\u00a9-Courtesy-of-Architekturos-fondas-16-1060x707.jpg 1060w, https:\/\/archfondas.lt\/wp-content\/uploads\/2023\/11\/Open-House-Europe-coordination-meeting.-Photo-by-Bon-Alog-\u00a9-Courtesy-of-Architekturos-fondas-16-300x200.jpg 300w, https:\/\/archfondas.lt\/wp-content\/uploads\/2023\/11\/Open-House-Europe-coordination-meeting.-Photo-by-Bon-Alog-\u00a9-Courtesy-of-Architekturos-fondas-16-768x512.jpg 768w, https:\/\/archfondas.lt\/wp-content\/uploads\/2023\/11\/Open-House-Europe-coordination-meeting.-Photo-by-Bon-Alog-\u00a9-Courtesy-of-Architekturos-fondas-16-1536x1024.jpg 1536w, https:\/\/archfondas.lt\/wp-content\/uploads\/2023\/11\/Open-House-Europe-coordination-meeting.-Photo-by-Bon-Alog-\u00a9-Courtesy-of-Architekturos-fondas-16-2048x1366.jpg 2048w\" sizes=\"auto, (max-width: 1060px) 100vw, 1060px\" \/><figcaption class=\"wp-element-caption\">Open House Europe coordination meeting. Photo by Bon Alog \u00a9 Courtesy of Architekt\u016bros fondas<\/figcaption><\/figure>\n\n\n\n<h3 class=\"wp-block-heading\">Internal Sessions, 14\u201317 December<\/h3>\n\n\n\n<p>For the representatives of the Open House Europe partner organisations and guests from the wider Open House Worldwide network the Annual Summit will also combine an extensive internal programme. Lectures, workshops, discussions and other activities were designed to facilitate cooperation and exchange of best practices between the festivals\u2019 organisers. These activities will enable international knowledge exchange and create opportunities for innovation.<\/p>\n\n\n\n<hr class=\"wp-block-separator has-alpha-channel-opacity\"\/>\n\n\n\n<figure class=\"wp-block-image size-large\"><img loading=\"lazy\" decoding=\"async\" width=\"1060\" height=\"707\" src=\"https:\/\/archfondas.lt\/wp-content\/uploads\/2023\/11\/Open-House-Europe-Launch-event.-Photo-by-Giedrius-Akelis-\u00a9-Courtesy-of-Architekturos-fondas-47-1060x707.jpg\" alt=\"Open House Europe Launch event. Photo by Giedrius Akelis \u00a9 Courtesy of Architekt\u016bros fondas\" class=\"wp-image-26603\" srcset=\"https:\/\/archfondas.lt\/wp-content\/uploads\/2023\/11\/Open-House-Europe-Launch-event.-Photo-by-Giedrius-Akelis-\u00a9-Courtesy-of-Architekturos-fondas-47-1060x707.jpg 1060w, https:\/\/archfondas.lt\/wp-content\/uploads\/2023\/11\/Open-House-Europe-Launch-event.-Photo-by-Giedrius-Akelis-\u00a9-Courtesy-of-Architekturos-fondas-47-300x200.jpg 300w, https:\/\/archfondas.lt\/wp-content\/uploads\/2023\/11\/Open-House-Europe-Launch-event.-Photo-by-Giedrius-Akelis-\u00a9-Courtesy-of-Architekturos-fondas-47-768x512.jpg 768w, https:\/\/archfondas.lt\/wp-content\/uploads\/2023\/11\/Open-House-Europe-Launch-event.-Photo-by-Giedrius-Akelis-\u00a9-Courtesy-of-Architekturos-fondas-47-1536x1025.jpg 1536w, https:\/\/archfondas.lt\/wp-content\/uploads\/2023\/11\/Open-House-Europe-Launch-event.-Photo-by-Giedrius-Akelis-\u00a9-Courtesy-of-Architekturos-fondas-47.jpg 2000w\" sizes=\"auto, (max-width: 1060px) 100vw, 1060px\" \/><figcaption class=\"wp-element-caption\">Open House Europe Launch event. Photo by Giedrius Akelis \u00a9 Courtesy of Architekt\u016bros fondas<\/figcaption><\/figure>\n\n\n\n<h3 class=\"wp-block-heading\">About Open House Europe<\/h3>\n\n\n\n<p>Open House Europe is a cooperation project that unfolds a multi-layered view of quality architecture across Europe and unites people of all professions, interests, and visions\u2014from volunteers and curious enthusiasts to young and experienced professionals and organisations. The project encourages and promotes an interest in architecture among these various audiences, helps them gain new perspectives on their local surroundings, and invites them to envision the future of architecture in Europe.<\/p>\n\n\n\n<p>The project currently joins Open House festivals in Athens, Bilbao, Brno, Dublin, Essen, Stockholm, Lisbon, Slovenia, Milan, Tallinn, Thessaloniki, and Vilnius, implemented annually by 11 cultural organisations across the continent. In 2024, Open House Europe will welcome new partners organising festivals in Prague and Vienna, as well as guest cities Copenhagen, Tirana, and Zagreb. Co-funded by the European Union, the project is a new initiative promoting quality architecture in Europe and engaging audiences in a more inclusive debate about the built environment.<\/p>\n\n\n\n<h2 class=\"wp-block-heading\"><strong>Project partners<\/strong><\/h2>\n\n\n\n<ul class=\"wp-block-list\">\n<li>Athens and Thessaloniki, EL &#8211; Open House Greece;<\/li>\n\n\n\n<li>Bilbao, ES &#8211; Asociaci\u00f3n Open Urbanity;<\/li>\n\n\n\n<li>Brno, CZ &#8211; Culture and Management club;<\/li>\n\n\n\n<li>Dublin, IE &#8211; The Irish Architecture Foundation Limited;<\/li>\n\n\n\n<li>Essen, DE &#8211; Forum Kunst &amp; Architektur;<\/li>\n\n\n\n<li>Stockholm, SE &#8211; Open House Stockholm;<\/li>\n\n\n\n<li>Lisbon, PT &#8211; Trienal de Arquitectura de Lisboa;<\/li>\n\n\n\n<li>Ljubljana, SI &#8211; AFRONT zavod za prostorsko inovativnost;<\/li>\n\n\n\n<li>Milan, IT &#8211; Associazione Open House Milano;<\/li>\n\n\n\n<li>Tallinn, EE &#8211; Mittetulundus\u00fching Eesti Arhitektuurikeskus;<\/li>\n\n\n\n<li>Vilnius, LT &#8211; Architekturos fondas.<\/li>\n<\/ul>\n\n\n\n<p>Open House Europe is coordinated by Architekt\u016bros fondas and co-funded by the European Union.<\/p>\n","protected":false},"excerpt":{"rendered":"<p>The Annual Summit is a gathering of the community of Open House festivals\u2019 organisers, architecture enthusiasts, students, and professionals. Hosted by the Lisbon Architecture Triennale in an 18th-century Palace transformed into a cultural centre, the first Open House Europe Annual Summit will feature a lively programme with three public debates, three guided tours, a workshop, [&hellip;]<\/p>\n","protected":false},"author":2,"featured_media":26593,"comment_status":"open","ping_status":"open","sticky":false,"template":"","format":"standard","meta":{"_acf_changed":false,"footnotes":""},"categories":[5],"tags":[],"class_list":["post-26589","post","type-post","status-publish","format-standard","has-post-thumbnail","hentry","category-message-en"],"acf":[],"yoast_head":"<!-- This site is optimized with the Yoast SEO plugin v24.1 - https:\/\/yoast.com\/wordpress\/plugins\/seo\/ -->\n<title>Building Futures Together: The First Annual Summit of Open House Europe in Portugal &#8211; Architekt\u016bros fondas<\/title>\n<meta name=\"description\" content=\"Lisbon Architecture Triennale will be hosting the first Annual Summit of Open House Europe, which will feature a Public Programme on December 15\u201316 related to this year&#039;s theme, Building Futures Together, focusing on sustainable practices in our built environment.\" \/>\n<meta name=\"robots\" content=\"index, follow, max-snippet:-1, max-image-preview:large, max-video-preview:-1\" \/>\n<link rel=\"canonical\" href=\"https:\/\/archfondas.lt\/en\/building-futures-together-the-first-annual-summit-of-open-house-europe-in-portugal\/\" \/>\n<meta property=\"og:locale\" content=\"en_US\" \/>\n<meta property=\"og:type\" content=\"article\" \/>\n<meta property=\"og:title\" content=\"Building Futures Together: The First Annual Summit of Open House Europe in Portugal &#8211; Architekt\u016bros fondas\" \/>\n<meta property=\"og:description\" content=\"Lisbon Architecture Triennale will be hosting the first Annual Summit of Open House Europe, which will feature a Public Programme on December 15\u201316 related to this year&#039;s theme, Building Futures Together, focusing on sustainable practices in our built environment.\" \/>\n<meta property=\"og:url\" content=\"https:\/\/archfondas.lt\/en\/building-futures-together-the-first-annual-summit-of-open-house-europe-in-portugal\/\" \/>\n<meta property=\"og:site_name\" content=\"Architekt\u016bros fondas\" \/>\n<meta property=\"article:publisher\" content=\"https:\/\/www.facebook.com\/archfondas\" \/>\n<meta property=\"article:published_time\" content=\"2023-11-22T07:59:25+00:00\" \/>\n<meta property=\"article:modified_time\" content=\"2024-01-29T08:26:18+00:00\" \/>\n<meta property=\"og:image\" content=\"https:\/\/archfondas.lt\/wp-content\/uploads\/2023\/11\/OHE_Summit_Cover_Black_must-indicate-public-programme-in-headline.png\" \/>\n\t<meta property=\"og:image:width\" content=\"2460\" \/>\n\t<meta property=\"og:image:height\" content=\"1080\" \/>\n\t<meta property=\"og:image:type\" content=\"image\/png\" \/>\n<meta name=\"author\" content=\"vilius\" \/>\n<meta name=\"twitter:card\" content=\"summary_large_image\" \/>\n<meta name=\"twitter:creator\" content=\"@archfondas\" \/>\n<meta name=\"twitter:site\" content=\"@archfondas\" \/>\n<meta name=\"twitter:label1\" content=\"Written by\" \/>\n\t<meta name=\"twitter:data1\" content=\"vilius\" \/>\n\t<meta name=\"twitter:label2\" content=\"Est. reading time\" \/>\n\t<meta name=\"twitter:data2\" content=\"7 minutes\" \/>\n<script type=\"application\/ld+json\" class=\"yoast-schema-graph\">{\"@context\":\"https:\/\/schema.org\",\"@graph\":[{\"@type\":\"Article\",\"@id\":\"https:\/\/archfondas.lt\/en\/building-futures-together-the-first-annual-summit-of-open-house-europe-in-portugal\/#article\",\"isPartOf\":{\"@id\":\"https:\/\/archfondas.lt\/en\/building-futures-together-the-first-annual-summit-of-open-house-europe-in-portugal\/\"},\"author\":{\"name\":\"vilius\",\"@id\":\"https:\/\/archfondas.lt\/#\/schema\/person\/12c9a1d214305001c1474d1cddec95cb\"},\"headline\":\"Building Futures Together: The First Annual Summit of Open House Europe in Portugal\",\"datePublished\":\"2023-11-22T07:59:25+00:00\",\"dateModified\":\"2024-01-29T08:26:18+00:00\",\"mainEntityOfPage\":{\"@id\":\"https:\/\/archfondas.lt\/en\/building-futures-together-the-first-annual-summit-of-open-house-europe-in-portugal\/\"},\"wordCount\":1086,\"commentCount\":0,\"publisher\":{\"@id\":\"https:\/\/archfondas.lt\/#organization\"},\"image\":{\"@id\":\"https:\/\/archfondas.lt\/en\/building-futures-together-the-first-annual-summit-of-open-house-europe-in-portugal\/#primaryimage\"},\"thumbnailUrl\":\"https:\/\/archfondas.lt\/wp-content\/uploads\/2023\/11\/OHE_Summit_Cover_Black_must-indicate-public-programme-in-headline.png\",\"articleSection\":[\"Pranesimas\"],\"inLanguage\":\"en-US\",\"potentialAction\":[{\"@type\":\"CommentAction\",\"name\":\"Comment\",\"target\":[\"https:\/\/archfondas.lt\/en\/building-futures-together-the-first-annual-summit-of-open-house-europe-in-portugal\/#respond\"]}]},{\"@type\":\"WebPage\",\"@id\":\"https:\/\/archfondas.lt\/en\/building-futures-together-the-first-annual-summit-of-open-house-europe-in-portugal\/\",\"url\":\"https:\/\/archfondas.lt\/en\/building-futures-together-the-first-annual-summit-of-open-house-europe-in-portugal\/\",\"name\":\"Building Futures Together: The First Annual Summit of Open House Europe in Portugal &#8211; Architekt\u016bros fondas\",\"isPartOf\":{\"@id\":\"https:\/\/archfondas.lt\/#website\"},\"primaryImageOfPage\":{\"@id\":\"https:\/\/archfondas.lt\/en\/building-futures-together-the-first-annual-summit-of-open-house-europe-in-portugal\/#primaryimage\"},\"image\":{\"@id\":\"https:\/\/archfondas.lt\/en\/building-futures-together-the-first-annual-summit-of-open-house-europe-in-portugal\/#primaryimage\"},\"thumbnailUrl\":\"https:\/\/archfondas.lt\/wp-content\/uploads\/2023\/11\/OHE_Summit_Cover_Black_must-indicate-public-programme-in-headline.png\",\"datePublished\":\"2023-11-22T07:59:25+00:00\",\"dateModified\":\"2024-01-29T08:26:18+00:00\",\"description\":\"Lisbon Architecture Triennale will be hosting the first Annual Summit of Open House Europe, which will feature a Public Programme on December 15\u201316 related to this year's theme, Building Futures Together, focusing on sustainable practices in our built environment.\",\"breadcrumb\":{\"@id\":\"https:\/\/archfondas.lt\/en\/building-futures-together-the-first-annual-summit-of-open-house-europe-in-portugal\/#breadcrumb\"},\"inLanguage\":\"en-US\",\"potentialAction\":[{\"@type\":\"ReadAction\",\"target\":[\"https:\/\/archfondas.lt\/en\/building-futures-together-the-first-annual-summit-of-open-house-europe-in-portugal\/\"]}]},{\"@type\":\"ImageObject\",\"inLanguage\":\"en-US\",\"@id\":\"https:\/\/archfondas.lt\/en\/building-futures-together-the-first-annual-summit-of-open-house-europe-in-portugal\/#primaryimage\",\"url\":\"https:\/\/archfondas.lt\/wp-content\/uploads\/2023\/11\/OHE_Summit_Cover_Black_must-indicate-public-programme-in-headline.png\",\"contentUrl\":\"https:\/\/archfondas.lt\/wp-content\/uploads\/2023\/11\/OHE_Summit_Cover_Black_must-indicate-public-programme-in-headline.png\",\"width\":2460,\"height\":1080},{\"@type\":\"BreadcrumbList\",\"@id\":\"https:\/\/archfondas.lt\/en\/building-futures-together-the-first-annual-summit-of-open-house-europe-in-portugal\/#breadcrumb\",\"itemListElement\":[{\"@type\":\"ListItem\",\"position\":1,\"name\":\"Home\",\"item\":\"https:\/\/archfondas.lt\/en\/\"},{\"@type\":\"ListItem\",\"position\":2,\"name\":\"Building Futures Together: The First Annual Summit of Open House Europe in Portugal\"}]},{\"@type\":\"WebSite\",\"@id\":\"https:\/\/archfondas.lt\/#website\",\"url\":\"https:\/\/archfondas.lt\/\",\"name\":\"Architekt\u016bros fondas\",\"description\":\"Mes esame nevyriausybin\u0117, pelno nesiekianti organizacija kurianti bei puosel\u0117janti architekt\u016bros kult\u016br\u0105.\",\"publisher\":{\"@id\":\"https:\/\/archfondas.lt\/#organization\"},\"potentialAction\":[{\"@type\":\"SearchAction\",\"target\":{\"@type\":\"EntryPoint\",\"urlTemplate\":\"https:\/\/archfondas.lt\/?s={search_term_string}\"},\"query-input\":{\"@type\":\"PropertyValueSpecification\",\"valueRequired\":true,\"valueName\":\"search_term_string\"}}],\"inLanguage\":\"en-US\"},{\"@type\":\"Organization\",\"@id\":\"https:\/\/archfondas.lt\/#organization\",\"name\":\"Architekt\u016bros fondas\",\"url\":\"https:\/\/archfondas.lt\/\",\"logo\":{\"@type\":\"ImageObject\",\"inLanguage\":\"en-US\",\"@id\":\"https:\/\/archfondas.lt\/#\/schema\/logo\/image\/\",\"url\":\"https:\/\/archfondas.lt\/wp-content\/uploads\/2023\/04\/archfondas-logo.svg\",\"contentUrl\":\"https:\/\/archfondas.lt\/wp-content\/uploads\/2023\/04\/archfondas-logo.svg\",\"width\":483,\"height\":124,\"caption\":\"Architekt\u016bros fondas\"},\"image\":{\"@id\":\"https:\/\/archfondas.lt\/#\/schema\/logo\/image\/\"},\"sameAs\":[\"https:\/\/www.facebook.com\/archfondas\",\"https:\/\/x.com\/archfondas\"]},{\"@type\":\"Person\",\"@id\":\"https:\/\/archfondas.lt\/#\/schema\/person\/12c9a1d214305001c1474d1cddec95cb\",\"name\":\"vilius\",\"image\":{\"@type\":\"ImageObject\",\"inLanguage\":\"en-US\",\"@id\":\"https:\/\/archfondas.lt\/#\/schema\/person\/image\/\",\"url\":\"https:\/\/secure.gravatar.com\/avatar\/29fe3433859d6bb7356cd673e2da7c8b?s=96&d=mm&r=g\",\"contentUrl\":\"https:\/\/secure.gravatar.com\/avatar\/29fe3433859d6bb7356cd673e2da7c8b?s=96&d=mm&r=g\",\"caption\":\"vilius\"},\"url\":\"https:\/\/archfondas.lt\/en\/author\/vilius\/\"}]}<\/script>\n<!-- \/ Yoast SEO plugin. -->","yoast_head_json":{"title":"Building Futures Together: The First Annual Summit of Open House Europe in Portugal &#8211; Architekt\u016bros fondas","description":"Lisbon Architecture Triennale will be hosting the first Annual Summit of Open House Europe, which will feature a Public Programme on December 15\u201316 related to this year's theme, Building Futures Together, focusing on sustainable practices in our built environment.","robots":{"index":"index","follow":"follow","max-snippet":"max-snippet:-1","max-image-preview":"max-image-preview:large","max-video-preview":"max-video-preview:-1"},"canonical":"https:\/\/archfondas.lt\/en\/building-futures-together-the-first-annual-summit-of-open-house-europe-in-portugal\/","og_locale":"en_US","og_type":"article","og_title":"Building Futures Together: The First Annual Summit of Open House Europe in Portugal &#8211; Architekt\u016bros fondas","og_description":"Lisbon Architecture Triennale will be hosting the first Annual Summit of Open House Europe, which will feature a Public Programme on December 15\u201316 related to this year's theme, Building Futures Together, focusing on sustainable practices in our built environment.","og_url":"https:\/\/archfondas.lt\/en\/building-futures-together-the-first-annual-summit-of-open-house-europe-in-portugal\/","og_site_name":"Architekt\u016bros fondas","article_publisher":"https:\/\/www.facebook.com\/archfondas","article_published_time":"2023-11-22T07:59:25+00:00","article_modified_time":"2024-01-29T08:26:18+00:00","og_image":[{"width":2460,"height":1080,"url":"https:\/\/archfondas.lt\/wp-content\/uploads\/2023\/11\/OHE_Summit_Cover_Black_must-indicate-public-programme-in-headline.png","type":"image\/png"}],"author":"vilius","twitter_card":"summary_large_image","twitter_creator":"@archfondas","twitter_site":"@archfondas","twitter_misc":{"Written by":"vilius","Est. reading time":"7 minutes"},"schema":{"@context":"https:\/\/schema.org","@graph":[{"@type":"Article","@id":"https:\/\/archfondas.lt\/en\/building-futures-together-the-first-annual-summit-of-open-house-europe-in-portugal\/#article","isPartOf":{"@id":"https:\/\/archfondas.lt\/en\/building-futures-together-the-first-annual-summit-of-open-house-europe-in-portugal\/"},"author":{"name":"vilius","@id":"https:\/\/archfondas.lt\/#\/schema\/person\/12c9a1d214305001c1474d1cddec95cb"},"headline":"Building Futures Together: The First Annual Summit of Open House Europe in Portugal","datePublished":"2023-11-22T07:59:25+00:00","dateModified":"2024-01-29T08:26:18+00:00","mainEntityOfPage":{"@id":"https:\/\/archfondas.lt\/en\/building-futures-together-the-first-annual-summit-of-open-house-europe-in-portugal\/"},"wordCount":1086,"commentCount":0,"publisher":{"@id":"https:\/\/archfondas.lt\/#organization"},"image":{"@id":"https:\/\/archfondas.lt\/en\/building-futures-together-the-first-annual-summit-of-open-house-europe-in-portugal\/#primaryimage"},"thumbnailUrl":"https:\/\/archfondas.lt\/wp-content\/uploads\/2023\/11\/OHE_Summit_Cover_Black_must-indicate-public-programme-in-headline.png","articleSection":["Pranesimas"],"inLanguage":"en-US","potentialAction":[{"@type":"CommentAction","name":"Comment","target":["https:\/\/archfondas.lt\/en\/building-futures-together-the-first-annual-summit-of-open-house-europe-in-portugal\/#respond"]}]},{"@type":"WebPage","@id":"https:\/\/archfondas.lt\/en\/building-futures-together-the-first-annual-summit-of-open-house-europe-in-portugal\/","url":"https:\/\/archfondas.lt\/en\/building-futures-together-the-first-annual-summit-of-open-house-europe-in-portugal\/","name":"Building Futures Together: The First Annual Summit of Open House Europe in Portugal &#8211; Architekt\u016bros fondas","isPartOf":{"@id":"https:\/\/archfondas.lt\/#website"},"primaryImageOfPage":{"@id":"https:\/\/archfondas.lt\/en\/building-futures-together-the-first-annual-summit-of-open-house-europe-in-portugal\/#primaryimage"},"image":{"@id":"https:\/\/archfondas.lt\/en\/building-futures-together-the-first-annual-summit-of-open-house-europe-in-portugal\/#primaryimage"},"thumbnailUrl":"https:\/\/archfondas.lt\/wp-content\/uploads\/2023\/11\/OHE_Summit_Cover_Black_must-indicate-public-programme-in-headline.png","datePublished":"2023-11-22T07:59:25+00:00","dateModified":"2024-01-29T08:26:18+00:00","description":"Lisbon Architecture Triennale will be hosting the first Annual Summit of Open House Europe, which will feature a Public Programme on December 15\u201316 related to this year's theme, Building Futures Together, focusing on sustainable practices in our built environment.","breadcrumb":{"@id":"https:\/\/archfondas.lt\/en\/building-futures-together-the-first-annual-summit-of-open-house-europe-in-portugal\/#breadcrumb"},"inLanguage":"en-US","potentialAction":[{"@type":"ReadAction","target":["https:\/\/archfondas.lt\/en\/building-futures-together-the-first-annual-summit-of-open-house-europe-in-portugal\/"]}]},{"@type":"ImageObject","inLanguage":"en-US","@id":"https:\/\/archfondas.lt\/en\/building-futures-together-the-first-annual-summit-of-open-house-europe-in-portugal\/#primaryimage","url":"https:\/\/archfondas.lt\/wp-content\/uploads\/2023\/11\/OHE_Summit_Cover_Black_must-indicate-public-programme-in-headline.png","contentUrl":"https:\/\/archfondas.lt\/wp-content\/uploads\/2023\/11\/OHE_Summit_Cover_Black_must-indicate-public-programme-in-headline.png","width":2460,"height":1080},{"@type":"BreadcrumbList","@id":"https:\/\/archfondas.lt\/en\/building-futures-together-the-first-annual-summit-of-open-house-europe-in-portugal\/#breadcrumb","itemListElement":[{"@type":"ListItem","position":1,"name":"Home","item":"https:\/\/archfondas.lt\/en\/"},{"@type":"ListItem","position":2,"name":"Building Futures Together: The First Annual Summit of Open House Europe in Portugal"}]},{"@type":"WebSite","@id":"https:\/\/archfondas.lt\/#website","url":"https:\/\/archfondas.lt\/","name":"Architekt\u016bros fondas","description":"Mes esame nevyriausybin\u0117, pelno nesiekianti organizacija kurianti bei puosel\u0117janti architekt\u016bros kult\u016br\u0105.","publisher":{"@id":"https:\/\/archfondas.lt\/#organization"},"potentialAction":[{"@type":"SearchAction","target":{"@type":"EntryPoint","urlTemplate":"https:\/\/archfondas.lt\/?s={search_term_string}"},"query-input":{"@type":"PropertyValueSpecification","valueRequired":true,"valueName":"search_term_string"}}],"inLanguage":"en-US"},{"@type":"Organization","@id":"https:\/\/archfondas.lt\/#organization","name":"Architekt\u016bros fondas","url":"https:\/\/archfondas.lt\/","logo":{"@type":"ImageObject","inLanguage":"en-US","@id":"https:\/\/archfondas.lt\/#\/schema\/logo\/image\/","url":"https:\/\/archfondas.lt\/wp-content\/uploads\/2023\/04\/archfondas-logo.svg","contentUrl":"https:\/\/archfondas.lt\/wp-content\/uploads\/2023\/04\/archfondas-logo.svg","width":483,"height":124,"caption":"Architekt\u016bros fondas"},"image":{"@id":"https:\/\/archfondas.lt\/#\/schema\/logo\/image\/"},"sameAs":["https:\/\/www.facebook.com\/archfondas","https:\/\/x.com\/archfondas"]},{"@type":"Person","@id":"https:\/\/archfondas.lt\/#\/schema\/person\/12c9a1d214305001c1474d1cddec95cb","name":"vilius","image":{"@type":"ImageObject","inLanguage":"en-US","@id":"https:\/\/archfondas.lt\/#\/schema\/person\/image\/","url":"https:\/\/secure.gravatar.com\/avatar\/29fe3433859d6bb7356cd673e2da7c8b?s=96&d=mm&r=g","contentUrl":"https:\/\/secure.gravatar.com\/avatar\/29fe3433859d6bb7356cd673e2da7c8b?s=96&d=mm&r=g","caption":"vilius"},"url":"https:\/\/archfondas.lt\/en\/author\/vilius\/"}]}},"_links":{"self":[{"href":"https:\/\/archfondas.lt\/en\/wp-json\/wp\/v2\/posts\/26589","targetHints":{"allow":["GET"]}}],"collection":[{"href":"https:\/\/archfondas.lt\/en\/wp-json\/wp\/v2\/posts"}],"about":[{"href":"https:\/\/archfondas.lt\/en\/wp-json\/wp\/v2\/types\/post"}],"author":[{"embeddable":true,"href":"https:\/\/archfondas.lt\/en\/wp-json\/wp\/v2\/users\/2"}],"replies":[{"embeddable":true,"href":"https:\/\/archfondas.lt\/en\/wp-json\/wp\/v2\/comments?post=26589"}],"version-history":[{"count":54,"href":"https:\/\/archfondas.lt\/en\/wp-json\/wp\/v2\/posts\/26589\/revisions"}],"predecessor-version":[{"id":26772,"href":"https:\/\/archfondas.lt\/en\/wp-json\/wp\/v2\/posts\/26589\/revisions\/26772"}],"wp:featuredmedia":[{"embeddable":true,"href":"https:\/\/archfondas.lt\/en\/wp-json\/wp\/v2\/media\/26593"}],"wp:attachment":[{"href":"https:\/\/archfondas.lt\/en\/wp-json\/wp\/v2\/media?parent=26589"}],"wp:term":[{"taxonomy":"category","embeddable":true,"href":"https:\/\/archfondas.lt\/en\/wp-json\/wp\/v2\/categories?post=26589"},{"taxonomy":"post_tag","embeddable":true,"href":"https:\/\/archfondas.lt\/en\/wp-json\/wp\/v2\/tags?post=26589"}],"curies":[{"name":"wp","href":"https:\/\/api.w.org\/{rel}","templated":true}]}}