{"id":26667,"date":"2023-11-23T12:28:33","date_gmt":"2023-11-23T10:28:33","guid":{"rendered":"https:\/\/archfondas.lt\/architekturos-fondo-forumas-architekturos-uzsakymas\/"},"modified":"2023-11-23T12:45:15","modified_gmt":"2023-11-23T10:45:15","slug":"architekturos-fondo-forumas-architekturos-uzsakymas","status":"publish","type":"post","link":"https:\/\/archfondas.lt\/en\/architekturos-fondo-forumas-architekturos-uzsakymas\/","title":{"rendered":"Architekt\u016bros fondas forum: Brief"},"content":{"rendered":"\n<p>The theme of this year&#8217;s Forum, &#8216;Brief&#8217;, highlights the importance of articulating a clear vision in architecture by raising questions such as: what is the importance of design in the commissioning process? Who and how becomes the commissioning architects who voice the collective voice of the city, and how do we adapt existing infrastructure to new needs as life changes? Architekt\u016bros fondo forumas also invites texts and visual narratives to join the discussion in an open call on the architectural criticism platform &#8220;Aik\u0161t\u0117je&#8221;.<\/p>\n\n\n\n<p>Participants: Valentina Sansone, Skirmantas Bikelis, Jekaterina Lavrinec, Kaspars Lielgalvis, Kristiaan Borret, Darius \u017dakaitis, Justinas D\u016bd\u0117nas, Inga Urbonait\u0117-Vadoklien\u0117, Laura Kairien\u0117, Donatas Baltru\u0161aitis, Algimantas Neni\u0161kis.<\/p>\n\n\n\n<p>Programme:<\/p>\n\n\n\n<p><strong>30 November(TSEKH Gallery, Vytenio g. 6)<\/strong><\/p>\n\n\n\n<p>Cities change with the needs of society, and inevitably some buildings lose their purpose or owners. What happens to the built environment when it is left abandoned or is confiscated due to legal violations? What practices and systems do we have in place for managing the real estate reserve and how do we bring buildings back into the city life? A discussion with researchers and activists will explore real estate management systems and international examples of their social re-use.<\/p>\n\n\n\n<p>18:30 Introduction<\/p>\n\n\n\n<p>18:35 Presentation by Valentina Sansone about Magazzino Brancaccio and her research carried out in Vilnius with Dr. Skirmantas Bikelis.<\/p>\n\n\n\n<p>19:10 Presentation by Kaspars Lielgalvis on regeneration projects currently under development at the former premises of Riga Technical University and the former World Trade Centre Riga.<\/p>\n\n\n\n<p>19:30 Talk on the social re-use of buildings. Participants: Dr. Skirmantas Bikelis, Valentina Sansone, Kaspars Lielgalvis, Jekaterina Lavrinec.<\/p>\n\n\n\n<p>20:30 Drinks and snacks<\/p>\n\n\n\n<p><strong>1 December (Juodoji sal\u0117 of the Art Printing House, \u0160iltadar\u017eio str. 6, Vilnius)<\/strong><\/p>\n\n\n\n<p>The city is a place of coexistence for many different people and social groups, its spatial development is a constantly ongoing process. So who in the city and how creates a shared and continuous vision of the future, allowing us to plan and design the city for upcoming generations? In a discussion with Vilnius and Brussels chief architects, architectural competition organisers, developers and researchers we will explore the role of the city as a client in assessing spatial needs, shaping the desires of the future and translating them into a programme and requirements for our built environment.<\/p>\n\n\n\n<p>18:00 Introductory presentation by architect and architectural journalist Justinas D\u016bd\u0117nas on the architecture commissioning culture.<\/p>\n\n\n\n<p>18:30 Presentation by Laura Kairiene, Chief Architect of the City of Vilnius, on the experiences, tools and future aspirations of the City of Vilnius in improving the quality of architectural development processes.<\/p>\n\n\n\n<p>18:50 Presentation by Kristiaan Borret bouwmeester \u2013 ma\u00eetre architecte of Brussels Capital Region &#8220;Soft Power. The role of design quality governance in Brussels urban development&#8221;.<\/p>\n\n\n\n<p>19:20 Short break.<\/p>\n\n\n\n<p>19:30 Discussion with Laura Kairien\u0117, Kristiaan Borret, Justinas D\u016bd\u0117nas, Darius \u017dakaitis, Inga Urbonait\u0117-Vadoklien\u0117, Algimantas Neni\u0161kis. Moderated by Donatas Baltru\u0161aitis.<\/p>\n\n\n\n<p>20:30 End of the Forum, drinks and snacks at the Shinzo Bar.<\/p>\n\n\n\n<p>Design: Egl\u0117 Kirlyt\u0117.<\/p>\n\n\n\n<p>The organisation is funded by the Lithuanian Council for Culture.&nbsp;<br>Partner of the event &#8211; Vilnius City Municipality.<br>Information partner &#8211; LRT.<\/p>\n","protected":false},"excerpt":{"rendered":"<p>The theme of this year&#8217;s Forum, &#8216;Brief&#8217;, highlights the importance of articulating a clear vision in architecture by raising questions such as: what is the importance of design in the commissioning process? Who and how becomes the commissioning architects who voice the collective voice of the city, and how do we adapt existing infrastructure to [&hellip;]<\/p>\n","protected":false},"author":6,"featured_media":26673,"comment_status":"open","ping_status":"open","sticky":false,"template":"","format":"standard","meta":{"_acf_changed":false,"footnotes":""},"categories":[5],"tags":[],"class_list":["post-26667","post","type-post","status-publish","format-standard","has-post-thumbnail","hentry","category-message-en"],"acf":[],"yoast_head":"<!-- This site is optimized with the Yoast SEO plugin v24.1 - https:\/\/yoast.com\/wordpress\/plugins\/seo\/ -->\n<title>Architekt\u016bros fondas forum: Brief &#8211; Architekt\u016bros fondas<\/title>\n<meta name=\"robots\" content=\"index, follow, max-snippet:-1, max-image-preview:large, max-video-preview:-1\" \/>\n<link rel=\"canonical\" href=\"https:\/\/archfondas.lt\/en\/architekturos-fondo-forumas-architekturos-uzsakymas\/\" \/>\n<meta property=\"og:locale\" content=\"en_US\" \/>\n<meta property=\"og:type\" content=\"article\" \/>\n<meta property=\"og:title\" content=\"Architekt\u016bros fondas forum: Brief &#8211; Architekt\u016bros fondas\" \/>\n<meta property=\"og:description\" content=\"The theme of this year&#8217;s Forum, &#8216;Brief&#8217;, highlights the importance of articulating a clear vision in architecture by raising questions such as: what is the importance of design in the commissioning process? Who and how becomes the commissioning architects who voice the collective voice of the city, and how do we adapt existing infrastructure to [&hellip;]\" \/>\n<meta property=\"og:url\" content=\"https:\/\/archfondas.lt\/en\/architekturos-fondo-forumas-architekturos-uzsakymas\/\" \/>\n<meta property=\"og:site_name\" content=\"Architekt\u016bros fondas\" \/>\n<meta property=\"article:publisher\" content=\"https:\/\/www.facebook.com\/archfondas\" \/>\n<meta property=\"article:published_time\" content=\"2023-11-23T10:28:33+00:00\" \/>\n<meta property=\"article:modified_time\" content=\"2023-11-23T10:45:15+00:00\" \/>\n<meta property=\"og:image\" content=\"https:\/\/archfondas.lt\/wp-content\/uploads\/2023\/11\/EVENT_COVER-scaled.jpg\" \/>\n\t<meta property=\"og:image:width\" content=\"2560\" \/>\n\t<meta property=\"og:image:height\" content=\"1440\" \/>\n\t<meta property=\"og:image:type\" content=\"image\/jpeg\" \/>\n<meta name=\"author\" content=\"aiste\" \/>\n<meta name=\"twitter:card\" content=\"summary_large_image\" \/>\n<meta name=\"twitter:creator\" content=\"@archfondas\" \/>\n<meta name=\"twitter:site\" content=\"@archfondas\" \/>\n<meta name=\"twitter:label1\" content=\"Written by\" \/>\n\t<meta name=\"twitter:data1\" content=\"aiste\" \/>\n\t<meta name=\"twitter:label2\" content=\"Est. reading time\" \/>\n\t<meta name=\"twitter:data2\" content=\"3 minutes\" \/>\n<script type=\"application\/ld+json\" class=\"yoast-schema-graph\">{\"@context\":\"https:\/\/schema.org\",\"@graph\":[{\"@type\":\"Article\",\"@id\":\"https:\/\/archfondas.lt\/en\/architekturos-fondo-forumas-architekturos-uzsakymas\/#article\",\"isPartOf\":{\"@id\":\"https:\/\/archfondas.lt\/en\/architekturos-fondo-forumas-architekturos-uzsakymas\/\"},\"author\":{\"name\":\"aiste\",\"@id\":\"https:\/\/archfondas.lt\/#\/schema\/person\/97b63d7438f80ed4f33d145e7441be19\"},\"headline\":\"Architekt\u016bros fondas forum: Brief\",\"datePublished\":\"2023-11-23T10:28:33+00:00\",\"dateModified\":\"2023-11-23T10:45:15+00:00\",\"mainEntityOfPage\":{\"@id\":\"https:\/\/archfondas.lt\/en\/architekturos-fondo-forumas-architekturos-uzsakymas\/\"},\"wordCount\":511,\"commentCount\":0,\"publisher\":{\"@id\":\"https:\/\/archfondas.lt\/#organization\"},\"image\":{\"@id\":\"https:\/\/archfondas.lt\/en\/architekturos-fondo-forumas-architekturos-uzsakymas\/#primaryimage\"},\"thumbnailUrl\":\"https:\/\/archfondas.lt\/wp-content\/uploads\/2023\/11\/EVENT_COVER-scaled.jpg\",\"articleSection\":[\"Pranesimas\"],\"inLanguage\":\"en-US\",\"potentialAction\":[{\"@type\":\"CommentAction\",\"name\":\"Comment\",\"target\":[\"https:\/\/archfondas.lt\/en\/architekturos-fondo-forumas-architekturos-uzsakymas\/#respond\"]}]},{\"@type\":\"WebPage\",\"@id\":\"https:\/\/archfondas.lt\/en\/architekturos-fondo-forumas-architekturos-uzsakymas\/\",\"url\":\"https:\/\/archfondas.lt\/en\/architekturos-fondo-forumas-architekturos-uzsakymas\/\",\"name\":\"Architekt\u016bros fondas forum: Brief &#8211; Architekt\u016bros fondas\",\"isPartOf\":{\"@id\":\"https:\/\/archfondas.lt\/#website\"},\"primaryImageOfPage\":{\"@id\":\"https:\/\/archfondas.lt\/en\/architekturos-fondo-forumas-architekturos-uzsakymas\/#primaryimage\"},\"image\":{\"@id\":\"https:\/\/archfondas.lt\/en\/architekturos-fondo-forumas-architekturos-uzsakymas\/#primaryimage\"},\"thumbnailUrl\":\"https:\/\/archfondas.lt\/wp-content\/uploads\/2023\/11\/EVENT_COVER-scaled.jpg\",\"datePublished\":\"2023-11-23T10:28:33+00:00\",\"dateModified\":\"2023-11-23T10:45:15+00:00\",\"breadcrumb\":{\"@id\":\"https:\/\/archfondas.lt\/en\/architekturos-fondo-forumas-architekturos-uzsakymas\/#breadcrumb\"},\"inLanguage\":\"en-US\",\"potentialAction\":[{\"@type\":\"ReadAction\",\"target\":[\"https:\/\/archfondas.lt\/en\/architekturos-fondo-forumas-architekturos-uzsakymas\/\"]}]},{\"@type\":\"ImageObject\",\"inLanguage\":\"en-US\",\"@id\":\"https:\/\/archfondas.lt\/en\/architekturos-fondo-forumas-architekturos-uzsakymas\/#primaryimage\",\"url\":\"https:\/\/archfondas.lt\/wp-content\/uploads\/2023\/11\/EVENT_COVER-scaled.jpg\",\"contentUrl\":\"https:\/\/archfondas.lt\/wp-content\/uploads\/2023\/11\/EVENT_COVER-scaled.jpg\",\"width\":2560,\"height\":1440},{\"@type\":\"BreadcrumbList\",\"@id\":\"https:\/\/archfondas.lt\/en\/architekturos-fondo-forumas-architekturos-uzsakymas\/#breadcrumb\",\"itemListElement\":[{\"@type\":\"ListItem\",\"position\":1,\"name\":\"Home\",\"item\":\"https:\/\/archfondas.lt\/en\/\"},{\"@type\":\"ListItem\",\"position\":2,\"name\":\"Architekt\u016bros fondas forum: Brief\"}]},{\"@type\":\"WebSite\",\"@id\":\"https:\/\/archfondas.lt\/#website\",\"url\":\"https:\/\/archfondas.lt\/\",\"name\":\"Architekt\u016bros fondas\",\"description\":\"Mes esame nevyriausybin\u0117, pelno nesiekianti organizacija kurianti bei puosel\u0117janti architekt\u016bros kult\u016br\u0105.\",\"publisher\":{\"@id\":\"https:\/\/archfondas.lt\/#organization\"},\"potentialAction\":[{\"@type\":\"SearchAction\",\"target\":{\"@type\":\"EntryPoint\",\"urlTemplate\":\"https:\/\/archfondas.lt\/?s={search_term_string}\"},\"query-input\":{\"@type\":\"PropertyValueSpecification\",\"valueRequired\":true,\"valueName\":\"search_term_string\"}}],\"inLanguage\":\"en-US\"},{\"@type\":\"Organization\",\"@id\":\"https:\/\/archfondas.lt\/#organization\",\"name\":\"Architekt\u016bros fondas\",\"url\":\"https:\/\/archfondas.lt\/\",\"logo\":{\"@type\":\"ImageObject\",\"inLanguage\":\"en-US\",\"@id\":\"https:\/\/archfondas.lt\/#\/schema\/logo\/image\/\",\"url\":\"https:\/\/archfondas.lt\/wp-content\/uploads\/2023\/04\/archfondas-logo.svg\",\"contentUrl\":\"https:\/\/archfondas.lt\/wp-content\/uploads\/2023\/04\/archfondas-logo.svg\",\"width\":483,\"height\":124,\"caption\":\"Architekt\u016bros fondas\"},\"image\":{\"@id\":\"https:\/\/archfondas.lt\/#\/schema\/logo\/image\/\"},\"sameAs\":[\"https:\/\/www.facebook.com\/archfondas\",\"https:\/\/x.com\/archfondas\"]},{\"@type\":\"Person\",\"@id\":\"https:\/\/archfondas.lt\/#\/schema\/person\/97b63d7438f80ed4f33d145e7441be19\",\"name\":\"aiste\",\"image\":{\"@type\":\"ImageObject\",\"inLanguage\":\"en-US\",\"@id\":\"https:\/\/archfondas.lt\/#\/schema\/person\/image\/\",\"url\":\"https:\/\/secure.gravatar.com\/avatar\/a5ef93eecc3d7281c851c213a176d17d?s=96&d=mm&r=g\",\"contentUrl\":\"https:\/\/secure.gravatar.com\/avatar\/a5ef93eecc3d7281c851c213a176d17d?s=96&d=mm&r=g\",\"caption\":\"aiste\"},\"url\":\"https:\/\/archfondas.lt\/en\/author\/aiste\/\"}]}<\/script>\n<!-- \/ Yoast SEO plugin. -->","yoast_head_json":{"title":"Architekt\u016bros fondas forum: Brief &#8211; Architekt\u016bros fondas","robots":{"index":"index","follow":"follow","max-snippet":"max-snippet:-1","max-image-preview":"max-image-preview:large","max-video-preview":"max-video-preview:-1"},"canonical":"https:\/\/archfondas.lt\/en\/architekturos-fondo-forumas-architekturos-uzsakymas\/","og_locale":"en_US","og_type":"article","og_title":"Architekt\u016bros fondas forum: Brief &#8211; Architekt\u016bros fondas","og_description":"The theme of this year&#8217;s Forum, &#8216;Brief&#8217;, highlights the importance of articulating a clear vision in architecture by raising questions such as: what is the importance of design in the commissioning process? Who and how becomes the commissioning architects who voice the collective voice of the city, and how do we adapt existing infrastructure to [&hellip;]","og_url":"https:\/\/archfondas.lt\/en\/architekturos-fondo-forumas-architekturos-uzsakymas\/","og_site_name":"Architekt\u016bros fondas","article_publisher":"https:\/\/www.facebook.com\/archfondas","article_published_time":"2023-11-23T10:28:33+00:00","article_modified_time":"2023-11-23T10:45:15+00:00","og_image":[{"width":2560,"height":1440,"url":"https:\/\/archfondas.lt\/wp-content\/uploads\/2023\/11\/EVENT_COVER-scaled.jpg","type":"image\/jpeg"}],"author":"aiste","twitter_card":"summary_large_image","twitter_creator":"@archfondas","twitter_site":"@archfondas","twitter_misc":{"Written by":"aiste","Est. reading time":"3 minutes"},"schema":{"@context":"https:\/\/schema.org","@graph":[{"@type":"Article","@id":"https:\/\/archfondas.lt\/en\/architekturos-fondo-forumas-architekturos-uzsakymas\/#article","isPartOf":{"@id":"https:\/\/archfondas.lt\/en\/architekturos-fondo-forumas-architekturos-uzsakymas\/"},"author":{"name":"aiste","@id":"https:\/\/archfondas.lt\/#\/schema\/person\/97b63d7438f80ed4f33d145e7441be19"},"headline":"Architekt\u016bros fondas forum: Brief","datePublished":"2023-11-23T10:28:33+00:00","dateModified":"2023-11-23T10:45:15+00:00","mainEntityOfPage":{"@id":"https:\/\/archfondas.lt\/en\/architekturos-fondo-forumas-architekturos-uzsakymas\/"},"wordCount":511,"commentCount":0,"publisher":{"@id":"https:\/\/archfondas.lt\/#organization"},"image":{"@id":"https:\/\/archfondas.lt\/en\/architekturos-fondo-forumas-architekturos-uzsakymas\/#primaryimage"},"thumbnailUrl":"https:\/\/archfondas.lt\/wp-content\/uploads\/2023\/11\/EVENT_COVER-scaled.jpg","articleSection":["Pranesimas"],"inLanguage":"en-US","potentialAction":[{"@type":"CommentAction","name":"Comment","target":["https:\/\/archfondas.lt\/en\/architekturos-fondo-forumas-architekturos-uzsakymas\/#respond"]}]},{"@type":"WebPage","@id":"https:\/\/archfondas.lt\/en\/architekturos-fondo-forumas-architekturos-uzsakymas\/","url":"https:\/\/archfondas.lt\/en\/architekturos-fondo-forumas-architekturos-uzsakymas\/","name":"Architekt\u016bros fondas forum: Brief &#8211; Architekt\u016bros fondas","isPartOf":{"@id":"https:\/\/archfondas.lt\/#website"},"primaryImageOfPage":{"@id":"https:\/\/archfondas.lt\/en\/architekturos-fondo-forumas-architekturos-uzsakymas\/#primaryimage"},"image":{"@id":"https:\/\/archfondas.lt\/en\/architekturos-fondo-forumas-architekturos-uzsakymas\/#primaryimage"},"thumbnailUrl":"https:\/\/archfondas.lt\/wp-content\/uploads\/2023\/11\/EVENT_COVER-scaled.jpg","datePublished":"2023-11-23T10:28:33+00:00","dateModified":"2023-11-23T10:45:15+00:00","breadcrumb":{"@id":"https:\/\/archfondas.lt\/en\/architekturos-fondo-forumas-architekturos-uzsakymas\/#breadcrumb"},"inLanguage":"en-US","potentialAction":[{"@type":"ReadAction","target":["https:\/\/archfondas.lt\/en\/architekturos-fondo-forumas-architekturos-uzsakymas\/"]}]},{"@type":"ImageObject","inLanguage":"en-US","@id":"https:\/\/archfondas.lt\/en\/architekturos-fondo-forumas-architekturos-uzsakymas\/#primaryimage","url":"https:\/\/archfondas.lt\/wp-content\/uploads\/2023\/11\/EVENT_COVER-scaled.jpg","contentUrl":"https:\/\/archfondas.lt\/wp-content\/uploads\/2023\/11\/EVENT_COVER-scaled.jpg","width":2560,"height":1440},{"@type":"BreadcrumbList","@id":"https:\/\/archfondas.lt\/en\/architekturos-fondo-forumas-architekturos-uzsakymas\/#breadcrumb","itemListElement":[{"@type":"ListItem","position":1,"name":"Home","item":"https:\/\/archfondas.lt\/en\/"},{"@type":"ListItem","position":2,"name":"Architekt\u016bros fondas forum: Brief"}]},{"@type":"WebSite","@id":"https:\/\/archfondas.lt\/#website","url":"https:\/\/archfondas.lt\/","name":"Architekt\u016bros fondas","description":"Mes esame nevyriausybin\u0117, pelno nesiekianti organizacija kurianti bei puosel\u0117janti architekt\u016bros kult\u016br\u0105.","publisher":{"@id":"https:\/\/archfondas.lt\/#organization"},"potentialAction":[{"@type":"SearchAction","target":{"@type":"EntryPoint","urlTemplate":"https:\/\/archfondas.lt\/?s={search_term_string}"},"query-input":{"@type":"PropertyValueSpecification","valueRequired":true,"valueName":"search_term_string"}}],"inLanguage":"en-US"},{"@type":"Organization","@id":"https:\/\/archfondas.lt\/#organization","name":"Architekt\u016bros fondas","url":"https:\/\/archfondas.lt\/","logo":{"@type":"ImageObject","inLanguage":"en-US","@id":"https:\/\/archfondas.lt\/#\/schema\/logo\/image\/","url":"https:\/\/archfondas.lt\/wp-content\/uploads\/2023\/04\/archfondas-logo.svg","contentUrl":"https:\/\/archfondas.lt\/wp-content\/uploads\/2023\/04\/archfondas-logo.svg","width":483,"height":124,"caption":"Architekt\u016bros fondas"},"image":{"@id":"https:\/\/archfondas.lt\/#\/schema\/logo\/image\/"},"sameAs":["https:\/\/www.facebook.com\/archfondas","https:\/\/x.com\/archfondas"]},{"@type":"Person","@id":"https:\/\/archfondas.lt\/#\/schema\/person\/97b63d7438f80ed4f33d145e7441be19","name":"aiste","image":{"@type":"ImageObject","inLanguage":"en-US","@id":"https:\/\/archfondas.lt\/#\/schema\/person\/image\/","url":"https:\/\/secure.gravatar.com\/avatar\/a5ef93eecc3d7281c851c213a176d17d?s=96&d=mm&r=g","contentUrl":"https:\/\/secure.gravatar.com\/avatar\/a5ef93eecc3d7281c851c213a176d17d?s=96&d=mm&r=g","caption":"aiste"},"url":"https:\/\/archfondas.lt\/en\/author\/aiste\/"}]}},"_links":{"self":[{"href":"https:\/\/archfondas.lt\/en\/wp-json\/wp\/v2\/posts\/26667","targetHints":{"allow":["GET"]}}],"collection":[{"href":"https:\/\/archfondas.lt\/en\/wp-json\/wp\/v2\/posts"}],"about":[{"href":"https:\/\/archfondas.lt\/en\/wp-json\/wp\/v2\/types\/post"}],"author":[{"embeddable":true,"href":"https:\/\/archfondas.lt\/en\/wp-json\/wp\/v2\/users\/6"}],"replies":[{"embeddable":true,"href":"https:\/\/archfondas.lt\/en\/wp-json\/wp\/v2\/comments?post=26667"}],"version-history":[{"count":5,"href":"https:\/\/archfondas.lt\/en\/wp-json\/wp\/v2\/posts\/26667\/revisions"}],"predecessor-version":[{"id":26672,"href":"https:\/\/archfondas.lt\/en\/wp-json\/wp\/v2\/posts\/26667\/revisions\/26672"}],"wp:featuredmedia":[{"embeddable":true,"href":"https:\/\/archfondas.lt\/en\/wp-json\/wp\/v2\/media\/26673"}],"wp:attachment":[{"href":"https:\/\/archfondas.lt\/en\/wp-json\/wp\/v2\/media?parent=26667"}],"wp:term":[{"taxonomy":"category","embeddable":true,"href":"https:\/\/archfondas.lt\/en\/wp-json\/wp\/v2\/categories?post=26667"},{"taxonomy":"post_tag","embeddable":true,"href":"https:\/\/archfondas.lt\/en\/wp-json\/wp\/v2\/tags?post=26667"}],"curies":[{"name":"wp","href":"https:\/\/api.w.org\/{rel}","templated":true}]}}