{"id":26926,"date":"2024-03-14T17:34:10","date_gmt":"2024-03-14T15:34:10","guid":{"rendered":"https:\/\/archfondas.lt\/?p=26926"},"modified":"2024-03-14T17:34:27","modified_gmt":"2024-03-14T15:34:27","slug":"third-lina-open-call-invites-emerging-creatives-to-apply-with-ideas-texts-and-practices-addressing-the-environmental-crisis","status":"publish","type":"post","link":"https:\/\/archfondas.lt\/en\/third-lina-open-call-invites-emerging-creatives-to-apply-with-ideas-texts-and-practices-addressing-the-environmental-crisis\/","title":{"rendered":"Third LINA Open Call invites emerging creatives to apply with ideas, texts and practices addressing the environmental crisis"},"content":{"rendered":"\n<p>25 selected authors will be invited to the 2024 LINA Conference in Sarajevo (3\u20134 October), while any one of the eligible applicants can be invited to co-create the LINA Architecture Programme, a series of events organised by members of the platform across Europe.<\/p>\n\n\n\n<h3 class=\"wp-block-heading\">About LINA<\/h3>\n\n\n\n<p>LINA is a European platform: a network of 34 institutions working at the intersection of architecture and other fields related to spatial culture. It works to promote emerging thinkers and practitioners with the goal of steering design and building processes towards regenerative practices and principles of de-growth.<\/p>\n\n\n\n<p>A growing alliance of museums, universities, research networks, foundations, triennials, biennials, and other European and Mediterranean organisations\u2014LINA members\u2014carries out a series of events taking place all over Europe. The programme is co-funded by Creative Europe.<\/p>\n\n\n\n<h3 class=\"wp-block-heading\"><br>Who we are looking for<\/h3>\n\n\n\n<p>We are looking for innovative individuals and collectives who apply their theoretical and practical knowledge to better our common future. We\u2019re searching for innovators who develop spatial practices that question the status quo. We want to welcome new and emerging voices to make their mark and help amplify their radical ideas.&nbsp;<\/p>\n\n\n\n<p>We are looking to give a platform to those who have not yet broken through to the international audience, and are not yet established in their respective fields. Age is not a limit, however only Creative Europe country residents are eligible to participate.<\/p>\n\n\n\n<p>We are looking for those wanting to participate in mentoring, teaching, residencies, research, writing, who want to present their work and develop meaningful programmes. Though travel is not always a necessity, we are looking for those interested in international collaboration. We want to promote people who care for the future of our planet and who share our ethical values.<\/p>\n\n\n\n<h3 class=\"wp-block-heading\">Financial framework<\/h3>\n\n\n\n<p>There is no participation fee for the Open Call. One representative of each 25 selected LINA fellows (which can be teams or individuals) will be provided accommodation and reimbursed for their travel (up to 350 EUR) to attend the LINA Conference in Sarajevo on 3\u20134 October.&nbsp;<\/p>\n\n\n\n<p>After that, work within the LINA Architecture Programme is regulated through contracts LINA fellows sign with LINA members. Both will be supported by the LINA team throughout the process. Contracts cover honorariums and expenses and define the amount of work undertaken by LINA fellows.<\/p>\n\n\n\n<h3 class=\"wp-block-heading\">Additional info<\/h3>\n\n\n\n<p>All documentation and application forms are available on the <a href=\"https:\/\/lina.community\/open-call\/\">LINA website<\/a>, for additional information, please reach out to <a href=\"mailto:hello@lina.community\">hello@lina.community<\/a>.<\/p>\n\n\n\n<p>We\u2019re looking forward to welcoming a new generation of LINA fellows!<\/p>\n","protected":false},"excerpt":{"rendered":"<p>25 selected authors will be invited to the 2024 LINA Conference in Sarajevo (3\u20134 October), while any one of the eligible applicants can be invited to co-create the LINA Architecture Programme, a series of events organised by members of the platform across Europe. About LINA LINA is a European platform: a network of 34 institutions [&hellip;]<\/p>\n","protected":false},"author":2,"featured_media":26923,"comment_status":"open","ping_status":"open","sticky":false,"template":"","format":"standard","meta":{"_acf_changed":false,"footnotes":""},"categories":[5],"tags":[],"class_list":["post-26926","post","type-post","status-publish","format-standard","has-post-thumbnail","hentry","category-message-en"],"acf":[],"yoast_head":"<!-- This site is optimized with the Yoast SEO plugin v24.1 - https:\/\/yoast.com\/wordpress\/plugins\/seo\/ -->\n<title>Third LINA Open Call invites emerging creatives to apply with ideas, texts and practices addressing the environmental crisis &#8211; Architekt\u016bros fondas<\/title>\n<meta name=\"robots\" content=\"index, follow, max-snippet:-1, max-image-preview:large, max-video-preview:-1\" \/>\n<link rel=\"canonical\" href=\"https:\/\/archfondas.lt\/en\/third-lina-open-call-invites-emerging-creatives-to-apply-with-ideas-texts-and-practices-addressing-the-environmental-crisis\/\" \/>\n<meta property=\"og:locale\" content=\"en_US\" \/>\n<meta property=\"og:type\" content=\"article\" \/>\n<meta property=\"og:title\" content=\"Third LINA Open Call invites emerging creatives to apply with ideas, texts and practices addressing the environmental crisis &#8211; Architekt\u016bros fondas\" \/>\n<meta property=\"og:description\" content=\"25 selected authors will be invited to the 2024 LINA Conference in Sarajevo (3\u20134 October), while any one of the eligible applicants can be invited to co-create the LINA Architecture Programme, a series of events organised by members of the platform across Europe. About LINA LINA is a European platform: a network of 34 institutions [&hellip;]\" \/>\n<meta property=\"og:url\" content=\"https:\/\/archfondas.lt\/en\/third-lina-open-call-invites-emerging-creatives-to-apply-with-ideas-texts-and-practices-addressing-the-environmental-crisis\/\" \/>\n<meta property=\"og:site_name\" content=\"Architekt\u016bros fondas\" \/>\n<meta property=\"article:publisher\" content=\"https:\/\/www.facebook.com\/archfondas\" \/>\n<meta property=\"article:published_time\" content=\"2024-03-14T15:34:10+00:00\" \/>\n<meta property=\"article:modified_time\" content=\"2024-03-14T15:34:27+00:00\" \/>\n<meta property=\"og:image\" content=\"https:\/\/archfondas.lt\/wp-content\/uploads\/2024\/03\/16to9.png\" \/>\n\t<meta property=\"og:image:width\" content=\"1921\" \/>\n\t<meta property=\"og:image:height\" content=\"1081\" \/>\n\t<meta property=\"og:image:type\" content=\"image\/png\" \/>\n<meta name=\"author\" content=\"vilius\" \/>\n<meta name=\"twitter:card\" content=\"summary_large_image\" \/>\n<meta name=\"twitter:creator\" content=\"@archfondas\" \/>\n<meta name=\"twitter:site\" content=\"@archfondas\" \/>\n<meta name=\"twitter:label1\" content=\"Written by\" \/>\n\t<meta name=\"twitter:data1\" content=\"vilius\" \/>\n\t<meta name=\"twitter:label2\" content=\"Est. reading time\" \/>\n\t<meta name=\"twitter:data2\" content=\"3 minutes\" \/>\n<script type=\"application\/ld+json\" class=\"yoast-schema-graph\">{\"@context\":\"https:\/\/schema.org\",\"@graph\":[{\"@type\":\"Article\",\"@id\":\"https:\/\/archfondas.lt\/en\/third-lina-open-call-invites-emerging-creatives-to-apply-with-ideas-texts-and-practices-addressing-the-environmental-crisis\/#article\",\"isPartOf\":{\"@id\":\"https:\/\/archfondas.lt\/en\/third-lina-open-call-invites-emerging-creatives-to-apply-with-ideas-texts-and-practices-addressing-the-environmental-crisis\/\"},\"author\":{\"name\":\"vilius\",\"@id\":\"https:\/\/archfondas.lt\/#\/schema\/person\/12c9a1d214305001c1474d1cddec95cb\"},\"headline\":\"Third LINA Open Call invites emerging creatives to apply with ideas, texts and practices addressing the environmental crisis\",\"datePublished\":\"2024-03-14T15:34:10+00:00\",\"dateModified\":\"2024-03-14T15:34:27+00:00\",\"mainEntityOfPage\":{\"@id\":\"https:\/\/archfondas.lt\/en\/third-lina-open-call-invites-emerging-creatives-to-apply-with-ideas-texts-and-practices-addressing-the-environmental-crisis\/\"},\"wordCount\":428,\"commentCount\":0,\"publisher\":{\"@id\":\"https:\/\/archfondas.lt\/#organization\"},\"image\":{\"@id\":\"https:\/\/archfondas.lt\/en\/third-lina-open-call-invites-emerging-creatives-to-apply-with-ideas-texts-and-practices-addressing-the-environmental-crisis\/#primaryimage\"},\"thumbnailUrl\":\"https:\/\/archfondas.lt\/wp-content\/uploads\/2024\/03\/16to9.png\",\"articleSection\":[\"Pranesimas\"],\"inLanguage\":\"en-US\",\"potentialAction\":[{\"@type\":\"CommentAction\",\"name\":\"Comment\",\"target\":[\"https:\/\/archfondas.lt\/en\/third-lina-open-call-invites-emerging-creatives-to-apply-with-ideas-texts-and-practices-addressing-the-environmental-crisis\/#respond\"]}]},{\"@type\":\"WebPage\",\"@id\":\"https:\/\/archfondas.lt\/en\/third-lina-open-call-invites-emerging-creatives-to-apply-with-ideas-texts-and-practices-addressing-the-environmental-crisis\/\",\"url\":\"https:\/\/archfondas.lt\/en\/third-lina-open-call-invites-emerging-creatives-to-apply-with-ideas-texts-and-practices-addressing-the-environmental-crisis\/\",\"name\":\"Third LINA Open Call invites emerging creatives to apply with ideas, texts and practices addressing the environmental crisis &#8211; Architekt\u016bros fondas\",\"isPartOf\":{\"@id\":\"https:\/\/archfondas.lt\/#website\"},\"primaryImageOfPage\":{\"@id\":\"https:\/\/archfondas.lt\/en\/third-lina-open-call-invites-emerging-creatives-to-apply-with-ideas-texts-and-practices-addressing-the-environmental-crisis\/#primaryimage\"},\"image\":{\"@id\":\"https:\/\/archfondas.lt\/en\/third-lina-open-call-invites-emerging-creatives-to-apply-with-ideas-texts-and-practices-addressing-the-environmental-crisis\/#primaryimage\"},\"thumbnailUrl\":\"https:\/\/archfondas.lt\/wp-content\/uploads\/2024\/03\/16to9.png\",\"datePublished\":\"2024-03-14T15:34:10+00:00\",\"dateModified\":\"2024-03-14T15:34:27+00:00\",\"breadcrumb\":{\"@id\":\"https:\/\/archfondas.lt\/en\/third-lina-open-call-invites-emerging-creatives-to-apply-with-ideas-texts-and-practices-addressing-the-environmental-crisis\/#breadcrumb\"},\"inLanguage\":\"en-US\",\"potentialAction\":[{\"@type\":\"ReadAction\",\"target\":[\"https:\/\/archfondas.lt\/en\/third-lina-open-call-invites-emerging-creatives-to-apply-with-ideas-texts-and-practices-addressing-the-environmental-crisis\/\"]}]},{\"@type\":\"ImageObject\",\"inLanguage\":\"en-US\",\"@id\":\"https:\/\/archfondas.lt\/en\/third-lina-open-call-invites-emerging-creatives-to-apply-with-ideas-texts-and-practices-addressing-the-environmental-crisis\/#primaryimage\",\"url\":\"https:\/\/archfondas.lt\/wp-content\/uploads\/2024\/03\/16to9.png\",\"contentUrl\":\"https:\/\/archfondas.lt\/wp-content\/uploads\/2024\/03\/16to9.png\",\"width\":1921,\"height\":1081},{\"@type\":\"BreadcrumbList\",\"@id\":\"https:\/\/archfondas.lt\/en\/third-lina-open-call-invites-emerging-creatives-to-apply-with-ideas-texts-and-practices-addressing-the-environmental-crisis\/#breadcrumb\",\"itemListElement\":[{\"@type\":\"ListItem\",\"position\":1,\"name\":\"Home\",\"item\":\"https:\/\/archfondas.lt\/en\/\"},{\"@type\":\"ListItem\",\"position\":2,\"name\":\"Third LINA Open Call invites emerging creatives to apply with ideas, texts and practices addressing the environmental crisis\"}]},{\"@type\":\"WebSite\",\"@id\":\"https:\/\/archfondas.lt\/#website\",\"url\":\"https:\/\/archfondas.lt\/\",\"name\":\"Architekt\u016bros fondas\",\"description\":\"Mes esame nevyriausybin\u0117, pelno nesiekianti organizacija kurianti bei puosel\u0117janti architekt\u016bros kult\u016br\u0105.\",\"publisher\":{\"@id\":\"https:\/\/archfondas.lt\/#organization\"},\"potentialAction\":[{\"@type\":\"SearchAction\",\"target\":{\"@type\":\"EntryPoint\",\"urlTemplate\":\"https:\/\/archfondas.lt\/?s={search_term_string}\"},\"query-input\":{\"@type\":\"PropertyValueSpecification\",\"valueRequired\":true,\"valueName\":\"search_term_string\"}}],\"inLanguage\":\"en-US\"},{\"@type\":\"Organization\",\"@id\":\"https:\/\/archfondas.lt\/#organization\",\"name\":\"Architekt\u016bros fondas\",\"url\":\"https:\/\/archfondas.lt\/\",\"logo\":{\"@type\":\"ImageObject\",\"inLanguage\":\"en-US\",\"@id\":\"https:\/\/archfondas.lt\/#\/schema\/logo\/image\/\",\"url\":\"https:\/\/archfondas.lt\/wp-content\/uploads\/2023\/04\/archfondas-logo.svg\",\"contentUrl\":\"https:\/\/archfondas.lt\/wp-content\/uploads\/2023\/04\/archfondas-logo.svg\",\"width\":483,\"height\":124,\"caption\":\"Architekt\u016bros fondas\"},\"image\":{\"@id\":\"https:\/\/archfondas.lt\/#\/schema\/logo\/image\/\"},\"sameAs\":[\"https:\/\/www.facebook.com\/archfondas\",\"https:\/\/x.com\/archfondas\"]},{\"@type\":\"Person\",\"@id\":\"https:\/\/archfondas.lt\/#\/schema\/person\/12c9a1d214305001c1474d1cddec95cb\",\"name\":\"vilius\",\"image\":{\"@type\":\"ImageObject\",\"inLanguage\":\"en-US\",\"@id\":\"https:\/\/archfondas.lt\/#\/schema\/person\/image\/\",\"url\":\"https:\/\/secure.gravatar.com\/avatar\/29fe3433859d6bb7356cd673e2da7c8b?s=96&d=mm&r=g\",\"contentUrl\":\"https:\/\/secure.gravatar.com\/avatar\/29fe3433859d6bb7356cd673e2da7c8b?s=96&d=mm&r=g\",\"caption\":\"vilius\"},\"url\":\"https:\/\/archfondas.lt\/en\/author\/vilius\/\"}]}<\/script>\n<!-- \/ Yoast SEO plugin. -->","yoast_head_json":{"title":"Third LINA Open Call invites emerging creatives to apply with ideas, texts and practices addressing the environmental crisis &#8211; Architekt\u016bros fondas","robots":{"index":"index","follow":"follow","max-snippet":"max-snippet:-1","max-image-preview":"max-image-preview:large","max-video-preview":"max-video-preview:-1"},"canonical":"https:\/\/archfondas.lt\/en\/third-lina-open-call-invites-emerging-creatives-to-apply-with-ideas-texts-and-practices-addressing-the-environmental-crisis\/","og_locale":"en_US","og_type":"article","og_title":"Third LINA Open Call invites emerging creatives to apply with ideas, texts and practices addressing the environmental crisis &#8211; Architekt\u016bros fondas","og_description":"25 selected authors will be invited to the 2024 LINA Conference in Sarajevo (3\u20134 October), while any one of the eligible applicants can be invited to co-create the LINA Architecture Programme, a series of events organised by members of the platform across Europe. About LINA LINA is a European platform: a network of 34 institutions [&hellip;]","og_url":"https:\/\/archfondas.lt\/en\/third-lina-open-call-invites-emerging-creatives-to-apply-with-ideas-texts-and-practices-addressing-the-environmental-crisis\/","og_site_name":"Architekt\u016bros fondas","article_publisher":"https:\/\/www.facebook.com\/archfondas","article_published_time":"2024-03-14T15:34:10+00:00","article_modified_time":"2024-03-14T15:34:27+00:00","og_image":[{"width":1921,"height":1081,"url":"https:\/\/archfondas.lt\/wp-content\/uploads\/2024\/03\/16to9.png","type":"image\/png"}],"author":"vilius","twitter_card":"summary_large_image","twitter_creator":"@archfondas","twitter_site":"@archfondas","twitter_misc":{"Written by":"vilius","Est. reading time":"3 minutes"},"schema":{"@context":"https:\/\/schema.org","@graph":[{"@type":"Article","@id":"https:\/\/archfondas.lt\/en\/third-lina-open-call-invites-emerging-creatives-to-apply-with-ideas-texts-and-practices-addressing-the-environmental-crisis\/#article","isPartOf":{"@id":"https:\/\/archfondas.lt\/en\/third-lina-open-call-invites-emerging-creatives-to-apply-with-ideas-texts-and-practices-addressing-the-environmental-crisis\/"},"author":{"name":"vilius","@id":"https:\/\/archfondas.lt\/#\/schema\/person\/12c9a1d214305001c1474d1cddec95cb"},"headline":"Third LINA Open Call invites emerging creatives to apply with ideas, texts and practices addressing the environmental crisis","datePublished":"2024-03-14T15:34:10+00:00","dateModified":"2024-03-14T15:34:27+00:00","mainEntityOfPage":{"@id":"https:\/\/archfondas.lt\/en\/third-lina-open-call-invites-emerging-creatives-to-apply-with-ideas-texts-and-practices-addressing-the-environmental-crisis\/"},"wordCount":428,"commentCount":0,"publisher":{"@id":"https:\/\/archfondas.lt\/#organization"},"image":{"@id":"https:\/\/archfondas.lt\/en\/third-lina-open-call-invites-emerging-creatives-to-apply-with-ideas-texts-and-practices-addressing-the-environmental-crisis\/#primaryimage"},"thumbnailUrl":"https:\/\/archfondas.lt\/wp-content\/uploads\/2024\/03\/16to9.png","articleSection":["Pranesimas"],"inLanguage":"en-US","potentialAction":[{"@type":"CommentAction","name":"Comment","target":["https:\/\/archfondas.lt\/en\/third-lina-open-call-invites-emerging-creatives-to-apply-with-ideas-texts-and-practices-addressing-the-environmental-crisis\/#respond"]}]},{"@type":"WebPage","@id":"https:\/\/archfondas.lt\/en\/third-lina-open-call-invites-emerging-creatives-to-apply-with-ideas-texts-and-practices-addressing-the-environmental-crisis\/","url":"https:\/\/archfondas.lt\/en\/third-lina-open-call-invites-emerging-creatives-to-apply-with-ideas-texts-and-practices-addressing-the-environmental-crisis\/","name":"Third LINA Open Call invites emerging creatives to apply with ideas, texts and practices addressing the environmental crisis &#8211; Architekt\u016bros fondas","isPartOf":{"@id":"https:\/\/archfondas.lt\/#website"},"primaryImageOfPage":{"@id":"https:\/\/archfondas.lt\/en\/third-lina-open-call-invites-emerging-creatives-to-apply-with-ideas-texts-and-practices-addressing-the-environmental-crisis\/#primaryimage"},"image":{"@id":"https:\/\/archfondas.lt\/en\/third-lina-open-call-invites-emerging-creatives-to-apply-with-ideas-texts-and-practices-addressing-the-environmental-crisis\/#primaryimage"},"thumbnailUrl":"https:\/\/archfondas.lt\/wp-content\/uploads\/2024\/03\/16to9.png","datePublished":"2024-03-14T15:34:10+00:00","dateModified":"2024-03-14T15:34:27+00:00","breadcrumb":{"@id":"https:\/\/archfondas.lt\/en\/third-lina-open-call-invites-emerging-creatives-to-apply-with-ideas-texts-and-practices-addressing-the-environmental-crisis\/#breadcrumb"},"inLanguage":"en-US","potentialAction":[{"@type":"ReadAction","target":["https:\/\/archfondas.lt\/en\/third-lina-open-call-invites-emerging-creatives-to-apply-with-ideas-texts-and-practices-addressing-the-environmental-crisis\/"]}]},{"@type":"ImageObject","inLanguage":"en-US","@id":"https:\/\/archfondas.lt\/en\/third-lina-open-call-invites-emerging-creatives-to-apply-with-ideas-texts-and-practices-addressing-the-environmental-crisis\/#primaryimage","url":"https:\/\/archfondas.lt\/wp-content\/uploads\/2024\/03\/16to9.png","contentUrl":"https:\/\/archfondas.lt\/wp-content\/uploads\/2024\/03\/16to9.png","width":1921,"height":1081},{"@type":"BreadcrumbList","@id":"https:\/\/archfondas.lt\/en\/third-lina-open-call-invites-emerging-creatives-to-apply-with-ideas-texts-and-practices-addressing-the-environmental-crisis\/#breadcrumb","itemListElement":[{"@type":"ListItem","position":1,"name":"Home","item":"https:\/\/archfondas.lt\/en\/"},{"@type":"ListItem","position":2,"name":"Third LINA Open Call invites emerging creatives to apply with ideas, texts and practices addressing the environmental crisis"}]},{"@type":"WebSite","@id":"https:\/\/archfondas.lt\/#website","url":"https:\/\/archfondas.lt\/","name":"Architekt\u016bros fondas","description":"Mes esame nevyriausybin\u0117, pelno nesiekianti organizacija kurianti bei puosel\u0117janti architekt\u016bros kult\u016br\u0105.","publisher":{"@id":"https:\/\/archfondas.lt\/#organization"},"potentialAction":[{"@type":"SearchAction","target":{"@type":"EntryPoint","urlTemplate":"https:\/\/archfondas.lt\/?s={search_term_string}"},"query-input":{"@type":"PropertyValueSpecification","valueRequired":true,"valueName":"search_term_string"}}],"inLanguage":"en-US"},{"@type":"Organization","@id":"https:\/\/archfondas.lt\/#organization","name":"Architekt\u016bros fondas","url":"https:\/\/archfondas.lt\/","logo":{"@type":"ImageObject","inLanguage":"en-US","@id":"https:\/\/archfondas.lt\/#\/schema\/logo\/image\/","url":"https:\/\/archfondas.lt\/wp-content\/uploads\/2023\/04\/archfondas-logo.svg","contentUrl":"https:\/\/archfondas.lt\/wp-content\/uploads\/2023\/04\/archfondas-logo.svg","width":483,"height":124,"caption":"Architekt\u016bros fondas"},"image":{"@id":"https:\/\/archfondas.lt\/#\/schema\/logo\/image\/"},"sameAs":["https:\/\/www.facebook.com\/archfondas","https:\/\/x.com\/archfondas"]},{"@type":"Person","@id":"https:\/\/archfondas.lt\/#\/schema\/person\/12c9a1d214305001c1474d1cddec95cb","name":"vilius","image":{"@type":"ImageObject","inLanguage":"en-US","@id":"https:\/\/archfondas.lt\/#\/schema\/person\/image\/","url":"https:\/\/secure.gravatar.com\/avatar\/29fe3433859d6bb7356cd673e2da7c8b?s=96&d=mm&r=g","contentUrl":"https:\/\/secure.gravatar.com\/avatar\/29fe3433859d6bb7356cd673e2da7c8b?s=96&d=mm&r=g","caption":"vilius"},"url":"https:\/\/archfondas.lt\/en\/author\/vilius\/"}]}},"_links":{"self":[{"href":"https:\/\/archfondas.lt\/en\/wp-json\/wp\/v2\/posts\/26926","targetHints":{"allow":["GET"]}}],"collection":[{"href":"https:\/\/archfondas.lt\/en\/wp-json\/wp\/v2\/posts"}],"about":[{"href":"https:\/\/archfondas.lt\/en\/wp-json\/wp\/v2\/types\/post"}],"author":[{"embeddable":true,"href":"https:\/\/archfondas.lt\/en\/wp-json\/wp\/v2\/users\/2"}],"replies":[{"embeddable":true,"href":"https:\/\/archfondas.lt\/en\/wp-json\/wp\/v2\/comments?post=26926"}],"version-history":[{"count":3,"href":"https:\/\/archfondas.lt\/en\/wp-json\/wp\/v2\/posts\/26926\/revisions"}],"predecessor-version":[{"id":26934,"href":"https:\/\/archfondas.lt\/en\/wp-json\/wp\/v2\/posts\/26926\/revisions\/26934"}],"wp:featuredmedia":[{"embeddable":true,"href":"https:\/\/archfondas.lt\/en\/wp-json\/wp\/v2\/media\/26923"}],"wp:attachment":[{"href":"https:\/\/archfondas.lt\/en\/wp-json\/wp\/v2\/media?parent=26926"}],"wp:term":[{"taxonomy":"category","embeddable":true,"href":"https:\/\/archfondas.lt\/en\/wp-json\/wp\/v2\/categories?post=26926"},{"taxonomy":"post_tag","embeddable":true,"href":"https:\/\/archfondas.lt\/en\/wp-json\/wp\/v2\/tags?post=26926"}],"curies":[{"name":"wp","href":"https:\/\/api.w.org\/{rel}","templated":true}]}}