{"id":26999,"date":"2024-04-04T22:26:50","date_gmt":"2024-04-04T19:26:50","guid":{"rendered":"https:\/\/archfondas.lt\/susipazinkite-su-siu-metu-eksperimentu-platformos-mentoriais\/"},"modified":"2024-11-26T20:57:27","modified_gmt":"2024-11-26T18:57:27","slug":"susipazinkite-su-siu-metu-eksperimentu-platformos-mentoriais","status":"publish","type":"post","link":"https:\/\/archfondas.lt\/en\/susipazinkite-su-siu-metu-eksperimentu-platformos-mentoriais\/","title":{"rendered":"Meet this year&#8217;s Experiments&#8217; Platform mentors"},"content":{"rendered":"\n<p><strong>Ewa Effiom<\/strong> is a London-based Belgo-Nigerian architect, writer and producer. He was a member of the Architecture Foundation\u2019s New Architecture Writers\u2019 second cohort which culminated in a critically acclaimed public programme. Mythology, collective identity, popular culture and their inextricable links to the built environment are recurring themes in his work with a focus on the mythology and folklore that different subcultures instate and are associated with space. He has been published in the Architect\u2019s Newspaper, Dwell, the AJ, ICON, Wallpaper, Frame, OnOffice, Architecture Aujourd&#8217;hui, the Modern House magazine, A Daily Dose and Ex Libris. His piece \u201cArchitecture, Buildings and Conservation\u201c in MAJA was nominated for best piece in the 2022 Estonian Architecture Awards and with a proposal entitled \u201cAdaptive Re-use\u201c he came second place in the Tallinn Architecture Biennale\u2019s 2021 Curatorial Competition. His film \u201cEagle Mansion\u201c was premiered at the 2021 Urban Film Festival in Perth and screened at 2022 Melbourne Design Week. He was awarded the 2022 \u201cHow Not To Be A Developer\u201d Residency at the Canadian Centre for Architecture, which is the year that his second film \u201cBeck Road\u201d premiered at the Open City festival. \u201cBeck Road\u201c later screened at the 18th Venice Architecture Biennale entitled Laboratory of the Future as part of the curator, Lesley Lokko\u2019s Carnival public programme. In addition to being a British Council Venice Fellowship mentor in 2023, he was made a 2023 LINA Fellow. After graduating he became an associate lecturer on the MA in Architecture + Urbanism at the Manchester School of Architecture, a post he held until 2022 and he is a visiting critic at the Estonian Institute of Technology and London Metropolitan University.<\/p>\n\n\n\n<p><strong>Oc\u00e9ane Ragoucy<\/strong> is an architect, independent curator and critic, her practice develops in the fields of architecture, art and ecology. Her projects focus on the modes of production of architecture, the margins, the inner workings of cities, and ecological narratives. She is a lecturer at the \u00c9cole d&#8217;Architecture Paris-Malaquais and a contributing editor to AOC, an online journal of ideas. In 2023, she was named one of the outstanding French young female voices in architecture by AMC magazine and a LINA Fellow. She is currently working on a podcast series about invisible jobs in Paris.<\/p>\n\n\n\n<p><strong>Margarida Waco <\/strong>is a Cabindian-Danish architect, writer, and educator. She is an Associate Lecturer and MA Studio Lead at the Royal College of Art in London as well as an Editorial Advisor to The Funambulist. Her work has been presented internationally, including at the 18th Venice Architecture Biennale, Palais de Tokyo and Nyansapo Afro-feminist Festival in Paris, Malm\u00f6 Art Museum and Chicago Architecture Biennial. Her writings have been published in Afterall Journal, Ellipses Journal of Creative Research, Archive of Forgetfulness, arcspace.com, among others. She is the co-author of Informal Horizons (2019), the co-editor of The Funambulist Issue 32 \u201cPan-Africanism\u201c (2020), and \u201cHomeplace \u2013 A Love Letter\u201c (2023).<\/p>\n\n\n\n<p>The fourth season of the Experiments\u2019 Platform will be organised in collaboration with Theatrum Mundi, a centre for research and experimentation in the public culture of cities based in London and Paris. The programme and results will be presented during the Lithuanian Season in France 2024. This year\u2019s programme is curated by Vilius Vaitiek\u016bnas. The deadline for applying is&nbsp;<strong>9 April<\/strong>.<\/p>\n\n\n\n<hr class=\"wp-block-separator has-alpha-channel-opacity\" \/>\n\n\n\n<h3 class=\"wp-block-heading has-text-align-right\"><a href=\"https:\/\/exp.archfondas.lt\/en\/post\/the-fourth-season-of-the-experiments-platform-we-invite-architecture-creators-to-explore-the-changing-cities-of-vilnius-and-paris\/\">Open Call to participate in the fourth edition of Experments&#8217; Platform &gt;&gt;<\/a><\/h3>\n\n\n\n<hr class=\"wp-block-separator has-alpha-channel-opacity\" \/>\n\n\n\n<p><em>The Experiments\u2019 Platform is presented by the Architekt\u016bros fondas. This project is part of the programme the European architecture platform LINA, co-funded by the European Union. The project partner is Theatrum Mundi. The project is part of the Lithuanian Season in France 2024, which is organised by the Lithuanian Culture Institute under the Ministry of Culture of the Republic of Lithuania in cooperation with the Embassy of the Republic of Lithuania in France.<\/em><\/p>\n","protected":false},"excerpt":{"rendered":"<p>Ewa Effiom is a London-based Belgo-Nigerian architect, writer and producer. He was a member of the Architecture Foundation\u2019s New Architecture Writers\u2019 second cohort which culminated in a critically acclaimed public programme. Mythology, collective identity, popular culture and their inextricable links to the built environment are recurring themes in his work with a focus on the [&hellip;]<\/p>\n","protected":false},"author":2,"featured_media":26996,"comment_status":"open","ping_status":"open","sticky":false,"template":"","format":"standard","meta":{"_acf_changed":false,"footnotes":""},"categories":[5],"tags":[],"class_list":["post-26999","post","type-post","status-publish","format-standard","has-post-thumbnail","hentry","category-message-en"],"acf":[],"yoast_head":"<!-- This site is optimized with the Yoast SEO plugin v24.1 - https:\/\/yoast.com\/wordpress\/plugins\/seo\/ -->\n<title>Meet this year&#039;s Experiments&#039; Platform mentors &#8211; Architekt\u016bros fondas<\/title>\n<meta name=\"robots\" content=\"index, follow, max-snippet:-1, max-image-preview:large, max-video-preview:-1\" \/>\n<link rel=\"canonical\" href=\"https:\/\/archfondas.lt\/en\/susipazinkite-su-siu-metu-eksperimentu-platformos-mentoriais\/\" \/>\n<meta property=\"og:locale\" content=\"en_US\" \/>\n<meta property=\"og:type\" content=\"article\" \/>\n<meta property=\"og:title\" content=\"Meet this year&#039;s Experiments&#039; Platform mentors &#8211; Architekt\u016bros fondas\" \/>\n<meta property=\"og:description\" content=\"Ewa Effiom is a London-based Belgo-Nigerian architect, writer and producer. He was a member of the Architecture Foundation\u2019s New Architecture Writers\u2019 second cohort which culminated in a critically acclaimed public programme. Mythology, collective identity, popular culture and their inextricable links to the built environment are recurring themes in his work with a focus on the [&hellip;]\" \/>\n<meta property=\"og:url\" content=\"https:\/\/archfondas.lt\/en\/susipazinkite-su-siu-metu-eksperimentu-platformos-mentoriais\/\" \/>\n<meta property=\"og:site_name\" content=\"Architekt\u016bros fondas\" \/>\n<meta property=\"article:publisher\" content=\"https:\/\/www.facebook.com\/archfondas\" \/>\n<meta property=\"article:published_time\" content=\"2024-04-04T19:26:50+00:00\" \/>\n<meta property=\"article:modified_time\" content=\"2024-11-26T18:57:27+00:00\" \/>\n<meta property=\"og:image\" content=\"https:\/\/archfondas.lt\/wp-content\/uploads\/2024\/04\/Platformos-mentoriai.-Ewa-Effiom-asm.-archyvo-nuotr.-Oceane-Ragoucy-V.-Franchi-nuotr.-Margarida-Waco-U.-Cerjak-nuotr.jpg\" \/>\n\t<meta property=\"og:image:width\" content=\"1920\" \/>\n\t<meta property=\"og:image:height\" content=\"1080\" \/>\n\t<meta property=\"og:image:type\" content=\"image\/jpeg\" \/>\n<meta name=\"author\" content=\"vilius\" \/>\n<meta name=\"twitter:card\" content=\"summary_large_image\" \/>\n<meta name=\"twitter:creator\" content=\"@archfondas\" \/>\n<meta name=\"twitter:site\" content=\"@archfondas\" \/>\n<meta name=\"twitter:label1\" content=\"Written by\" \/>\n\t<meta name=\"twitter:data1\" content=\"vilius\" \/>\n\t<meta name=\"twitter:label2\" content=\"Est. reading time\" \/>\n\t<meta name=\"twitter:data2\" content=\"4 minutes\" \/>\n<script type=\"application\/ld+json\" class=\"yoast-schema-graph\">{\"@context\":\"https:\/\/schema.org\",\"@graph\":[{\"@type\":\"Article\",\"@id\":\"https:\/\/archfondas.lt\/en\/susipazinkite-su-siu-metu-eksperimentu-platformos-mentoriais\/#article\",\"isPartOf\":{\"@id\":\"https:\/\/archfondas.lt\/en\/susipazinkite-su-siu-metu-eksperimentu-platformos-mentoriais\/\"},\"author\":{\"name\":\"vilius\",\"@id\":\"https:\/\/archfondas.lt\/#\/schema\/person\/12c9a1d214305001c1474d1cddec95cb\"},\"headline\":\"Meet this year&#8217;s Experiments&#8217; Platform mentors\",\"datePublished\":\"2024-04-04T19:26:50+00:00\",\"dateModified\":\"2024-11-26T18:57:27+00:00\",\"mainEntityOfPage\":{\"@id\":\"https:\/\/archfondas.lt\/en\/susipazinkite-su-siu-metu-eksperimentu-platformos-mentoriais\/\"},\"wordCount\":623,\"commentCount\":0,\"publisher\":{\"@id\":\"https:\/\/archfondas.lt\/#organization\"},\"image\":{\"@id\":\"https:\/\/archfondas.lt\/en\/susipazinkite-su-siu-metu-eksperimentu-platformos-mentoriais\/#primaryimage\"},\"thumbnailUrl\":\"https:\/\/archfondas.lt\/wp-content\/uploads\/2024\/04\/Platformos-mentoriai.-Ewa-Effiom-asm.-archyvo-nuotr.-Oceane-Ragoucy-V.-Franchi-nuotr.-Margarida-Waco-U.-Cerjak-nuotr.jpg\",\"articleSection\":[\"Pranesimas\"],\"inLanguage\":\"en-US\",\"potentialAction\":[{\"@type\":\"CommentAction\",\"name\":\"Comment\",\"target\":[\"https:\/\/archfondas.lt\/en\/susipazinkite-su-siu-metu-eksperimentu-platformos-mentoriais\/#respond\"]}]},{\"@type\":\"WebPage\",\"@id\":\"https:\/\/archfondas.lt\/en\/susipazinkite-su-siu-metu-eksperimentu-platformos-mentoriais\/\",\"url\":\"https:\/\/archfondas.lt\/en\/susipazinkite-su-siu-metu-eksperimentu-platformos-mentoriais\/\",\"name\":\"Meet this year's Experiments' Platform mentors &#8211; Architekt\u016bros fondas\",\"isPartOf\":{\"@id\":\"https:\/\/archfondas.lt\/#website\"},\"primaryImageOfPage\":{\"@id\":\"https:\/\/archfondas.lt\/en\/susipazinkite-su-siu-metu-eksperimentu-platformos-mentoriais\/#primaryimage\"},\"image\":{\"@id\":\"https:\/\/archfondas.lt\/en\/susipazinkite-su-siu-metu-eksperimentu-platformos-mentoriais\/#primaryimage\"},\"thumbnailUrl\":\"https:\/\/archfondas.lt\/wp-content\/uploads\/2024\/04\/Platformos-mentoriai.-Ewa-Effiom-asm.-archyvo-nuotr.-Oceane-Ragoucy-V.-Franchi-nuotr.-Margarida-Waco-U.-Cerjak-nuotr.jpg\",\"datePublished\":\"2024-04-04T19:26:50+00:00\",\"dateModified\":\"2024-11-26T18:57:27+00:00\",\"breadcrumb\":{\"@id\":\"https:\/\/archfondas.lt\/en\/susipazinkite-su-siu-metu-eksperimentu-platformos-mentoriais\/#breadcrumb\"},\"inLanguage\":\"en-US\",\"potentialAction\":[{\"@type\":\"ReadAction\",\"target\":[\"https:\/\/archfondas.lt\/en\/susipazinkite-su-siu-metu-eksperimentu-platformos-mentoriais\/\"]}]},{\"@type\":\"ImageObject\",\"inLanguage\":\"en-US\",\"@id\":\"https:\/\/archfondas.lt\/en\/susipazinkite-su-siu-metu-eksperimentu-platformos-mentoriais\/#primaryimage\",\"url\":\"https:\/\/archfondas.lt\/wp-content\/uploads\/2024\/04\/Platformos-mentoriai.-Ewa-Effiom-asm.-archyvo-nuotr.-Oceane-Ragoucy-V.-Franchi-nuotr.-Margarida-Waco-U.-Cerjak-nuotr.jpg\",\"contentUrl\":\"https:\/\/archfondas.lt\/wp-content\/uploads\/2024\/04\/Platformos-mentoriai.-Ewa-Effiom-asm.-archyvo-nuotr.-Oceane-Ragoucy-V.-Franchi-nuotr.-Margarida-Waco-U.-Cerjak-nuotr.jpg\",\"width\":1920,\"height\":1080,\"caption\":\"Platformos mentoriai. Ewa Effiom (asm. archyvo nuotr.), Oc\u00e9ane Ragoucy (V. Franchi nuotr.), Margarida Waco (U. Cerjak nuotr.)\"},{\"@type\":\"BreadcrumbList\",\"@id\":\"https:\/\/archfondas.lt\/en\/susipazinkite-su-siu-metu-eksperimentu-platformos-mentoriais\/#breadcrumb\",\"itemListElement\":[{\"@type\":\"ListItem\",\"position\":1,\"name\":\"Home\",\"item\":\"https:\/\/archfondas.lt\/en\/\"},{\"@type\":\"ListItem\",\"position\":2,\"name\":\"Meet this year&#8217;s Experiments&#8217; Platform mentors\"}]},{\"@type\":\"WebSite\",\"@id\":\"https:\/\/archfondas.lt\/#website\",\"url\":\"https:\/\/archfondas.lt\/\",\"name\":\"Architekt\u016bros fondas\",\"description\":\"Mes esame nevyriausybin\u0117, pelno nesiekianti organizacija kurianti bei puosel\u0117janti architekt\u016bros kult\u016br\u0105.\",\"publisher\":{\"@id\":\"https:\/\/archfondas.lt\/#organization\"},\"potentialAction\":[{\"@type\":\"SearchAction\",\"target\":{\"@type\":\"EntryPoint\",\"urlTemplate\":\"https:\/\/archfondas.lt\/?s={search_term_string}\"},\"query-input\":{\"@type\":\"PropertyValueSpecification\",\"valueRequired\":true,\"valueName\":\"search_term_string\"}}],\"inLanguage\":\"en-US\"},{\"@type\":\"Organization\",\"@id\":\"https:\/\/archfondas.lt\/#organization\",\"name\":\"Architekt\u016bros fondas\",\"url\":\"https:\/\/archfondas.lt\/\",\"logo\":{\"@type\":\"ImageObject\",\"inLanguage\":\"en-US\",\"@id\":\"https:\/\/archfondas.lt\/#\/schema\/logo\/image\/\",\"url\":\"https:\/\/archfondas.lt\/wp-content\/uploads\/2023\/04\/archfondas-logo.svg\",\"contentUrl\":\"https:\/\/archfondas.lt\/wp-content\/uploads\/2023\/04\/archfondas-logo.svg\",\"width\":483,\"height\":124,\"caption\":\"Architekt\u016bros fondas\"},\"image\":{\"@id\":\"https:\/\/archfondas.lt\/#\/schema\/logo\/image\/\"},\"sameAs\":[\"https:\/\/www.facebook.com\/archfondas\",\"https:\/\/x.com\/archfondas\"]},{\"@type\":\"Person\",\"@id\":\"https:\/\/archfondas.lt\/#\/schema\/person\/12c9a1d214305001c1474d1cddec95cb\",\"name\":\"vilius\",\"image\":{\"@type\":\"ImageObject\",\"inLanguage\":\"en-US\",\"@id\":\"https:\/\/archfondas.lt\/#\/schema\/person\/image\/\",\"url\":\"https:\/\/secure.gravatar.com\/avatar\/29fe3433859d6bb7356cd673e2da7c8b?s=96&d=mm&r=g\",\"contentUrl\":\"https:\/\/secure.gravatar.com\/avatar\/29fe3433859d6bb7356cd673e2da7c8b?s=96&d=mm&r=g\",\"caption\":\"vilius\"},\"url\":\"https:\/\/archfondas.lt\/en\/author\/vilius\/\"}]}<\/script>\n<!-- \/ Yoast SEO plugin. -->","yoast_head_json":{"title":"Meet this year's Experiments' Platform mentors &#8211; Architekt\u016bros fondas","robots":{"index":"index","follow":"follow","max-snippet":"max-snippet:-1","max-image-preview":"max-image-preview:large","max-video-preview":"max-video-preview:-1"},"canonical":"https:\/\/archfondas.lt\/en\/susipazinkite-su-siu-metu-eksperimentu-platformos-mentoriais\/","og_locale":"en_US","og_type":"article","og_title":"Meet this year's Experiments' Platform mentors &#8211; Architekt\u016bros fondas","og_description":"Ewa Effiom is a London-based Belgo-Nigerian architect, writer and producer. He was a member of the Architecture Foundation\u2019s New Architecture Writers\u2019 second cohort which culminated in a critically acclaimed public programme. Mythology, collective identity, popular culture and their inextricable links to the built environment are recurring themes in his work with a focus on the [&hellip;]","og_url":"https:\/\/archfondas.lt\/en\/susipazinkite-su-siu-metu-eksperimentu-platformos-mentoriais\/","og_site_name":"Architekt\u016bros fondas","article_publisher":"https:\/\/www.facebook.com\/archfondas","article_published_time":"2024-04-04T19:26:50+00:00","article_modified_time":"2024-11-26T18:57:27+00:00","og_image":[{"width":1920,"height":1080,"url":"https:\/\/archfondas.lt\/wp-content\/uploads\/2024\/04\/Platformos-mentoriai.-Ewa-Effiom-asm.-archyvo-nuotr.-Oceane-Ragoucy-V.-Franchi-nuotr.-Margarida-Waco-U.-Cerjak-nuotr.jpg","type":"image\/jpeg"}],"author":"vilius","twitter_card":"summary_large_image","twitter_creator":"@archfondas","twitter_site":"@archfondas","twitter_misc":{"Written by":"vilius","Est. reading time":"4 minutes"},"schema":{"@context":"https:\/\/schema.org","@graph":[{"@type":"Article","@id":"https:\/\/archfondas.lt\/en\/susipazinkite-su-siu-metu-eksperimentu-platformos-mentoriais\/#article","isPartOf":{"@id":"https:\/\/archfondas.lt\/en\/susipazinkite-su-siu-metu-eksperimentu-platformos-mentoriais\/"},"author":{"name":"vilius","@id":"https:\/\/archfondas.lt\/#\/schema\/person\/12c9a1d214305001c1474d1cddec95cb"},"headline":"Meet this year&#8217;s Experiments&#8217; Platform mentors","datePublished":"2024-04-04T19:26:50+00:00","dateModified":"2024-11-26T18:57:27+00:00","mainEntityOfPage":{"@id":"https:\/\/archfondas.lt\/en\/susipazinkite-su-siu-metu-eksperimentu-platformos-mentoriais\/"},"wordCount":623,"commentCount":0,"publisher":{"@id":"https:\/\/archfondas.lt\/#organization"},"image":{"@id":"https:\/\/archfondas.lt\/en\/susipazinkite-su-siu-metu-eksperimentu-platformos-mentoriais\/#primaryimage"},"thumbnailUrl":"https:\/\/archfondas.lt\/wp-content\/uploads\/2024\/04\/Platformos-mentoriai.-Ewa-Effiom-asm.-archyvo-nuotr.-Oceane-Ragoucy-V.-Franchi-nuotr.-Margarida-Waco-U.-Cerjak-nuotr.jpg","articleSection":["Pranesimas"],"inLanguage":"en-US","potentialAction":[{"@type":"CommentAction","name":"Comment","target":["https:\/\/archfondas.lt\/en\/susipazinkite-su-siu-metu-eksperimentu-platformos-mentoriais\/#respond"]}]},{"@type":"WebPage","@id":"https:\/\/archfondas.lt\/en\/susipazinkite-su-siu-metu-eksperimentu-platformos-mentoriais\/","url":"https:\/\/archfondas.lt\/en\/susipazinkite-su-siu-metu-eksperimentu-platformos-mentoriais\/","name":"Meet this year's Experiments' Platform mentors &#8211; Architekt\u016bros fondas","isPartOf":{"@id":"https:\/\/archfondas.lt\/#website"},"primaryImageOfPage":{"@id":"https:\/\/archfondas.lt\/en\/susipazinkite-su-siu-metu-eksperimentu-platformos-mentoriais\/#primaryimage"},"image":{"@id":"https:\/\/archfondas.lt\/en\/susipazinkite-su-siu-metu-eksperimentu-platformos-mentoriais\/#primaryimage"},"thumbnailUrl":"https:\/\/archfondas.lt\/wp-content\/uploads\/2024\/04\/Platformos-mentoriai.-Ewa-Effiom-asm.-archyvo-nuotr.-Oceane-Ragoucy-V.-Franchi-nuotr.-Margarida-Waco-U.-Cerjak-nuotr.jpg","datePublished":"2024-04-04T19:26:50+00:00","dateModified":"2024-11-26T18:57:27+00:00","breadcrumb":{"@id":"https:\/\/archfondas.lt\/en\/susipazinkite-su-siu-metu-eksperimentu-platformos-mentoriais\/#breadcrumb"},"inLanguage":"en-US","potentialAction":[{"@type":"ReadAction","target":["https:\/\/archfondas.lt\/en\/susipazinkite-su-siu-metu-eksperimentu-platformos-mentoriais\/"]}]},{"@type":"ImageObject","inLanguage":"en-US","@id":"https:\/\/archfondas.lt\/en\/susipazinkite-su-siu-metu-eksperimentu-platformos-mentoriais\/#primaryimage","url":"https:\/\/archfondas.lt\/wp-content\/uploads\/2024\/04\/Platformos-mentoriai.-Ewa-Effiom-asm.-archyvo-nuotr.-Oceane-Ragoucy-V.-Franchi-nuotr.-Margarida-Waco-U.-Cerjak-nuotr.jpg","contentUrl":"https:\/\/archfondas.lt\/wp-content\/uploads\/2024\/04\/Platformos-mentoriai.-Ewa-Effiom-asm.-archyvo-nuotr.-Oceane-Ragoucy-V.-Franchi-nuotr.-Margarida-Waco-U.-Cerjak-nuotr.jpg","width":1920,"height":1080,"caption":"Platformos mentoriai. Ewa Effiom (asm. archyvo nuotr.), Oc\u00e9ane Ragoucy (V. Franchi nuotr.), Margarida Waco (U. Cerjak nuotr.)"},{"@type":"BreadcrumbList","@id":"https:\/\/archfondas.lt\/en\/susipazinkite-su-siu-metu-eksperimentu-platformos-mentoriais\/#breadcrumb","itemListElement":[{"@type":"ListItem","position":1,"name":"Home","item":"https:\/\/archfondas.lt\/en\/"},{"@type":"ListItem","position":2,"name":"Meet this year&#8217;s Experiments&#8217; Platform mentors"}]},{"@type":"WebSite","@id":"https:\/\/archfondas.lt\/#website","url":"https:\/\/archfondas.lt\/","name":"Architekt\u016bros fondas","description":"Mes esame nevyriausybin\u0117, pelno nesiekianti organizacija kurianti bei puosel\u0117janti architekt\u016bros kult\u016br\u0105.","publisher":{"@id":"https:\/\/archfondas.lt\/#organization"},"potentialAction":[{"@type":"SearchAction","target":{"@type":"EntryPoint","urlTemplate":"https:\/\/archfondas.lt\/?s={search_term_string}"},"query-input":{"@type":"PropertyValueSpecification","valueRequired":true,"valueName":"search_term_string"}}],"inLanguage":"en-US"},{"@type":"Organization","@id":"https:\/\/archfondas.lt\/#organization","name":"Architekt\u016bros fondas","url":"https:\/\/archfondas.lt\/","logo":{"@type":"ImageObject","inLanguage":"en-US","@id":"https:\/\/archfondas.lt\/#\/schema\/logo\/image\/","url":"https:\/\/archfondas.lt\/wp-content\/uploads\/2023\/04\/archfondas-logo.svg","contentUrl":"https:\/\/archfondas.lt\/wp-content\/uploads\/2023\/04\/archfondas-logo.svg","width":483,"height":124,"caption":"Architekt\u016bros fondas"},"image":{"@id":"https:\/\/archfondas.lt\/#\/schema\/logo\/image\/"},"sameAs":["https:\/\/www.facebook.com\/archfondas","https:\/\/x.com\/archfondas"]},{"@type":"Person","@id":"https:\/\/archfondas.lt\/#\/schema\/person\/12c9a1d214305001c1474d1cddec95cb","name":"vilius","image":{"@type":"ImageObject","inLanguage":"en-US","@id":"https:\/\/archfondas.lt\/#\/schema\/person\/image\/","url":"https:\/\/secure.gravatar.com\/avatar\/29fe3433859d6bb7356cd673e2da7c8b?s=96&d=mm&r=g","contentUrl":"https:\/\/secure.gravatar.com\/avatar\/29fe3433859d6bb7356cd673e2da7c8b?s=96&d=mm&r=g","caption":"vilius"},"url":"https:\/\/archfondas.lt\/en\/author\/vilius\/"}]}},"_links":{"self":[{"href":"https:\/\/archfondas.lt\/en\/wp-json\/wp\/v2\/posts\/26999","targetHints":{"allow":["GET"]}}],"collection":[{"href":"https:\/\/archfondas.lt\/en\/wp-json\/wp\/v2\/posts"}],"about":[{"href":"https:\/\/archfondas.lt\/en\/wp-json\/wp\/v2\/types\/post"}],"author":[{"embeddable":true,"href":"https:\/\/archfondas.lt\/en\/wp-json\/wp\/v2\/users\/2"}],"replies":[{"embeddable":true,"href":"https:\/\/archfondas.lt\/en\/wp-json\/wp\/v2\/comments?post=26999"}],"version-history":[{"count":5,"href":"https:\/\/archfondas.lt\/en\/wp-json\/wp\/v2\/posts\/26999\/revisions"}],"predecessor-version":[{"id":27748,"href":"https:\/\/archfondas.lt\/en\/wp-json\/wp\/v2\/posts\/26999\/revisions\/27748"}],"wp:featuredmedia":[{"embeddable":true,"href":"https:\/\/archfondas.lt\/en\/wp-json\/wp\/v2\/media\/26996"}],"wp:attachment":[{"href":"https:\/\/archfondas.lt\/en\/wp-json\/wp\/v2\/media?parent=26999"}],"wp:term":[{"taxonomy":"category","embeddable":true,"href":"https:\/\/archfondas.lt\/en\/wp-json\/wp\/v2\/categories?post=26999"},{"taxonomy":"post_tag","embeddable":true,"href":"https:\/\/archfondas.lt\/en\/wp-json\/wp\/v2\/tags?post=26999"}],"curies":[{"name":"wp","href":"https:\/\/api.w.org\/{rel}","templated":true}]}}