{"id":27072,"date":"2024-05-29T13:07:01","date_gmt":"2024-05-29T10:07:01","guid":{"rendered":"https:\/\/archfondas.lt\/atviras-kvietimas-saules-laboratorija\/"},"modified":"2024-05-29T13:40:32","modified_gmt":"2024-05-29T10:40:32","slug":"atviras-kvietimas-saules-laboratorija","status":"publish","type":"post","link":"https:\/\/archfondas.lt\/en\/atviras-kvietimas-saules-laboratorija\/","title":{"rendered":"Open Call: SOLAR LABORATORY"},"content":{"rendered":"\n<p><strong>CONTEXT<\/strong><\/p>\n\n\n\n<p>There is no shortage of energy on Earth; in fact, there is too much of it. Collected over millions of years and resting in various materials, the energy coming from our nearest star choreographs the movement on our planet to this day. However, due to our consumption patterns and their consequences, we are reaching the point where an overheated atmosphere threatens the future of ecosystems and humanity. Meanwhile, our imaginaries of prosperity are still inertially preoccupied with demanding even more fuel and resources.<\/p>\n\n\n\n<p>How can we overcome our addiction to extractivist energy practices and create new forms of welfare that would shift towards more energy cumulative cultures? By innovatively applying existing technologies and rethinking patterns of behaviour, SOLAR LABORATORY invites us to imagine architectural and design solutions that amplify the potential of solar energy use in our built environment.<\/p>\n\n\n\n<p><strong>WORKSHOP<\/strong><\/p>\n\n\n\n<p>The future in contemporary visions is often being colonised by technological complexities that would require even greater amounts of power and resources. Instead of entangling ourselves into power networks and relying completely on supply chains, can we envisage a more independent and resilient future? By combining speculative design tools, making true scale prototypes and rethinking social rituals, the SOLAR LABORATORY workshop will propose alternative scenarios and sustainable infrastructures.<\/p>\n\n\n\n<p>In the first five-day edition of SOLAR LABORATORY in Vilnius, domestic spatial settings and appliances\u2014from showers and hair dryers to coffee machines and ovens\u2014will become our testing ground. While learning and applying the knowledge of optics, we will research and develop domestic objects and rituals. How could taking hot showers, blow-drying hair, making coffee or even baking bread be performed by harnessing, reflecting, concentrating, absorbing and converting direct solar energy?<\/p>\n\n\n\n<p>Transforming ordinary objects to re-power domestic rituals will spark critical reflections on our dependence on conventional energy sources. The laboratory of solar curiosities proposes grounds for discussion to explore sustainable alternatives that would consider our daily domestic rituals and questions of reproductive labour.<\/p>\n\n\n\n<p>SOLAR LABORATORY will include lectures, field trips and design exercises, as well as engagement with a broader audience through public programmes involving film screenings and presentations of the process and results.<\/p>\n\n\n\n<p><strong>DATES<\/strong><\/p>\n\n\n\n<p>Application\u00a0deadline: Monday, June 10<br>Results Announcement: Monday, June 17<\/p>\n\n\n\n<p><strong>Workshop<\/strong><\/p>\n\n\n\n<p>SOLAR LABORATORY: Tuesday, July 9 \u2013 Saturday, July 13<\/p>\n\n\n\n<p>Since the workshop will engage with direct sunlight, the warmest and driest month of the year was chosen for the programme. Having no sun is a possible scenario and should not be perceived as a restriction but rather as part of the beauty of working with the environment.<\/p>\n\n\n\n<p><strong>PROGRAMME<\/strong><\/p>\n\n\n\n<p>Over one week, concepts will be developed, experiments conducted, discussions held and prototypes built. The outcomes will be exhibited and demonstrated in a public open-air laboratory on the last day of the programme.<\/p>\n\n\n\n<p>Starting on the morning of July 9, the workshop will offer an intense and diverse five-day programme, finishing on the evening of July 13. After a day of introductions and collective brainstorming, three days of experimentation, tests and construction will follow, with the final day culminating in setting-up the laboratory and the opening of the exhibition.<\/p>\n\n\n\n<p>A diverse series of lectures, discussions and communal meals will be arranged as part of the programme and will provide input for the project, as well as opportunities for informal exchange.<\/p>\n\n\n\n<p><strong>LOCATION<\/strong><\/p>\n\n\n\n<p>The workshop will take place in Vilnius at <strong>SODAS 2123<\/strong> (Vitebsko St. 23).<\/p>\n\n\n\n<p>Both indoor workshop spaces and adjacent outdoor areas will allow participants to spread their ideas out in experimental setups.<\/p>\n\n\n\n<p><strong>APPLICATION AND PARTICIPATION\u00a0<\/strong><\/p>\n\n\n\n<p>There are 15 spots available. The workshop is designed for students and solar enthusiasts of all creative disciplines roughly between the second year of bachelor\u2019s degree (undergrad) studies and before the diploma or thesis project of master\u2019s degree (graduate) studies. For participation in the workshop, students will be able to receive ECTS credits.<\/p>\n\n\n\n<hr class=\"wp-block-separator has-alpha-channel-opacity\"\/>\n\n\n\n<h3 class=\"wp-block-heading\"><a href=\"https:\/\/docs.google.com\/forms\/d\/e\/1FAIpQLSfWf9MGWlvfgR3alEttfHOHyF1iYbUTTkvRZhuvYmCNbRy5VQ\/viewform\" target=\"_blank\" rel=\"noreferrer noopener\">Registration ><\/a><\/h3>\n\n\n\n<hr class=\"wp-block-separator has-alpha-channel-opacity\"\/>\n\n\n\n<p><strong>OTHER PRACTICALITIES<\/strong><\/p>\n\n\n\n<p>Participation in the workshop is free of charge. Organisers will take care of structural materials and regular tools. Accommodation and regular meals are the responsibility of participants; however, organisers will take care of the final solar feast at the end of the laboratory.<\/p>\n\n\n\n<p><strong>ORGANISERS<\/strong><\/p>\n\n\n\n<p>The workshop is an international collaboration between the Zurich-based architecture collective inter-, non-profit organisation Architekt\u016bros fondas, SODAS 2123 cultural centre and Vilnius Academy of Arts.&nbsp;<\/p>\n\n\n\n<p>As a team, we will provide learning support and share our knowledge about materials, the solar system and climate consciousness. Our experience from previous solar projects will form a strong foundation and guidelines for the workshop. We will be on-site and reachable throughout the workshop and guide the iterative and instinctive design methodology in close cooperation with the participants. The SOLAR LABORATORY workshop is initiated and led by: <strong><a href=\"https:\/\/inter.international\/\">inter-<\/a><\/strong> (Nicolas K\u00f6nig, Lewis Horkulak, Ansgar Stadler), <strong>Architekt\u016bros fondas<\/strong> (Martynas Germanavi\u010dius, Justinas D\u016bd\u0117nas).<\/p>\n\n\n\n<p>The SOLAR LABORATORY workshop is part of the Architecture Programme of the European architecture platform LINA, co-funded by the European Union.&nbsp;<\/p>\n\n\n\n<p>The workshop is supported by Vilnius Municipality.<\/p>\n","protected":false},"excerpt":{"rendered":"<p>CONTEXT There is no shortage of energy on Earth; in fact, there is too much of it. Collected over millions of years and resting in various materials, the energy coming from our nearest star choreographs the movement on our planet to this day. However, due to our consumption patterns and their consequences, we are reaching [&hellip;]<\/p>\n","protected":false},"author":2,"featured_media":27069,"comment_status":"open","ping_status":"open","sticky":false,"template":"","format":"standard","meta":{"_acf_changed":false,"footnotes":""},"categories":[5],"tags":[],"class_list":["post-27072","post","type-post","status-publish","format-standard","has-post-thumbnail","hentry","category-message-en"],"acf":[],"yoast_head":"<!-- This site is optimized with the Yoast SEO plugin v24.1 - https:\/\/yoast.com\/wordpress\/plugins\/seo\/ -->\n<title>Open Call: SOLAR LABORATORY &#8211; Architekt\u016bros fondas<\/title>\n<meta name=\"robots\" content=\"index, follow, max-snippet:-1, max-image-preview:large, max-video-preview:-1\" \/>\n<link rel=\"canonical\" href=\"https:\/\/archfondas.lt\/en\/atviras-kvietimas-saules-laboratorija\/\" \/>\n<meta property=\"og:locale\" content=\"en_US\" \/>\n<meta property=\"og:type\" content=\"article\" \/>\n<meta property=\"og:title\" content=\"Open Call: SOLAR LABORATORY &#8211; Architekt\u016bros fondas\" \/>\n<meta property=\"og:description\" content=\"CONTEXT There is no shortage of energy on Earth; in fact, there is too much of it. Collected over millions of years and resting in various materials, the energy coming from our nearest star choreographs the movement on our planet to this day. However, due to our consumption patterns and their consequences, we are reaching [&hellip;]\" \/>\n<meta property=\"og:url\" content=\"https:\/\/archfondas.lt\/en\/atviras-kvietimas-saules-laboratorija\/\" \/>\n<meta property=\"og:site_name\" content=\"Architekt\u016bros fondas\" \/>\n<meta property=\"article:publisher\" content=\"https:\/\/www.facebook.com\/archfondas\" \/>\n<meta property=\"article:published_time\" content=\"2024-05-29T10:07:01+00:00\" \/>\n<meta property=\"article:modified_time\" content=\"2024-05-29T10:40:32+00:00\" \/>\n<meta property=\"og:image\" content=\"https:\/\/archfondas.lt\/wp-content\/uploads\/2024\/05\/SolarLaboratory-Vilnius_OpenCall_PRESS_RELEASE1-scaled.jpg\" \/>\n\t<meta property=\"og:image:width\" content=\"2560\" \/>\n\t<meta property=\"og:image:height\" content=\"1707\" \/>\n\t<meta property=\"og:image:type\" content=\"image\/jpeg\" \/>\n<meta name=\"author\" content=\"vilius\" \/>\n<meta name=\"twitter:card\" content=\"summary_large_image\" \/>\n<meta name=\"twitter:creator\" content=\"@archfondas\" \/>\n<meta name=\"twitter:site\" content=\"@archfondas\" \/>\n<meta name=\"twitter:label1\" content=\"Written by\" \/>\n\t<meta name=\"twitter:data1\" content=\"vilius\" \/>\n\t<meta name=\"twitter:label2\" content=\"Est. reading time\" \/>\n\t<meta name=\"twitter:data2\" content=\"5 minutes\" \/>\n<script type=\"application\/ld+json\" class=\"yoast-schema-graph\">{\"@context\":\"https:\/\/schema.org\",\"@graph\":[{\"@type\":\"Article\",\"@id\":\"https:\/\/archfondas.lt\/en\/atviras-kvietimas-saules-laboratorija\/#article\",\"isPartOf\":{\"@id\":\"https:\/\/archfondas.lt\/en\/atviras-kvietimas-saules-laboratorija\/\"},\"author\":{\"name\":\"vilius\",\"@id\":\"https:\/\/archfondas.lt\/#\/schema\/person\/12c9a1d214305001c1474d1cddec95cb\"},\"headline\":\"Open Call: SOLAR LABORATORY\",\"datePublished\":\"2024-05-29T10:07:01+00:00\",\"dateModified\":\"2024-05-29T10:40:32+00:00\",\"mainEntityOfPage\":{\"@id\":\"https:\/\/archfondas.lt\/en\/atviras-kvietimas-saules-laboratorija\/\"},\"wordCount\":818,\"commentCount\":0,\"publisher\":{\"@id\":\"https:\/\/archfondas.lt\/#organization\"},\"image\":{\"@id\":\"https:\/\/archfondas.lt\/en\/atviras-kvietimas-saules-laboratorija\/#primaryimage\"},\"thumbnailUrl\":\"https:\/\/archfondas.lt\/wp-content\/uploads\/2024\/05\/SolarLaboratory-Vilnius_OpenCall_PRESS_RELEASE1-scaled.jpg\",\"articleSection\":[\"Pranesimas\"],\"inLanguage\":\"en-US\",\"potentialAction\":[{\"@type\":\"CommentAction\",\"name\":\"Comment\",\"target\":[\"https:\/\/archfondas.lt\/en\/atviras-kvietimas-saules-laboratorija\/#respond\"]}]},{\"@type\":\"WebPage\",\"@id\":\"https:\/\/archfondas.lt\/en\/atviras-kvietimas-saules-laboratorija\/\",\"url\":\"https:\/\/archfondas.lt\/en\/atviras-kvietimas-saules-laboratorija\/\",\"name\":\"Open Call: SOLAR LABORATORY &#8211; Architekt\u016bros fondas\",\"isPartOf\":{\"@id\":\"https:\/\/archfondas.lt\/#website\"},\"primaryImageOfPage\":{\"@id\":\"https:\/\/archfondas.lt\/en\/atviras-kvietimas-saules-laboratorija\/#primaryimage\"},\"image\":{\"@id\":\"https:\/\/archfondas.lt\/en\/atviras-kvietimas-saules-laboratorija\/#primaryimage\"},\"thumbnailUrl\":\"https:\/\/archfondas.lt\/wp-content\/uploads\/2024\/05\/SolarLaboratory-Vilnius_OpenCall_PRESS_RELEASE1-scaled.jpg\",\"datePublished\":\"2024-05-29T10:07:01+00:00\",\"dateModified\":\"2024-05-29T10:40:32+00:00\",\"breadcrumb\":{\"@id\":\"https:\/\/archfondas.lt\/en\/atviras-kvietimas-saules-laboratorija\/#breadcrumb\"},\"inLanguage\":\"en-US\",\"potentialAction\":[{\"@type\":\"ReadAction\",\"target\":[\"https:\/\/archfondas.lt\/en\/atviras-kvietimas-saules-laboratorija\/\"]}]},{\"@type\":\"ImageObject\",\"inLanguage\":\"en-US\",\"@id\":\"https:\/\/archfondas.lt\/en\/atviras-kvietimas-saules-laboratorija\/#primaryimage\",\"url\":\"https:\/\/archfondas.lt\/wp-content\/uploads\/2024\/05\/SolarLaboratory-Vilnius_OpenCall_PRESS_RELEASE1-scaled.jpg\",\"contentUrl\":\"https:\/\/archfondas.lt\/wp-content\/uploads\/2024\/05\/SolarLaboratory-Vilnius_OpenCall_PRESS_RELEASE1-scaled.jpg\",\"width\":2560,\"height\":1707},{\"@type\":\"BreadcrumbList\",\"@id\":\"https:\/\/archfondas.lt\/en\/atviras-kvietimas-saules-laboratorija\/#breadcrumb\",\"itemListElement\":[{\"@type\":\"ListItem\",\"position\":1,\"name\":\"Home\",\"item\":\"https:\/\/archfondas.lt\/en\/\"},{\"@type\":\"ListItem\",\"position\":2,\"name\":\"Open Call: SOLAR LABORATORY\"}]},{\"@type\":\"WebSite\",\"@id\":\"https:\/\/archfondas.lt\/#website\",\"url\":\"https:\/\/archfondas.lt\/\",\"name\":\"Architekt\u016bros fondas\",\"description\":\"Mes esame nevyriausybin\u0117, pelno nesiekianti organizacija kurianti bei puosel\u0117janti architekt\u016bros kult\u016br\u0105.\",\"publisher\":{\"@id\":\"https:\/\/archfondas.lt\/#organization\"},\"potentialAction\":[{\"@type\":\"SearchAction\",\"target\":{\"@type\":\"EntryPoint\",\"urlTemplate\":\"https:\/\/archfondas.lt\/?s={search_term_string}\"},\"query-input\":{\"@type\":\"PropertyValueSpecification\",\"valueRequired\":true,\"valueName\":\"search_term_string\"}}],\"inLanguage\":\"en-US\"},{\"@type\":\"Organization\",\"@id\":\"https:\/\/archfondas.lt\/#organization\",\"name\":\"Architekt\u016bros fondas\",\"url\":\"https:\/\/archfondas.lt\/\",\"logo\":{\"@type\":\"ImageObject\",\"inLanguage\":\"en-US\",\"@id\":\"https:\/\/archfondas.lt\/#\/schema\/logo\/image\/\",\"url\":\"https:\/\/archfondas.lt\/wp-content\/uploads\/2023\/04\/archfondas-logo.svg\",\"contentUrl\":\"https:\/\/archfondas.lt\/wp-content\/uploads\/2023\/04\/archfondas-logo.svg\",\"width\":483,\"height\":124,\"caption\":\"Architekt\u016bros fondas\"},\"image\":{\"@id\":\"https:\/\/archfondas.lt\/#\/schema\/logo\/image\/\"},\"sameAs\":[\"https:\/\/www.facebook.com\/archfondas\",\"https:\/\/x.com\/archfondas\"]},{\"@type\":\"Person\",\"@id\":\"https:\/\/archfondas.lt\/#\/schema\/person\/12c9a1d214305001c1474d1cddec95cb\",\"name\":\"vilius\",\"image\":{\"@type\":\"ImageObject\",\"inLanguage\":\"en-US\",\"@id\":\"https:\/\/archfondas.lt\/#\/schema\/person\/image\/\",\"url\":\"https:\/\/secure.gravatar.com\/avatar\/29fe3433859d6bb7356cd673e2da7c8b?s=96&d=mm&r=g\",\"contentUrl\":\"https:\/\/secure.gravatar.com\/avatar\/29fe3433859d6bb7356cd673e2da7c8b?s=96&d=mm&r=g\",\"caption\":\"vilius\"},\"url\":\"https:\/\/archfondas.lt\/en\/author\/vilius\/\"}]}<\/script>\n<!-- \/ Yoast SEO plugin. -->","yoast_head_json":{"title":"Open Call: SOLAR LABORATORY &#8211; Architekt\u016bros fondas","robots":{"index":"index","follow":"follow","max-snippet":"max-snippet:-1","max-image-preview":"max-image-preview:large","max-video-preview":"max-video-preview:-1"},"canonical":"https:\/\/archfondas.lt\/en\/atviras-kvietimas-saules-laboratorija\/","og_locale":"en_US","og_type":"article","og_title":"Open Call: SOLAR LABORATORY &#8211; Architekt\u016bros fondas","og_description":"CONTEXT There is no shortage of energy on Earth; in fact, there is too much of it. Collected over millions of years and resting in various materials, the energy coming from our nearest star choreographs the movement on our planet to this day. However, due to our consumption patterns and their consequences, we are reaching [&hellip;]","og_url":"https:\/\/archfondas.lt\/en\/atviras-kvietimas-saules-laboratorija\/","og_site_name":"Architekt\u016bros fondas","article_publisher":"https:\/\/www.facebook.com\/archfondas","article_published_time":"2024-05-29T10:07:01+00:00","article_modified_time":"2024-05-29T10:40:32+00:00","og_image":[{"width":2560,"height":1707,"url":"https:\/\/archfondas.lt\/wp-content\/uploads\/2024\/05\/SolarLaboratory-Vilnius_OpenCall_PRESS_RELEASE1-scaled.jpg","type":"image\/jpeg"}],"author":"vilius","twitter_card":"summary_large_image","twitter_creator":"@archfondas","twitter_site":"@archfondas","twitter_misc":{"Written by":"vilius","Est. reading time":"5 minutes"},"schema":{"@context":"https:\/\/schema.org","@graph":[{"@type":"Article","@id":"https:\/\/archfondas.lt\/en\/atviras-kvietimas-saules-laboratorija\/#article","isPartOf":{"@id":"https:\/\/archfondas.lt\/en\/atviras-kvietimas-saules-laboratorija\/"},"author":{"name":"vilius","@id":"https:\/\/archfondas.lt\/#\/schema\/person\/12c9a1d214305001c1474d1cddec95cb"},"headline":"Open Call: SOLAR LABORATORY","datePublished":"2024-05-29T10:07:01+00:00","dateModified":"2024-05-29T10:40:32+00:00","mainEntityOfPage":{"@id":"https:\/\/archfondas.lt\/en\/atviras-kvietimas-saules-laboratorija\/"},"wordCount":818,"commentCount":0,"publisher":{"@id":"https:\/\/archfondas.lt\/#organization"},"image":{"@id":"https:\/\/archfondas.lt\/en\/atviras-kvietimas-saules-laboratorija\/#primaryimage"},"thumbnailUrl":"https:\/\/archfondas.lt\/wp-content\/uploads\/2024\/05\/SolarLaboratory-Vilnius_OpenCall_PRESS_RELEASE1-scaled.jpg","articleSection":["Pranesimas"],"inLanguage":"en-US","potentialAction":[{"@type":"CommentAction","name":"Comment","target":["https:\/\/archfondas.lt\/en\/atviras-kvietimas-saules-laboratorija\/#respond"]}]},{"@type":"WebPage","@id":"https:\/\/archfondas.lt\/en\/atviras-kvietimas-saules-laboratorija\/","url":"https:\/\/archfondas.lt\/en\/atviras-kvietimas-saules-laboratorija\/","name":"Open Call: SOLAR LABORATORY &#8211; Architekt\u016bros fondas","isPartOf":{"@id":"https:\/\/archfondas.lt\/#website"},"primaryImageOfPage":{"@id":"https:\/\/archfondas.lt\/en\/atviras-kvietimas-saules-laboratorija\/#primaryimage"},"image":{"@id":"https:\/\/archfondas.lt\/en\/atviras-kvietimas-saules-laboratorija\/#primaryimage"},"thumbnailUrl":"https:\/\/archfondas.lt\/wp-content\/uploads\/2024\/05\/SolarLaboratory-Vilnius_OpenCall_PRESS_RELEASE1-scaled.jpg","datePublished":"2024-05-29T10:07:01+00:00","dateModified":"2024-05-29T10:40:32+00:00","breadcrumb":{"@id":"https:\/\/archfondas.lt\/en\/atviras-kvietimas-saules-laboratorija\/#breadcrumb"},"inLanguage":"en-US","potentialAction":[{"@type":"ReadAction","target":["https:\/\/archfondas.lt\/en\/atviras-kvietimas-saules-laboratorija\/"]}]},{"@type":"ImageObject","inLanguage":"en-US","@id":"https:\/\/archfondas.lt\/en\/atviras-kvietimas-saules-laboratorija\/#primaryimage","url":"https:\/\/archfondas.lt\/wp-content\/uploads\/2024\/05\/SolarLaboratory-Vilnius_OpenCall_PRESS_RELEASE1-scaled.jpg","contentUrl":"https:\/\/archfondas.lt\/wp-content\/uploads\/2024\/05\/SolarLaboratory-Vilnius_OpenCall_PRESS_RELEASE1-scaled.jpg","width":2560,"height":1707},{"@type":"BreadcrumbList","@id":"https:\/\/archfondas.lt\/en\/atviras-kvietimas-saules-laboratorija\/#breadcrumb","itemListElement":[{"@type":"ListItem","position":1,"name":"Home","item":"https:\/\/archfondas.lt\/en\/"},{"@type":"ListItem","position":2,"name":"Open Call: SOLAR LABORATORY"}]},{"@type":"WebSite","@id":"https:\/\/archfondas.lt\/#website","url":"https:\/\/archfondas.lt\/","name":"Architekt\u016bros fondas","description":"Mes esame nevyriausybin\u0117, pelno nesiekianti organizacija kurianti bei puosel\u0117janti architekt\u016bros kult\u016br\u0105.","publisher":{"@id":"https:\/\/archfondas.lt\/#organization"},"potentialAction":[{"@type":"SearchAction","target":{"@type":"EntryPoint","urlTemplate":"https:\/\/archfondas.lt\/?s={search_term_string}"},"query-input":{"@type":"PropertyValueSpecification","valueRequired":true,"valueName":"search_term_string"}}],"inLanguage":"en-US"},{"@type":"Organization","@id":"https:\/\/archfondas.lt\/#organization","name":"Architekt\u016bros fondas","url":"https:\/\/archfondas.lt\/","logo":{"@type":"ImageObject","inLanguage":"en-US","@id":"https:\/\/archfondas.lt\/#\/schema\/logo\/image\/","url":"https:\/\/archfondas.lt\/wp-content\/uploads\/2023\/04\/archfondas-logo.svg","contentUrl":"https:\/\/archfondas.lt\/wp-content\/uploads\/2023\/04\/archfondas-logo.svg","width":483,"height":124,"caption":"Architekt\u016bros fondas"},"image":{"@id":"https:\/\/archfondas.lt\/#\/schema\/logo\/image\/"},"sameAs":["https:\/\/www.facebook.com\/archfondas","https:\/\/x.com\/archfondas"]},{"@type":"Person","@id":"https:\/\/archfondas.lt\/#\/schema\/person\/12c9a1d214305001c1474d1cddec95cb","name":"vilius","image":{"@type":"ImageObject","inLanguage":"en-US","@id":"https:\/\/archfondas.lt\/#\/schema\/person\/image\/","url":"https:\/\/secure.gravatar.com\/avatar\/29fe3433859d6bb7356cd673e2da7c8b?s=96&d=mm&r=g","contentUrl":"https:\/\/secure.gravatar.com\/avatar\/29fe3433859d6bb7356cd673e2da7c8b?s=96&d=mm&r=g","caption":"vilius"},"url":"https:\/\/archfondas.lt\/en\/author\/vilius\/"}]}},"_links":{"self":[{"href":"https:\/\/archfondas.lt\/en\/wp-json\/wp\/v2\/posts\/27072","targetHints":{"allow":["GET"]}}],"collection":[{"href":"https:\/\/archfondas.lt\/en\/wp-json\/wp\/v2\/posts"}],"about":[{"href":"https:\/\/archfondas.lt\/en\/wp-json\/wp\/v2\/types\/post"}],"author":[{"embeddable":true,"href":"https:\/\/archfondas.lt\/en\/wp-json\/wp\/v2\/users\/2"}],"replies":[{"embeddable":true,"href":"https:\/\/archfondas.lt\/en\/wp-json\/wp\/v2\/comments?post=27072"}],"version-history":[{"count":3,"href":"https:\/\/archfondas.lt\/en\/wp-json\/wp\/v2\/posts\/27072\/revisions"}],"predecessor-version":[{"id":27085,"href":"https:\/\/archfondas.lt\/en\/wp-json\/wp\/v2\/posts\/27072\/revisions\/27085"}],"wp:featuredmedia":[{"embeddable":true,"href":"https:\/\/archfondas.lt\/en\/wp-json\/wp\/v2\/media\/27069"}],"wp:attachment":[{"href":"https:\/\/archfondas.lt\/en\/wp-json\/wp\/v2\/media?parent=27072"}],"wp:term":[{"taxonomy":"category","embeddable":true,"href":"https:\/\/archfondas.lt\/en\/wp-json\/wp\/v2\/categories?post=27072"},{"taxonomy":"post_tag","embeddable":true,"href":"https:\/\/archfondas.lt\/en\/wp-json\/wp\/v2\/tags?post=27072"}],"curies":[{"name":"wp","href":"https:\/\/api.w.org\/{rel}","templated":true}]}}