{"id":27479,"date":"2024-10-24T14:24:03","date_gmt":"2024-10-24T11:24:03","guid":{"rendered":"https:\/\/archfondas.lt\/sudetinga-psichikos-sveikatos-pastatu-istorija\/"},"modified":"2024-11-27T12:31:10","modified_gmt":"2024-11-27T10:31:10","slug":"the-difficult-history-of-buildings-for-mental-disorder","status":"publish","type":"post","link":"https:\/\/archfondas.lt\/en\/the-difficult-history-of-buildings-for-mental-disorder\/","title":{"rendered":"The difficult history of buildings for mental disorder"},"content":{"rendered":"\n<figure class=\"wp-block-embed is-type-video is-provider-youtube wp-block-embed-youtube wp-embed-aspect-16-9 wp-has-aspect-ratio\"><div class=\"wp-block-embed__wrapper\">\n<iframe loading=\"lazy\" title=\"Leslie Topp  | Sud\u0117tinga psichikos sveikatos pastat\u0173 istorija  |  #31\" width=\"500\" height=\"281\" src=\"https:\/\/www.youtube.com\/embed\/kvOdVz2azlk?feature=oembed\" frameborder=\"0\" allow=\"accelerometer; autoplay; clipboard-write; encrypted-media; gyroscope; picture-in-picture; web-share\" referrerpolicy=\"strict-origin-when-cross-origin\" allowfullscreen><\/iframe>\n<\/div><\/figure>\n\n\n\n<h4 class=\"wp-block-heading\">Why the talk is inspiring?<\/h4>\n\n\n\n<p>Whether they were called asylums, retreats or mental hospitals, buildings for treating and containing people deemed to have mental disorders have a difficult history. Sharing common roots with prison architecture, institutions built by the state often emphasised security and austerity, while masking these features with architectural imagery that spoke of enlightenment and even freedom. A more therapeutic impulse can be seen in smaller facilities designed by and for grass-roots groups. This talk explores the tensions in psychiatric architecture with reference to a range of examples across space and time.<\/p>\n\n\n\n<p><strong>When: 2024 11 12, 7 PM. Where: National Gallery of Art, Vilnius.<\/strong><\/p>\n\n\n\n<hr class=\"wp-block-separator has-alpha-channel-opacity\"\/>\n\n\n\n<h4 class=\"wp-block-heading\">Recommended book<\/h4>\n\n\n\n<div class=\"wp-block-columns is-layout-flex wp-container-core-columns-is-layout-1 wp-block-columns-is-layout-flex\">\n<div class=\"wp-block-column is-layout-flow wp-block-column-is-layout-flow\">\n<figure class=\"wp-block-image size-full\"><img loading=\"lazy\" decoding=\"async\" width=\"912\" height=\"1024\" src=\"https:\/\/archfondas.lt\/wp-content\/uploads\/2024\/10\/81lnOsxF5EL-912x1024-1.jpg\" alt=\"\" class=\"wp-image-27470\" srcset=\"https:\/\/archfondas.lt\/wp-content\/uploads\/2024\/10\/81lnOsxF5EL-912x1024-1.jpg 912w, https:\/\/archfondas.lt\/wp-content\/uploads\/2024\/10\/81lnOsxF5EL-912x1024-1-267x300.jpg 267w, https:\/\/archfondas.lt\/wp-content\/uploads\/2024\/10\/81lnOsxF5EL-912x1024-1-768x862.jpg 768w\" sizes=\"auto, (max-width: 912px) 100vw, 912px\" \/><\/figure>\n<\/div>\n\n\n\n<div class=\"wp-block-column is-layout-flow wp-block-column-is-layout-flow\">\n<h2 class=\"wp-block-heading\">Freedom and the Cage: Modern Architecture and Psychiatry in Central Europe, 1890-1914<\/h2>\n\n\n\n<h3 class=\"wp-block-heading\">Leslie Topp<\/h3>\n\n\n\n<p>Freedom and the Cage explores how modern architecture, politics and psychiatry interacted in Vienna and the Habsburg Empire in the years around 1900, with a focus on seven large psychiatric complexes designed by architects such as Otto Wagner and Hubert Gessner.<\/p>\n<\/div>\n<\/div>\n\n\n\n<p><\/p>\n","protected":false},"excerpt":{"rendered":"<p>Why the talk is inspiring? Whether they were called asylums, retreats or mental hospitals, buildings for treating and containing people deemed to have mental disorders have a difficult history. Sharing common roots with prison architecture, institutions built by the state often emphasised security and austerity, while masking these features with architectural imagery that spoke of [&hellip;]<\/p>\n","protected":false},"author":2,"featured_media":27473,"comment_status":"open","ping_status":"open","sticky":false,"template":"","format":"standard","meta":{"_acf_changed":false,"footnotes":""},"categories":[56],"tags":[],"class_list":["post-27479","post","type-post","status-publish","format-standard","has-post-thumbnail","hentry","category-content-en"],"acf":[],"yoast_head":"<!-- This site is optimized with the Yoast SEO plugin v24.1 - https:\/\/yoast.com\/wordpress\/plugins\/seo\/ -->\n<title>The difficult history of buildings for mental disorder &#8211; Architekt\u016bros fondas<\/title>\n<meta name=\"robots\" content=\"index, follow, max-snippet:-1, max-image-preview:large, max-video-preview:-1\" \/>\n<link rel=\"canonical\" href=\"https:\/\/archfondas.lt\/en\/the-difficult-history-of-buildings-for-mental-disorder\/\" \/>\n<meta property=\"og:locale\" content=\"en_US\" \/>\n<meta property=\"og:type\" content=\"article\" \/>\n<meta property=\"og:title\" content=\"The difficult history of buildings for mental disorder &#8211; Architekt\u016bros fondas\" \/>\n<meta property=\"og:description\" content=\"Why the talk is inspiring? Whether they were called asylums, retreats or mental hospitals, buildings for treating and containing people deemed to have mental disorders have a difficult history. Sharing common roots with prison architecture, institutions built by the state often emphasised security and austerity, while masking these features with architectural imagery that spoke of [&hellip;]\" \/>\n<meta property=\"og:url\" content=\"https:\/\/archfondas.lt\/en\/the-difficult-history-of-buildings-for-mental-disorder\/\" \/>\n<meta property=\"og:site_name\" content=\"Architekt\u016bros fondas\" \/>\n<meta property=\"article:publisher\" content=\"https:\/\/www.facebook.com\/archfondas\" \/>\n<meta property=\"article:published_time\" content=\"2024-10-24T11:24:03+00:00\" \/>\n<meta property=\"article:modified_time\" content=\"2024-11-27T10:31:10+00:00\" \/>\n<meta property=\"og:image\" content=\"https:\/\/archfondas.lt\/wp-content\/uploads\/2024\/10\/Leslie-Topp-paskaitos-iliustracija.-Asmeninio-archyvo-nuotr.jpg\" \/>\n\t<meta property=\"og:image:width\" content=\"2000\" \/>\n\t<meta property=\"og:image:height\" content=\"806\" \/>\n\t<meta property=\"og:image:type\" content=\"image\/jpeg\" \/>\n<meta name=\"author\" content=\"vilius\" \/>\n<meta name=\"twitter:card\" content=\"summary_large_image\" \/>\n<meta name=\"twitter:creator\" content=\"@archfondas\" \/>\n<meta name=\"twitter:site\" content=\"@archfondas\" \/>\n<meta name=\"twitter:label1\" content=\"Written by\" \/>\n\t<meta name=\"twitter:data1\" content=\"vilius\" \/>\n\t<meta name=\"twitter:label2\" content=\"Est. reading time\" \/>\n\t<meta name=\"twitter:data2\" content=\"2 minutes\" \/>\n<script type=\"application\/ld+json\" class=\"yoast-schema-graph\">{\"@context\":\"https:\/\/schema.org\",\"@graph\":[{\"@type\":\"Article\",\"@id\":\"https:\/\/archfondas.lt\/en\/the-difficult-history-of-buildings-for-mental-disorder\/#article\",\"isPartOf\":{\"@id\":\"https:\/\/archfondas.lt\/en\/the-difficult-history-of-buildings-for-mental-disorder\/\"},\"author\":{\"name\":\"vilius\",\"@id\":\"https:\/\/archfondas.lt\/#\/schema\/person\/12c9a1d214305001c1474d1cddec95cb\"},\"headline\":\"The difficult history of buildings for mental disorder\",\"datePublished\":\"2024-10-24T11:24:03+00:00\",\"dateModified\":\"2024-11-27T10:31:10+00:00\",\"mainEntityOfPage\":{\"@id\":\"https:\/\/archfondas.lt\/en\/the-difficult-history-of-buildings-for-mental-disorder\/\"},\"wordCount\":174,\"commentCount\":0,\"publisher\":{\"@id\":\"https:\/\/archfondas.lt\/#organization\"},\"image\":{\"@id\":\"https:\/\/archfondas.lt\/en\/the-difficult-history-of-buildings-for-mental-disorder\/#primaryimage\"},\"thumbnailUrl\":\"https:\/\/archfondas.lt\/wp-content\/uploads\/2024\/10\/Leslie-Topp-paskaitos-iliustracija.-Asmeninio-archyvo-nuotr.jpg\",\"articleSection\":[\"Turinys\"],\"inLanguage\":\"en-US\",\"potentialAction\":[{\"@type\":\"CommentAction\",\"name\":\"Comment\",\"target\":[\"https:\/\/archfondas.lt\/en\/the-difficult-history-of-buildings-for-mental-disorder\/#respond\"]}]},{\"@type\":\"WebPage\",\"@id\":\"https:\/\/archfondas.lt\/en\/the-difficult-history-of-buildings-for-mental-disorder\/\",\"url\":\"https:\/\/archfondas.lt\/en\/the-difficult-history-of-buildings-for-mental-disorder\/\",\"name\":\"The difficult history of buildings for mental disorder &#8211; Architekt\u016bros fondas\",\"isPartOf\":{\"@id\":\"https:\/\/archfondas.lt\/#website\"},\"primaryImageOfPage\":{\"@id\":\"https:\/\/archfondas.lt\/en\/the-difficult-history-of-buildings-for-mental-disorder\/#primaryimage\"},\"image\":{\"@id\":\"https:\/\/archfondas.lt\/en\/the-difficult-history-of-buildings-for-mental-disorder\/#primaryimage\"},\"thumbnailUrl\":\"https:\/\/archfondas.lt\/wp-content\/uploads\/2024\/10\/Leslie-Topp-paskaitos-iliustracija.-Asmeninio-archyvo-nuotr.jpg\",\"datePublished\":\"2024-10-24T11:24:03+00:00\",\"dateModified\":\"2024-11-27T10:31:10+00:00\",\"breadcrumb\":{\"@id\":\"https:\/\/archfondas.lt\/en\/the-difficult-history-of-buildings-for-mental-disorder\/#breadcrumb\"},\"inLanguage\":\"en-US\",\"potentialAction\":[{\"@type\":\"ReadAction\",\"target\":[\"https:\/\/archfondas.lt\/en\/the-difficult-history-of-buildings-for-mental-disorder\/\"]}]},{\"@type\":\"ImageObject\",\"inLanguage\":\"en-US\",\"@id\":\"https:\/\/archfondas.lt\/en\/the-difficult-history-of-buildings-for-mental-disorder\/#primaryimage\",\"url\":\"https:\/\/archfondas.lt\/wp-content\/uploads\/2024\/10\/Leslie-Topp-paskaitos-iliustracija.-Asmeninio-archyvo-nuotr.jpg\",\"contentUrl\":\"https:\/\/archfondas.lt\/wp-content\/uploads\/2024\/10\/Leslie-Topp-paskaitos-iliustracija.-Asmeninio-archyvo-nuotr.jpg\",\"width\":2000,\"height\":806},{\"@type\":\"BreadcrumbList\",\"@id\":\"https:\/\/archfondas.lt\/en\/the-difficult-history-of-buildings-for-mental-disorder\/#breadcrumb\",\"itemListElement\":[{\"@type\":\"ListItem\",\"position\":1,\"name\":\"Home\",\"item\":\"https:\/\/archfondas.lt\/en\/\"},{\"@type\":\"ListItem\",\"position\":2,\"name\":\"The difficult history of buildings for mental disorder\"}]},{\"@type\":\"WebSite\",\"@id\":\"https:\/\/archfondas.lt\/#website\",\"url\":\"https:\/\/archfondas.lt\/\",\"name\":\"Architekt\u016bros fondas\",\"description\":\"Mes esame nevyriausybin\u0117, pelno nesiekianti organizacija kurianti bei puosel\u0117janti architekt\u016bros kult\u016br\u0105.\",\"publisher\":{\"@id\":\"https:\/\/archfondas.lt\/#organization\"},\"potentialAction\":[{\"@type\":\"SearchAction\",\"target\":{\"@type\":\"EntryPoint\",\"urlTemplate\":\"https:\/\/archfondas.lt\/?s={search_term_string}\"},\"query-input\":{\"@type\":\"PropertyValueSpecification\",\"valueRequired\":true,\"valueName\":\"search_term_string\"}}],\"inLanguage\":\"en-US\"},{\"@type\":\"Organization\",\"@id\":\"https:\/\/archfondas.lt\/#organization\",\"name\":\"Architekt\u016bros fondas\",\"url\":\"https:\/\/archfondas.lt\/\",\"logo\":{\"@type\":\"ImageObject\",\"inLanguage\":\"en-US\",\"@id\":\"https:\/\/archfondas.lt\/#\/schema\/logo\/image\/\",\"url\":\"https:\/\/archfondas.lt\/wp-content\/uploads\/2023\/04\/archfondas-logo.svg\",\"contentUrl\":\"https:\/\/archfondas.lt\/wp-content\/uploads\/2023\/04\/archfondas-logo.svg\",\"width\":483,\"height\":124,\"caption\":\"Architekt\u016bros fondas\"},\"image\":{\"@id\":\"https:\/\/archfondas.lt\/#\/schema\/logo\/image\/\"},\"sameAs\":[\"https:\/\/www.facebook.com\/archfondas\",\"https:\/\/x.com\/archfondas\"]},{\"@type\":\"Person\",\"@id\":\"https:\/\/archfondas.lt\/#\/schema\/person\/12c9a1d214305001c1474d1cddec95cb\",\"name\":\"vilius\",\"image\":{\"@type\":\"ImageObject\",\"inLanguage\":\"en-US\",\"@id\":\"https:\/\/archfondas.lt\/#\/schema\/person\/image\/\",\"url\":\"https:\/\/secure.gravatar.com\/avatar\/29fe3433859d6bb7356cd673e2da7c8b?s=96&d=mm&r=g\",\"contentUrl\":\"https:\/\/secure.gravatar.com\/avatar\/29fe3433859d6bb7356cd673e2da7c8b?s=96&d=mm&r=g\",\"caption\":\"vilius\"},\"url\":\"https:\/\/archfondas.lt\/en\/author\/vilius\/\"}]}<\/script>\n<!-- \/ Yoast SEO plugin. -->","yoast_head_json":{"title":"The difficult history of buildings for mental disorder &#8211; Architekt\u016bros fondas","robots":{"index":"index","follow":"follow","max-snippet":"max-snippet:-1","max-image-preview":"max-image-preview:large","max-video-preview":"max-video-preview:-1"},"canonical":"https:\/\/archfondas.lt\/en\/the-difficult-history-of-buildings-for-mental-disorder\/","og_locale":"en_US","og_type":"article","og_title":"The difficult history of buildings for mental disorder &#8211; Architekt\u016bros fondas","og_description":"Why the talk is inspiring? Whether they were called asylums, retreats or mental hospitals, buildings for treating and containing people deemed to have mental disorders have a difficult history. Sharing common roots with prison architecture, institutions built by the state often emphasised security and austerity, while masking these features with architectural imagery that spoke of [&hellip;]","og_url":"https:\/\/archfondas.lt\/en\/the-difficult-history-of-buildings-for-mental-disorder\/","og_site_name":"Architekt\u016bros fondas","article_publisher":"https:\/\/www.facebook.com\/archfondas","article_published_time":"2024-10-24T11:24:03+00:00","article_modified_time":"2024-11-27T10:31:10+00:00","og_image":[{"width":2000,"height":806,"url":"https:\/\/archfondas.lt\/wp-content\/uploads\/2024\/10\/Leslie-Topp-paskaitos-iliustracija.-Asmeninio-archyvo-nuotr.jpg","type":"image\/jpeg"}],"author":"vilius","twitter_card":"summary_large_image","twitter_creator":"@archfondas","twitter_site":"@archfondas","twitter_misc":{"Written by":"vilius","Est. reading time":"2 minutes"},"schema":{"@context":"https:\/\/schema.org","@graph":[{"@type":"Article","@id":"https:\/\/archfondas.lt\/en\/the-difficult-history-of-buildings-for-mental-disorder\/#article","isPartOf":{"@id":"https:\/\/archfondas.lt\/en\/the-difficult-history-of-buildings-for-mental-disorder\/"},"author":{"name":"vilius","@id":"https:\/\/archfondas.lt\/#\/schema\/person\/12c9a1d214305001c1474d1cddec95cb"},"headline":"The difficult history of buildings for mental disorder","datePublished":"2024-10-24T11:24:03+00:00","dateModified":"2024-11-27T10:31:10+00:00","mainEntityOfPage":{"@id":"https:\/\/archfondas.lt\/en\/the-difficult-history-of-buildings-for-mental-disorder\/"},"wordCount":174,"commentCount":0,"publisher":{"@id":"https:\/\/archfondas.lt\/#organization"},"image":{"@id":"https:\/\/archfondas.lt\/en\/the-difficult-history-of-buildings-for-mental-disorder\/#primaryimage"},"thumbnailUrl":"https:\/\/archfondas.lt\/wp-content\/uploads\/2024\/10\/Leslie-Topp-paskaitos-iliustracija.-Asmeninio-archyvo-nuotr.jpg","articleSection":["Turinys"],"inLanguage":"en-US","potentialAction":[{"@type":"CommentAction","name":"Comment","target":["https:\/\/archfondas.lt\/en\/the-difficult-history-of-buildings-for-mental-disorder\/#respond"]}]},{"@type":"WebPage","@id":"https:\/\/archfondas.lt\/en\/the-difficult-history-of-buildings-for-mental-disorder\/","url":"https:\/\/archfondas.lt\/en\/the-difficult-history-of-buildings-for-mental-disorder\/","name":"The difficult history of buildings for mental disorder &#8211; Architekt\u016bros fondas","isPartOf":{"@id":"https:\/\/archfondas.lt\/#website"},"primaryImageOfPage":{"@id":"https:\/\/archfondas.lt\/en\/the-difficult-history-of-buildings-for-mental-disorder\/#primaryimage"},"image":{"@id":"https:\/\/archfondas.lt\/en\/the-difficult-history-of-buildings-for-mental-disorder\/#primaryimage"},"thumbnailUrl":"https:\/\/archfondas.lt\/wp-content\/uploads\/2024\/10\/Leslie-Topp-paskaitos-iliustracija.-Asmeninio-archyvo-nuotr.jpg","datePublished":"2024-10-24T11:24:03+00:00","dateModified":"2024-11-27T10:31:10+00:00","breadcrumb":{"@id":"https:\/\/archfondas.lt\/en\/the-difficult-history-of-buildings-for-mental-disorder\/#breadcrumb"},"inLanguage":"en-US","potentialAction":[{"@type":"ReadAction","target":["https:\/\/archfondas.lt\/en\/the-difficult-history-of-buildings-for-mental-disorder\/"]}]},{"@type":"ImageObject","inLanguage":"en-US","@id":"https:\/\/archfondas.lt\/en\/the-difficult-history-of-buildings-for-mental-disorder\/#primaryimage","url":"https:\/\/archfondas.lt\/wp-content\/uploads\/2024\/10\/Leslie-Topp-paskaitos-iliustracija.-Asmeninio-archyvo-nuotr.jpg","contentUrl":"https:\/\/archfondas.lt\/wp-content\/uploads\/2024\/10\/Leslie-Topp-paskaitos-iliustracija.-Asmeninio-archyvo-nuotr.jpg","width":2000,"height":806},{"@type":"BreadcrumbList","@id":"https:\/\/archfondas.lt\/en\/the-difficult-history-of-buildings-for-mental-disorder\/#breadcrumb","itemListElement":[{"@type":"ListItem","position":1,"name":"Home","item":"https:\/\/archfondas.lt\/en\/"},{"@type":"ListItem","position":2,"name":"The difficult history of buildings for mental disorder"}]},{"@type":"WebSite","@id":"https:\/\/archfondas.lt\/#website","url":"https:\/\/archfondas.lt\/","name":"Architekt\u016bros fondas","description":"Mes esame nevyriausybin\u0117, pelno nesiekianti organizacija kurianti bei puosel\u0117janti architekt\u016bros kult\u016br\u0105.","publisher":{"@id":"https:\/\/archfondas.lt\/#organization"},"potentialAction":[{"@type":"SearchAction","target":{"@type":"EntryPoint","urlTemplate":"https:\/\/archfondas.lt\/?s={search_term_string}"},"query-input":{"@type":"PropertyValueSpecification","valueRequired":true,"valueName":"search_term_string"}}],"inLanguage":"en-US"},{"@type":"Organization","@id":"https:\/\/archfondas.lt\/#organization","name":"Architekt\u016bros fondas","url":"https:\/\/archfondas.lt\/","logo":{"@type":"ImageObject","inLanguage":"en-US","@id":"https:\/\/archfondas.lt\/#\/schema\/logo\/image\/","url":"https:\/\/archfondas.lt\/wp-content\/uploads\/2023\/04\/archfondas-logo.svg","contentUrl":"https:\/\/archfondas.lt\/wp-content\/uploads\/2023\/04\/archfondas-logo.svg","width":483,"height":124,"caption":"Architekt\u016bros fondas"},"image":{"@id":"https:\/\/archfondas.lt\/#\/schema\/logo\/image\/"},"sameAs":["https:\/\/www.facebook.com\/archfondas","https:\/\/x.com\/archfondas"]},{"@type":"Person","@id":"https:\/\/archfondas.lt\/#\/schema\/person\/12c9a1d214305001c1474d1cddec95cb","name":"vilius","image":{"@type":"ImageObject","inLanguage":"en-US","@id":"https:\/\/archfondas.lt\/#\/schema\/person\/image\/","url":"https:\/\/secure.gravatar.com\/avatar\/29fe3433859d6bb7356cd673e2da7c8b?s=96&d=mm&r=g","contentUrl":"https:\/\/secure.gravatar.com\/avatar\/29fe3433859d6bb7356cd673e2da7c8b?s=96&d=mm&r=g","caption":"vilius"},"url":"https:\/\/archfondas.lt\/en\/author\/vilius\/"}]}},"_links":{"self":[{"href":"https:\/\/archfondas.lt\/en\/wp-json\/wp\/v2\/posts\/27479","targetHints":{"allow":["GET"]}}],"collection":[{"href":"https:\/\/archfondas.lt\/en\/wp-json\/wp\/v2\/posts"}],"about":[{"href":"https:\/\/archfondas.lt\/en\/wp-json\/wp\/v2\/types\/post"}],"author":[{"embeddable":true,"href":"https:\/\/archfondas.lt\/en\/wp-json\/wp\/v2\/users\/2"}],"replies":[{"embeddable":true,"href":"https:\/\/archfondas.lt\/en\/wp-json\/wp\/v2\/comments?post=27479"}],"version-history":[{"count":3,"href":"https:\/\/archfondas.lt\/en\/wp-json\/wp\/v2\/posts\/27479\/revisions"}],"predecessor-version":[{"id":27758,"href":"https:\/\/archfondas.lt\/en\/wp-json\/wp\/v2\/posts\/27479\/revisions\/27758"}],"wp:featuredmedia":[{"embeddable":true,"href":"https:\/\/archfondas.lt\/en\/wp-json\/wp\/v2\/media\/27473"}],"wp:attachment":[{"href":"https:\/\/archfondas.lt\/en\/wp-json\/wp\/v2\/media?parent=27479"}],"wp:term":[{"taxonomy":"category","embeddable":true,"href":"https:\/\/archfondas.lt\/en\/wp-json\/wp\/v2\/categories?post=27479"},{"taxonomy":"post_tag","embeddable":true,"href":"https:\/\/archfondas.lt\/en\/wp-json\/wp\/v2\/tags?post=27479"}],"curies":[{"name":"wp","href":"https:\/\/api.w.org\/{rel}","templated":true}]}}