{"id":28327,"date":"2025-04-11T18:48:15","date_gmt":"2025-04-11T15:48:15","guid":{"rendered":"https:\/\/archfondas.lt\/?p=28327"},"modified":"2025-04-12T10:08:08","modified_gmt":"2025-04-12T07:08:08","slug":"architektu-slavio-poczebuto-ir-francisco-fonseca-pranesimai-ir-diskusija","status":"publish","type":"post","link":"https:\/\/archfondas.lt\/en\/architektu-slavio-poczebuto-ir-francisco-fonseca-pranesimai-ir-diskusija\/","title":{"rendered":"Presentations and discussion by architects Slavis Poczebutas and Francisco Fonseca"},"content":{"rendered":"\n<p>Architects Slavis Poczebutas (MEKADO, Germany) and Francisco Fonseca (Oficina Pedr\u00eaz, Portugal) showcased their creative practices. In the event presenters shared their insights on urban transformation, micromobility, and interdisciplinary experiments in architecture.<br>Following the presentations, a discussion moderated by landscape architect Povilas Marozas provides a broader exploration of the role of architects and designers in shaping a more sustainable and socially just environment.<\/p>\n\n\n\n<p>MEKADO is an international design firm based in Berlin, developing spatial innovations in urban planning, architecture, and interior design, with a strong focus on social and ecological aspects.<\/p>\n\n\n\n<p>Oficina Pedr\u00eaz, founded by Matilde Cabral and Francisco Fonseca, emerged from the fusion of the fashion design studio Fashion Office and the experimental architecture workshop Skrei. Based in Porto, the studio explores themes of ecology, housing, and materiality through local architectural projects and international cultural and educational initiatives.<\/p>\n\n\n\n<p>The event took place on September 11, 2024, at Vilnius Academy of Arts in Vilnius.<\/p>\n\n\n\n<figure class=\"wp-block-embed is-type-video is-provider-youtube wp-block-embed-youtube wp-embed-aspect-16-9 wp-has-aspect-ratio\"><div class=\"wp-block-embed__wrapper\">\n<iframe loading=\"lazy\" title=\"Slavis Poczebutas ir Francisco Fonseca | MEKADO ir Oficina Pedr\u00eaz\" width=\"500\" height=\"281\" src=\"https:\/\/www.youtube.com\/embed\/cAsScdhH3RM?feature=oembed\" frameborder=\"0\" allow=\"accelerometer; autoplay; clipboard-write; encrypted-media; gyroscope; picture-in-picture; web-share\" referrerpolicy=\"strict-origin-when-cross-origin\" allowfullscreen><\/iframe>\n<\/div><\/figure>\n\n\n\n<p>Images of the event and showcased projects:<\/p>\n\n\n\n<figure class=\"wp-block-gallery has-nested-images columns-default is-cropped wp-block-gallery-1 is-layout-flex wp-block-gallery-is-layout-flex\">\n<figure class=\"wp-block-image size-large\"><img loading=\"lazy\" decoding=\"async\" width=\"990\" height=\"1060\" data-id=\"28347\" src=\"https:\/\/archfondas.lt\/wp-content\/uploads\/2025\/04\/Slavis-Poczebutas.-Giedriaus-Stonkaus-nuotrauka-1-990x1060.jpg\" alt=\"\" class=\"wp-image-28347\" srcset=\"https:\/\/archfondas.lt\/wp-content\/uploads\/2025\/04\/Slavis-Poczebutas.-Giedriaus-Stonkaus-nuotrauka-1-990x1060.jpg 990w, https:\/\/archfondas.lt\/wp-content\/uploads\/2025\/04\/Slavis-Poczebutas.-Giedriaus-Stonkaus-nuotrauka-1-280x300.jpg 280w, https:\/\/archfondas.lt\/wp-content\/uploads\/2025\/04\/Slavis-Poczebutas.-Giedriaus-Stonkaus-nuotrauka-1-768x822.jpg 768w, https:\/\/archfondas.lt\/wp-content\/uploads\/2025\/04\/Slavis-Poczebutas.-Giedriaus-Stonkaus-nuotrauka-1.jpg 1067w\" sizes=\"auto, (max-width: 990px) 100vw, 990px\" \/><figcaption class=\"wp-element-caption\">Giedrius Stonkus image<\/figcaption><\/figure>\n\n\n\n<figure class=\"wp-block-image size-large\"><img loading=\"lazy\" decoding=\"async\" width=\"1060\" height=\"707\" data-id=\"28344\" src=\"https:\/\/archfondas.lt\/wp-content\/uploads\/2025\/04\/Giedrius-Stonkus-3-1-1060x707.jpg\" alt=\"\" class=\"wp-image-28344\" srcset=\"https:\/\/archfondas.lt\/wp-content\/uploads\/2025\/04\/Giedrius-Stonkus-3-1-1060x707.jpg 1060w, https:\/\/archfondas.lt\/wp-content\/uploads\/2025\/04\/Giedrius-Stonkus-3-1-300x200.jpg 300w, https:\/\/archfondas.lt\/wp-content\/uploads\/2025\/04\/Giedrius-Stonkus-3-1-768x512.jpg 768w, https:\/\/archfondas.lt\/wp-content\/uploads\/2025\/04\/Giedrius-Stonkus-3-1-1536x1024.jpg 1536w, https:\/\/archfondas.lt\/wp-content\/uploads\/2025\/04\/Giedrius-Stonkus-3-1.jpg 1600w\" sizes=\"auto, (max-width: 1060px) 100vw, 1060px\" \/><figcaption class=\"wp-element-caption\">Giedrius Stonkus image<\/figcaption><\/figure>\n\n\n\n<figure class=\"wp-block-image size-large\"><img loading=\"lazy\" decoding=\"async\" width=\"1002\" height=\"1060\" data-id=\"28342\" src=\"https:\/\/archfondas.lt\/wp-content\/uploads\/2025\/04\/Francisco-1-1002x1060.jpg\" alt=\"\" class=\"wp-image-28342\" srcset=\"https:\/\/archfondas.lt\/wp-content\/uploads\/2025\/04\/Francisco-1-1002x1060.jpg 1002w, https:\/\/archfondas.lt\/wp-content\/uploads\/2025\/04\/Francisco-1-284x300.jpg 284w, https:\/\/archfondas.lt\/wp-content\/uploads\/2025\/04\/Francisco-1-768x813.jpg 768w, https:\/\/archfondas.lt\/wp-content\/uploads\/2025\/04\/Francisco-1.jpg 1067w\" sizes=\"auto, (max-width: 1002px) 100vw, 1002px\" \/><figcaption class=\"wp-element-caption\">Giedrius Stonkus image<\/figcaption><\/figure>\n\n\n\n<figure class=\"wp-block-image size-large\"><img loading=\"lazy\" decoding=\"async\" width=\"1060\" height=\"707\" data-id=\"28346\" src=\"https:\/\/archfondas.lt\/wp-content\/uploads\/2025\/04\/A7R6578-1-1060x707.jpg\" alt=\"\" class=\"wp-image-28346\" srcset=\"https:\/\/archfondas.lt\/wp-content\/uploads\/2025\/04\/A7R6578-1-1060x707.jpg 1060w, https:\/\/archfondas.lt\/wp-content\/uploads\/2025\/04\/A7R6578-1-300x200.jpg 300w, https:\/\/archfondas.lt\/wp-content\/uploads\/2025\/04\/A7R6578-1-768x512.jpg 768w, https:\/\/archfondas.lt\/wp-content\/uploads\/2025\/04\/A7R6578-1-1536x1024.jpg 1536w, https:\/\/archfondas.lt\/wp-content\/uploads\/2025\/04\/A7R6578-1.jpg 1600w\" sizes=\"auto, (max-width: 1060px) 100vw, 1060px\" \/><figcaption class=\"wp-element-caption\">Giedrius Stonkus image<\/figcaption><\/figure>\n\n\n\n<figure class=\"wp-block-image size-large\"><img loading=\"lazy\" decoding=\"async\" width=\"1060\" height=\"678\" data-id=\"28350\" src=\"https:\/\/archfondas.lt\/wp-content\/uploads\/2025\/04\/Slvais-240904-DOMUM_Presentation_VDA-1-1060x678.jpg\" alt=\"\" class=\"wp-image-28350\" srcset=\"https:\/\/archfondas.lt\/wp-content\/uploads\/2025\/04\/Slvais-240904-DOMUM_Presentation_VDA-1-1060x678.jpg 1060w, https:\/\/archfondas.lt\/wp-content\/uploads\/2025\/04\/Slvais-240904-DOMUM_Presentation_VDA-1-300x192.jpg 300w, https:\/\/archfondas.lt\/wp-content\/uploads\/2025\/04\/Slvais-240904-DOMUM_Presentation_VDA-1-768x491.jpg 768w, https:\/\/archfondas.lt\/wp-content\/uploads\/2025\/04\/Slvais-240904-DOMUM_Presentation_VDA-1-1536x982.jpg 1536w, https:\/\/archfondas.lt\/wp-content\/uploads\/2025\/04\/Slvais-240904-DOMUM_Presentation_VDA-1-2048x1310.jpg 2048w\" sizes=\"auto, (max-width: 1060px) 100vw, 1060px\" \/><figcaption class=\"wp-element-caption\">MEKADO image<\/figcaption><\/figure>\n\n\n\n<figure class=\"wp-block-image size-large\"><img loading=\"lazy\" decoding=\"async\" width=\"1060\" height=\"831\" data-id=\"28352\" src=\"https:\/\/archfondas.lt\/wp-content\/uploads\/2025\/04\/240731-MEKADO_DOMUM-urban-mobility-1-1060x831.jpg\" alt=\"\" class=\"wp-image-28352\" srcset=\"https:\/\/archfondas.lt\/wp-content\/uploads\/2025\/04\/240731-MEKADO_DOMUM-urban-mobility-1-1060x831.jpg 1060w, https:\/\/archfondas.lt\/wp-content\/uploads\/2025\/04\/240731-MEKADO_DOMUM-urban-mobility-1-300x235.jpg 300w, https:\/\/archfondas.lt\/wp-content\/uploads\/2025\/04\/240731-MEKADO_DOMUM-urban-mobility-1-768x602.jpg 768w, https:\/\/archfondas.lt\/wp-content\/uploads\/2025\/04\/240731-MEKADO_DOMUM-urban-mobility-1-1536x1204.jpg 1536w, https:\/\/archfondas.lt\/wp-content\/uploads\/2025\/04\/240731-MEKADO_DOMUM-urban-mobility-1.jpg 1890w\" sizes=\"auto, (max-width: 1060px) 100vw, 1060px\" \/><figcaption class=\"wp-element-caption\">MEKADO image<\/figcaption><\/figure>\n<\/figure>\n\n\n\n<p><\/p>\n","protected":false},"excerpt":{"rendered":"<p>Architects Slavis Poczebutas (MEKADO, Germany) and Francisco Fonseca (Oficina Pedr\u00eaz, Portugal) showcased their creative practices. In the event presenters shared their insights on urban transformation, micromobility, and interdisciplinary experiments in architecture.Following the presentations, a discussion moderated by landscape architect Povilas Marozas provides a broader exploration of the role of architects and designers in shaping a [&hellip;]<\/p>\n","protected":false},"author":4,"featured_media":28342,"comment_status":"open","ping_status":"open","sticky":false,"template":"","format":"standard","meta":{"_acf_changed":false,"footnotes":""},"categories":[56],"tags":[],"class_list":["post-28327","post","type-post","status-publish","format-standard","has-post-thumbnail","hentry","category-content-en"],"acf":[],"yoast_head":"<!-- This site is optimized with the Yoast SEO plugin v24.1 - https:\/\/yoast.com\/wordpress\/plugins\/seo\/ -->\n<title>Presentations and discussion by architects Slavis Poczebutas and Francisco Fonseca &#8211; Architekt\u016bros fondas<\/title>\n<meta name=\"robots\" content=\"index, follow, max-snippet:-1, max-image-preview:large, max-video-preview:-1\" \/>\n<link rel=\"canonical\" href=\"https:\/\/archfondas.lt\/en\/architektu-slavio-poczebuto-ir-francisco-fonseca-pranesimai-ir-diskusija\/\" \/>\n<meta property=\"og:locale\" content=\"en_US\" \/>\n<meta property=\"og:type\" content=\"article\" \/>\n<meta property=\"og:title\" content=\"Presentations and discussion by architects Slavis Poczebutas and Francisco Fonseca &#8211; Architekt\u016bros fondas\" \/>\n<meta property=\"og:description\" content=\"Architects Slavis Poczebutas (MEKADO, Germany) and Francisco Fonseca (Oficina Pedr\u00eaz, Portugal) showcased their creative practices. In the event presenters shared their insights on urban transformation, micromobility, and interdisciplinary experiments in architecture.Following the presentations, a discussion moderated by landscape architect Povilas Marozas provides a broader exploration of the role of architects and designers in shaping a [&hellip;]\" \/>\n<meta property=\"og:url\" content=\"https:\/\/archfondas.lt\/en\/architektu-slavio-poczebuto-ir-francisco-fonseca-pranesimai-ir-diskusija\/\" \/>\n<meta property=\"og:site_name\" content=\"Architekt\u016bros fondas\" \/>\n<meta property=\"article:publisher\" content=\"https:\/\/www.facebook.com\/archfondas\" \/>\n<meta property=\"article:published_time\" content=\"2025-04-11T15:48:15+00:00\" \/>\n<meta property=\"article:modified_time\" content=\"2025-04-12T07:08:08+00:00\" \/>\n<meta property=\"og:image\" content=\"https:\/\/archfondas.lt\/wp-content\/uploads\/2025\/04\/Francisco-1.jpg\" \/>\n\t<meta property=\"og:image:width\" content=\"1067\" \/>\n\t<meta property=\"og:image:height\" content=\"1129\" \/>\n\t<meta property=\"og:image:type\" content=\"image\/jpeg\" \/>\n<meta name=\"author\" content=\"martynas\" \/>\n<meta name=\"twitter:card\" content=\"summary_large_image\" \/>\n<meta name=\"twitter:creator\" content=\"@archfondas\" \/>\n<meta name=\"twitter:site\" content=\"@archfondas\" \/>\n<meta name=\"twitter:label1\" content=\"Written by\" \/>\n\t<meta name=\"twitter:data1\" content=\"martynas\" \/>\n\t<meta name=\"twitter:label2\" content=\"Est. reading time\" \/>\n\t<meta name=\"twitter:data2\" content=\"3 minutes\" \/>\n<script type=\"application\/ld+json\" class=\"yoast-schema-graph\">{\"@context\":\"https:\/\/schema.org\",\"@graph\":[{\"@type\":\"Article\",\"@id\":\"https:\/\/archfondas.lt\/en\/architektu-slavio-poczebuto-ir-francisco-fonseca-pranesimai-ir-diskusija\/#article\",\"isPartOf\":{\"@id\":\"https:\/\/archfondas.lt\/en\/architektu-slavio-poczebuto-ir-francisco-fonseca-pranesimai-ir-diskusija\/\"},\"author\":{\"name\":\"martynas\",\"@id\":\"https:\/\/archfondas.lt\/#\/schema\/person\/c4ce0b4b64861e8e6ca7f1bdd4b55bc9\"},\"headline\":\"Presentations and discussion by architects Slavis Poczebutas and Francisco Fonseca\",\"datePublished\":\"2025-04-11T15:48:15+00:00\",\"dateModified\":\"2025-04-12T07:08:08+00:00\",\"mainEntityOfPage\":{\"@id\":\"https:\/\/archfondas.lt\/en\/architektu-slavio-poczebuto-ir-francisco-fonseca-pranesimai-ir-diskusija\/\"},\"wordCount\":191,\"commentCount\":0,\"publisher\":{\"@id\":\"https:\/\/archfondas.lt\/#organization\"},\"image\":{\"@id\":\"https:\/\/archfondas.lt\/en\/architektu-slavio-poczebuto-ir-francisco-fonseca-pranesimai-ir-diskusija\/#primaryimage\"},\"thumbnailUrl\":\"https:\/\/archfondas.lt\/wp-content\/uploads\/2025\/04\/Francisco-1.jpg\",\"articleSection\":[\"Turinys\"],\"inLanguage\":\"en-US\",\"potentialAction\":[{\"@type\":\"CommentAction\",\"name\":\"Comment\",\"target\":[\"https:\/\/archfondas.lt\/en\/architektu-slavio-poczebuto-ir-francisco-fonseca-pranesimai-ir-diskusija\/#respond\"]}]},{\"@type\":\"WebPage\",\"@id\":\"https:\/\/archfondas.lt\/en\/architektu-slavio-poczebuto-ir-francisco-fonseca-pranesimai-ir-diskusija\/\",\"url\":\"https:\/\/archfondas.lt\/en\/architektu-slavio-poczebuto-ir-francisco-fonseca-pranesimai-ir-diskusija\/\",\"name\":\"Presentations and discussion by architects Slavis Poczebutas and Francisco Fonseca &#8211; Architekt\u016bros fondas\",\"isPartOf\":{\"@id\":\"https:\/\/archfondas.lt\/#website\"},\"primaryImageOfPage\":{\"@id\":\"https:\/\/archfondas.lt\/en\/architektu-slavio-poczebuto-ir-francisco-fonseca-pranesimai-ir-diskusija\/#primaryimage\"},\"image\":{\"@id\":\"https:\/\/archfondas.lt\/en\/architektu-slavio-poczebuto-ir-francisco-fonseca-pranesimai-ir-diskusija\/#primaryimage\"},\"thumbnailUrl\":\"https:\/\/archfondas.lt\/wp-content\/uploads\/2025\/04\/Francisco-1.jpg\",\"datePublished\":\"2025-04-11T15:48:15+00:00\",\"dateModified\":\"2025-04-12T07:08:08+00:00\",\"breadcrumb\":{\"@id\":\"https:\/\/archfondas.lt\/en\/architektu-slavio-poczebuto-ir-francisco-fonseca-pranesimai-ir-diskusija\/#breadcrumb\"},\"inLanguage\":\"en-US\",\"potentialAction\":[{\"@type\":\"ReadAction\",\"target\":[\"https:\/\/archfondas.lt\/en\/architektu-slavio-poczebuto-ir-francisco-fonseca-pranesimai-ir-diskusija\/\"]}]},{\"@type\":\"ImageObject\",\"inLanguage\":\"en-US\",\"@id\":\"https:\/\/archfondas.lt\/en\/architektu-slavio-poczebuto-ir-francisco-fonseca-pranesimai-ir-diskusija\/#primaryimage\",\"url\":\"https:\/\/archfondas.lt\/wp-content\/uploads\/2025\/04\/Francisco-1.jpg\",\"contentUrl\":\"https:\/\/archfondas.lt\/wp-content\/uploads\/2025\/04\/Francisco-1.jpg\",\"width\":1067,\"height\":1129},{\"@type\":\"BreadcrumbList\",\"@id\":\"https:\/\/archfondas.lt\/en\/architektu-slavio-poczebuto-ir-francisco-fonseca-pranesimai-ir-diskusija\/#breadcrumb\",\"itemListElement\":[{\"@type\":\"ListItem\",\"position\":1,\"name\":\"Home\",\"item\":\"https:\/\/archfondas.lt\/en\/\"},{\"@type\":\"ListItem\",\"position\":2,\"name\":\"Presentations and discussion by architects Slavis Poczebutas and Francisco Fonseca\"}]},{\"@type\":\"WebSite\",\"@id\":\"https:\/\/archfondas.lt\/#website\",\"url\":\"https:\/\/archfondas.lt\/\",\"name\":\"Architekt\u016bros fondas\",\"description\":\"Mes esame nevyriausybin\u0117, pelno nesiekianti organizacija kurianti bei puosel\u0117janti architekt\u016bros kult\u016br\u0105.\",\"publisher\":{\"@id\":\"https:\/\/archfondas.lt\/#organization\"},\"potentialAction\":[{\"@type\":\"SearchAction\",\"target\":{\"@type\":\"EntryPoint\",\"urlTemplate\":\"https:\/\/archfondas.lt\/?s={search_term_string}\"},\"query-input\":{\"@type\":\"PropertyValueSpecification\",\"valueRequired\":true,\"valueName\":\"search_term_string\"}}],\"inLanguage\":\"en-US\"},{\"@type\":\"Organization\",\"@id\":\"https:\/\/archfondas.lt\/#organization\",\"name\":\"Architekt\u016bros fondas\",\"url\":\"https:\/\/archfondas.lt\/\",\"logo\":{\"@type\":\"ImageObject\",\"inLanguage\":\"en-US\",\"@id\":\"https:\/\/archfondas.lt\/#\/schema\/logo\/image\/\",\"url\":\"https:\/\/archfondas.lt\/wp-content\/uploads\/2023\/04\/archfondas-logo.svg\",\"contentUrl\":\"https:\/\/archfondas.lt\/wp-content\/uploads\/2023\/04\/archfondas-logo.svg\",\"width\":483,\"height\":124,\"caption\":\"Architekt\u016bros fondas\"},\"image\":{\"@id\":\"https:\/\/archfondas.lt\/#\/schema\/logo\/image\/\"},\"sameAs\":[\"https:\/\/www.facebook.com\/archfondas\",\"https:\/\/x.com\/archfondas\"]},{\"@type\":\"Person\",\"@id\":\"https:\/\/archfondas.lt\/#\/schema\/person\/c4ce0b4b64861e8e6ca7f1bdd4b55bc9\",\"name\":\"martynas\",\"image\":{\"@type\":\"ImageObject\",\"inLanguage\":\"en-US\",\"@id\":\"https:\/\/archfondas.lt\/#\/schema\/person\/image\/\",\"url\":\"https:\/\/secure.gravatar.com\/avatar\/7e01b2ced06f35056d4e538494ad7da3?s=96&d=mm&r=g\",\"contentUrl\":\"https:\/\/secure.gravatar.com\/avatar\/7e01b2ced06f35056d4e538494ad7da3?s=96&d=mm&r=g\",\"caption\":\"martynas\"},\"url\":\"https:\/\/archfondas.lt\/en\/author\/martynas\/\"}]}<\/script>\n<!-- \/ Yoast SEO plugin. -->","yoast_head_json":{"title":"Presentations and discussion by architects Slavis Poczebutas and Francisco Fonseca &#8211; Architekt\u016bros fondas","robots":{"index":"index","follow":"follow","max-snippet":"max-snippet:-1","max-image-preview":"max-image-preview:large","max-video-preview":"max-video-preview:-1"},"canonical":"https:\/\/archfondas.lt\/en\/architektu-slavio-poczebuto-ir-francisco-fonseca-pranesimai-ir-diskusija\/","og_locale":"en_US","og_type":"article","og_title":"Presentations and discussion by architects Slavis Poczebutas and Francisco Fonseca &#8211; Architekt\u016bros fondas","og_description":"Architects Slavis Poczebutas (MEKADO, Germany) and Francisco Fonseca (Oficina Pedr\u00eaz, Portugal) showcased their creative practices. In the event presenters shared their insights on urban transformation, micromobility, and interdisciplinary experiments in architecture.Following the presentations, a discussion moderated by landscape architect Povilas Marozas provides a broader exploration of the role of architects and designers in shaping a [&hellip;]","og_url":"https:\/\/archfondas.lt\/en\/architektu-slavio-poczebuto-ir-francisco-fonseca-pranesimai-ir-diskusija\/","og_site_name":"Architekt\u016bros fondas","article_publisher":"https:\/\/www.facebook.com\/archfondas","article_published_time":"2025-04-11T15:48:15+00:00","article_modified_time":"2025-04-12T07:08:08+00:00","og_image":[{"width":1067,"height":1129,"url":"https:\/\/archfondas.lt\/wp-content\/uploads\/2025\/04\/Francisco-1.jpg","type":"image\/jpeg"}],"author":"martynas","twitter_card":"summary_large_image","twitter_creator":"@archfondas","twitter_site":"@archfondas","twitter_misc":{"Written by":"martynas","Est. reading time":"3 minutes"},"schema":{"@context":"https:\/\/schema.org","@graph":[{"@type":"Article","@id":"https:\/\/archfondas.lt\/en\/architektu-slavio-poczebuto-ir-francisco-fonseca-pranesimai-ir-diskusija\/#article","isPartOf":{"@id":"https:\/\/archfondas.lt\/en\/architektu-slavio-poczebuto-ir-francisco-fonseca-pranesimai-ir-diskusija\/"},"author":{"name":"martynas","@id":"https:\/\/archfondas.lt\/#\/schema\/person\/c4ce0b4b64861e8e6ca7f1bdd4b55bc9"},"headline":"Presentations and discussion by architects Slavis Poczebutas and Francisco Fonseca","datePublished":"2025-04-11T15:48:15+00:00","dateModified":"2025-04-12T07:08:08+00:00","mainEntityOfPage":{"@id":"https:\/\/archfondas.lt\/en\/architektu-slavio-poczebuto-ir-francisco-fonseca-pranesimai-ir-diskusija\/"},"wordCount":191,"commentCount":0,"publisher":{"@id":"https:\/\/archfondas.lt\/#organization"},"image":{"@id":"https:\/\/archfondas.lt\/en\/architektu-slavio-poczebuto-ir-francisco-fonseca-pranesimai-ir-diskusija\/#primaryimage"},"thumbnailUrl":"https:\/\/archfondas.lt\/wp-content\/uploads\/2025\/04\/Francisco-1.jpg","articleSection":["Turinys"],"inLanguage":"en-US","potentialAction":[{"@type":"CommentAction","name":"Comment","target":["https:\/\/archfondas.lt\/en\/architektu-slavio-poczebuto-ir-francisco-fonseca-pranesimai-ir-diskusija\/#respond"]}]},{"@type":"WebPage","@id":"https:\/\/archfondas.lt\/en\/architektu-slavio-poczebuto-ir-francisco-fonseca-pranesimai-ir-diskusija\/","url":"https:\/\/archfondas.lt\/en\/architektu-slavio-poczebuto-ir-francisco-fonseca-pranesimai-ir-diskusija\/","name":"Presentations and discussion by architects Slavis Poczebutas and Francisco Fonseca &#8211; Architekt\u016bros fondas","isPartOf":{"@id":"https:\/\/archfondas.lt\/#website"},"primaryImageOfPage":{"@id":"https:\/\/archfondas.lt\/en\/architektu-slavio-poczebuto-ir-francisco-fonseca-pranesimai-ir-diskusija\/#primaryimage"},"image":{"@id":"https:\/\/archfondas.lt\/en\/architektu-slavio-poczebuto-ir-francisco-fonseca-pranesimai-ir-diskusija\/#primaryimage"},"thumbnailUrl":"https:\/\/archfondas.lt\/wp-content\/uploads\/2025\/04\/Francisco-1.jpg","datePublished":"2025-04-11T15:48:15+00:00","dateModified":"2025-04-12T07:08:08+00:00","breadcrumb":{"@id":"https:\/\/archfondas.lt\/en\/architektu-slavio-poczebuto-ir-francisco-fonseca-pranesimai-ir-diskusija\/#breadcrumb"},"inLanguage":"en-US","potentialAction":[{"@type":"ReadAction","target":["https:\/\/archfondas.lt\/en\/architektu-slavio-poczebuto-ir-francisco-fonseca-pranesimai-ir-diskusija\/"]}]},{"@type":"ImageObject","inLanguage":"en-US","@id":"https:\/\/archfondas.lt\/en\/architektu-slavio-poczebuto-ir-francisco-fonseca-pranesimai-ir-diskusija\/#primaryimage","url":"https:\/\/archfondas.lt\/wp-content\/uploads\/2025\/04\/Francisco-1.jpg","contentUrl":"https:\/\/archfondas.lt\/wp-content\/uploads\/2025\/04\/Francisco-1.jpg","width":1067,"height":1129},{"@type":"BreadcrumbList","@id":"https:\/\/archfondas.lt\/en\/architektu-slavio-poczebuto-ir-francisco-fonseca-pranesimai-ir-diskusija\/#breadcrumb","itemListElement":[{"@type":"ListItem","position":1,"name":"Home","item":"https:\/\/archfondas.lt\/en\/"},{"@type":"ListItem","position":2,"name":"Presentations and discussion by architects Slavis Poczebutas and Francisco Fonseca"}]},{"@type":"WebSite","@id":"https:\/\/archfondas.lt\/#website","url":"https:\/\/archfondas.lt\/","name":"Architekt\u016bros fondas","description":"Mes esame nevyriausybin\u0117, pelno nesiekianti organizacija kurianti bei puosel\u0117janti architekt\u016bros kult\u016br\u0105.","publisher":{"@id":"https:\/\/archfondas.lt\/#organization"},"potentialAction":[{"@type":"SearchAction","target":{"@type":"EntryPoint","urlTemplate":"https:\/\/archfondas.lt\/?s={search_term_string}"},"query-input":{"@type":"PropertyValueSpecification","valueRequired":true,"valueName":"search_term_string"}}],"inLanguage":"en-US"},{"@type":"Organization","@id":"https:\/\/archfondas.lt\/#organization","name":"Architekt\u016bros fondas","url":"https:\/\/archfondas.lt\/","logo":{"@type":"ImageObject","inLanguage":"en-US","@id":"https:\/\/archfondas.lt\/#\/schema\/logo\/image\/","url":"https:\/\/archfondas.lt\/wp-content\/uploads\/2023\/04\/archfondas-logo.svg","contentUrl":"https:\/\/archfondas.lt\/wp-content\/uploads\/2023\/04\/archfondas-logo.svg","width":483,"height":124,"caption":"Architekt\u016bros fondas"},"image":{"@id":"https:\/\/archfondas.lt\/#\/schema\/logo\/image\/"},"sameAs":["https:\/\/www.facebook.com\/archfondas","https:\/\/x.com\/archfondas"]},{"@type":"Person","@id":"https:\/\/archfondas.lt\/#\/schema\/person\/c4ce0b4b64861e8e6ca7f1bdd4b55bc9","name":"martynas","image":{"@type":"ImageObject","inLanguage":"en-US","@id":"https:\/\/archfondas.lt\/#\/schema\/person\/image\/","url":"https:\/\/secure.gravatar.com\/avatar\/7e01b2ced06f35056d4e538494ad7da3?s=96&d=mm&r=g","contentUrl":"https:\/\/secure.gravatar.com\/avatar\/7e01b2ced06f35056d4e538494ad7da3?s=96&d=mm&r=g","caption":"martynas"},"url":"https:\/\/archfondas.lt\/en\/author\/martynas\/"}]}},"_links":{"self":[{"href":"https:\/\/archfondas.lt\/en\/wp-json\/wp\/v2\/posts\/28327","targetHints":{"allow":["GET"]}}],"collection":[{"href":"https:\/\/archfondas.lt\/en\/wp-json\/wp\/v2\/posts"}],"about":[{"href":"https:\/\/archfondas.lt\/en\/wp-json\/wp\/v2\/types\/post"}],"author":[{"embeddable":true,"href":"https:\/\/archfondas.lt\/en\/wp-json\/wp\/v2\/users\/4"}],"replies":[{"embeddable":true,"href":"https:\/\/archfondas.lt\/en\/wp-json\/wp\/v2\/comments?post=28327"}],"version-history":[{"count":7,"href":"https:\/\/archfondas.lt\/en\/wp-json\/wp\/v2\/posts\/28327\/revisions"}],"predecessor-version":[{"id":28362,"href":"https:\/\/archfondas.lt\/en\/wp-json\/wp\/v2\/posts\/28327\/revisions\/28362"}],"wp:featuredmedia":[{"embeddable":true,"href":"https:\/\/archfondas.lt\/en\/wp-json\/wp\/v2\/media\/28342"}],"wp:attachment":[{"href":"https:\/\/archfondas.lt\/en\/wp-json\/wp\/v2\/media?parent=28327"}],"wp:term":[{"taxonomy":"category","embeddable":true,"href":"https:\/\/archfondas.lt\/en\/wp-json\/wp\/v2\/categories?post=28327"},{"taxonomy":"post_tag","embeddable":true,"href":"https:\/\/archfondas.lt\/en\/wp-json\/wp\/v2\/tags?post=28327"}],"curies":[{"name":"wp","href":"https:\/\/api.w.org\/{rel}","templated":true}]}}