{"id":28384,"date":"2025-04-15T13:54:56","date_gmt":"2025-04-15T10:54:56","guid":{"rendered":"https:\/\/archfondas.lt\/?p=28384"},"modified":"2025-04-15T13:55:03","modified_gmt":"2025-04-15T10:55:03","slug":"documentation-of-the-creative-workshop-altering-matter-decompose-to-grow","status":"publish","type":"post","link":"https:\/\/archfondas.lt\/en\/documentation-of-the-creative-workshop-altering-matter-decompose-to-grow\/","title":{"rendered":"Documentation of the Creative Workshop &#8220;Altering Matter: Decompose to Grow&#8221;"},"content":{"rendered":"\n<p>In September 2024, the Vingis branch of the Vilnius University Botanical Garden hosted a two-week architectural laboratory that brought together participants to explore possibilities for the regeneration of an abandoned greenhouse complex.<\/p>\n\n\n\n<p>This was already the second edition of the creative workshop \u201cAltering Matter: Decompose to Grow,\u201d continuing the exploration of circular design practices in architecture. This time, the focus was placed on the cycle of renewable, organic materials \u2013 from sourcing to practical application in buildings undergoing renovation within the territory of the Botanical Garden.<\/p>\n\n\n\n<p>As the workshop curators, Martynas Germanavi\u010dius and Egl\u0117 Kliu\u010dinskait\u0117, explained:<\/p>\n\n\n\n<p>\u201cKnowing that we would be working across several overlapping themes, we deliberately set ourselves the challenge of limiting the selection of materials during the preparation phase. We aimed to ensure aesthetic coherence in later design interventions and to test the various possibilities of a single material. Based on our research, reeds emerged as a particularly relevant material \u2013 although abundant in Lithuania, they are rarely used in contemporary architecture, mainly due to their natural tendency to decay, which is often seen as a durability issue. However, in the workshop, we deliberately sought to value these properties as an advantage, especially when combined with industrial materials that are more durable, reusable, but often rough and cold.\u201d<\/p>\n\n\n<div class=\"wp-block-image\">\n<figure class=\"aligncenter size-large\"><img loading=\"lazy\" decoding=\"async\" width=\"1060\" height=\"707\" src=\"https:\/\/archfondas.lt\/wp-content\/uploads\/2025\/04\/bw-8-2-1060x707.jpg\" alt=\"\" class=\"wp-image-28454\" srcset=\"https:\/\/archfondas.lt\/wp-content\/uploads\/2025\/04\/bw-8-2-1060x707.jpg 1060w, https:\/\/archfondas.lt\/wp-content\/uploads\/2025\/04\/bw-8-2-300x200.jpg 300w, https:\/\/archfondas.lt\/wp-content\/uploads\/2025\/04\/bw-8-2-768x512.jpg 768w, https:\/\/archfondas.lt\/wp-content\/uploads\/2025\/04\/bw-8-2-1536x1024.jpg 1536w, https:\/\/archfondas.lt\/wp-content\/uploads\/2025\/04\/bw-8-2-2048x1365.jpg 2048w\" sizes=\"auto, (max-width: 1060px) 100vw, 1060px\" \/><figcaption class=\"wp-element-caption\">Nuotraukos autorius Laurynas Skeisgiela. Architekt\u016bros fondas, 2024<\/figcaption><\/figure><\/div>\n\n\n<p>The creative process took place in the unique natural and historical environment of the Botanical Garden. The theme of organic materials unfolded naturally here \u2013 the plant diversity encouraged closer attention to the cycles of decay and renewal occurring in nature.<\/p>\n\n\n\n<p>The workshop began with a theoretical phase, analysing the site context of the Vingis branch, the current situation, and the need for change. Later, focus shifted to the unused greenhouse complex \u2013 here, participants examined possible future uses and developed small-scale design installations, inviting new ways of imagining and experiencing the reuse of these spaces.<\/p>\n\n\n\n<p>The theoretical part also introduced Lithuania\u2019s natural resources and organic materials with potential in the construction sector. Insights were shared by urban planner Paulius Kliu\u010dininkas, geographer and urbanist Danielius Jur\u010diukonis, environmental scientist and representative of the Lithuanian Peatland Restoration and Conservation Fund J\u016brat\u0117 Send\u017eikait\u0117, and R&amp;D manager at the VAA Design and Innovation Centre Giedrius Pilkis. All the speakers emphasised the untapped potential of reeds as a raw material \u2013 from the need to maintain natural reed habitats through wetland farming to their potential use in design and product development.<\/p>\n\n\n\n<figure class=\"wp-block-gallery has-nested-images columns-default is-cropped wp-block-gallery-1 is-layout-flex wp-block-gallery-is-layout-flex\">\n<figure class=\"wp-block-image size-large\"><img loading=\"lazy\" decoding=\"async\" width=\"1060\" height=\"707\" data-id=\"28452\" src=\"https:\/\/archfondas.lt\/wp-content\/uploads\/2025\/04\/bw-26-1060x707.jpg\" alt=\"\" class=\"wp-image-28452\" srcset=\"https:\/\/archfondas.lt\/wp-content\/uploads\/2025\/04\/bw-26-1060x707.jpg 1060w, https:\/\/archfondas.lt\/wp-content\/uploads\/2025\/04\/bw-26-300x200.jpg 300w, https:\/\/archfondas.lt\/wp-content\/uploads\/2025\/04\/bw-26-768x512.jpg 768w, https:\/\/archfondas.lt\/wp-content\/uploads\/2025\/04\/bw-26-1536x1024.jpg 1536w, https:\/\/archfondas.lt\/wp-content\/uploads\/2025\/04\/bw-26-2048x1365.jpg 2048w\" sizes=\"auto, (max-width: 1060px) 100vw, 1060px\" \/><figcaption class=\"wp-element-caption\">Image by Laurynas Skeisgiela. Architekt\u016bros fondas, 2024<\/figcaption><\/figure>\n\n\n\n<figure class=\"wp-block-image size-large\"><img loading=\"lazy\" decoding=\"async\" width=\"1060\" height=\"707\" data-id=\"28464\" src=\"https:\/\/archfondas.lt\/wp-content\/uploads\/2025\/04\/bw-29-1-1060x707.jpg\" alt=\"\" class=\"wp-image-28464\" srcset=\"https:\/\/archfondas.lt\/wp-content\/uploads\/2025\/04\/bw-29-1-1060x707.jpg 1060w, https:\/\/archfondas.lt\/wp-content\/uploads\/2025\/04\/bw-29-1-300x200.jpg 300w, https:\/\/archfondas.lt\/wp-content\/uploads\/2025\/04\/bw-29-1-768x512.jpg 768w, https:\/\/archfondas.lt\/wp-content\/uploads\/2025\/04\/bw-29-1-1536x1024.jpg 1536w, https:\/\/archfondas.lt\/wp-content\/uploads\/2025\/04\/bw-29-1-2048x1365.jpg 2048w\" sizes=\"auto, (max-width: 1060px) 100vw, 1060px\" \/><figcaption class=\"wp-element-caption\">Image by Laurynas Skeisgiela. Architekt\u016bros fondas, 2024<\/figcaption><\/figure>\n<\/figure>\n\n\n\n<p>The theoretical programme concluded with a hands-on session on traditional reed roofing techniques, led by experienced craftsman Gintautas Vilutis. According to him, while reeds are abundant in Lithuania and this roofing method was once commonplace, it is now rarely used locally \u2013 he more often works in Belgium and the Netherlands, where this technique remains popular and is even mandatory for certain heritage-listed buildings.<\/p>\n\n\n\n<p>The workshop gathered over 30 participants from different disciplines \u2013 mostly students and practising architects. Participants analysed the Botanical Garden territory, identified areas of interest, and in five teams, developed design interventions in various parts of the greenhouse complex and its surroundings.<\/p>\n\n\n\n<p>The practical part of the workshop was led by \u0160A atelier \u2013 architects Gabriel\u0117 \u0160arkauskien\u0117 and Antanas \u0160arkauskas \u2013 together with French architecture collective L\u2019Atelier Senzu, represented by Wandrille Marchais, David Dottelonde, and their colleagues L\u00e9a Villain, Lea Frenz, and Pauline Soulenq.<\/p>\n\n\n\n<p>The French collective explores alternatives to polluting materials in their practice, rethinking traditional construction techniques and enabling new processes. In this workshop, L\u2019Atelier Senzu focused specifically on materials and technologies. Building on the cradle-to-cradle concept, they proposed examining not only renewable organic materials but also their combinations with technical materials that can be disassembled and reused after the organic elements decompose. For this reason, each team\u2019s intervention aimed to clearly present the potential of combining organic and technical materials.<\/p>\n\n\n\n<p>Meanwhile, the architects from \u0160A atelier emphasised the spatial potential of the Botanical Garden and the reuse of existing resources. They encouraged participants to consider the needs of users and visitors of the space and imagine how the garden could enrich their everyday experiences. The facilitators helped the teams \u2013 despite working in separate locations and themes \u2013 to identify connections and create a shared spatial narrative.<\/p>\n\n\n\n<figure class=\"wp-block-gallery has-nested-images columns-default is-cropped wp-block-gallery-2 is-layout-flex wp-block-gallery-is-layout-flex\">\n<figure class=\"wp-block-image size-large\"><img loading=\"lazy\" decoding=\"async\" width=\"1060\" height=\"707\" data-id=\"28456\" src=\"https:\/\/archfondas.lt\/wp-content\/uploads\/2025\/04\/alteringmatter_2_-9-1060x707.jpg\" alt=\"\" class=\"wp-image-28456\" srcset=\"https:\/\/archfondas.lt\/wp-content\/uploads\/2025\/04\/alteringmatter_2_-9-1060x707.jpg 1060w, https:\/\/archfondas.lt\/wp-content\/uploads\/2025\/04\/alteringmatter_2_-9-300x200.jpg 300w, https:\/\/archfondas.lt\/wp-content\/uploads\/2025\/04\/alteringmatter_2_-9-768x512.jpg 768w, https:\/\/archfondas.lt\/wp-content\/uploads\/2025\/04\/alteringmatter_2_-9-1536x1024.jpg 1536w, https:\/\/archfondas.lt\/wp-content\/uploads\/2025\/04\/alteringmatter_2_-9-2048x1365.jpg 2048w\" sizes=\"auto, (max-width: 1060px) 100vw, 1060px\" \/><figcaption class=\"wp-element-caption\">Image by Laurynas Skeisgiela. Architekt\u016bros fondas, 2024<\/figcaption><\/figure>\n\n\n\n<figure class=\"wp-block-image size-large\"><img loading=\"lazy\" decoding=\"async\" width=\"707\" height=\"1060\" data-id=\"28462\" src=\"https:\/\/archfondas.lt\/wp-content\/uploads\/2025\/04\/A7R5617-707x1060.jpg\" alt=\"\" class=\"wp-image-28462\" srcset=\"https:\/\/archfondas.lt\/wp-content\/uploads\/2025\/04\/A7R5617-707x1060.jpg 707w, https:\/\/archfondas.lt\/wp-content\/uploads\/2025\/04\/A7R5617-200x300.jpg 200w, https:\/\/archfondas.lt\/wp-content\/uploads\/2025\/04\/A7R5617-768x1151.jpg 768w, https:\/\/archfondas.lt\/wp-content\/uploads\/2025\/04\/A7R5617-1025x1536.jpg 1025w, https:\/\/archfondas.lt\/wp-content\/uploads\/2025\/04\/A7R5617-1366x2048.jpg 1366w, https:\/\/archfondas.lt\/wp-content\/uploads\/2025\/04\/A7R5617-scaled.jpg 1708w\" sizes=\"auto, (max-width: 707px) 100vw, 707px\" \/><figcaption class=\"wp-element-caption\">Image by Giedrius Stonkus. Architekt\u016bros fondas, 2024<\/figcaption><\/figure>\n\n\n\n<figure class=\"wp-block-image size-large\"><img loading=\"lazy\" decoding=\"async\" width=\"1060\" height=\"707\" data-id=\"28466\" src=\"https:\/\/archfondas.lt\/wp-content\/uploads\/2025\/04\/alteringmatter_2_-29-1060x707.jpg\" alt=\"\" class=\"wp-image-28466\" srcset=\"https:\/\/archfondas.lt\/wp-content\/uploads\/2025\/04\/alteringmatter_2_-29-1060x707.jpg 1060w, https:\/\/archfondas.lt\/wp-content\/uploads\/2025\/04\/alteringmatter_2_-29-300x200.jpg 300w, https:\/\/archfondas.lt\/wp-content\/uploads\/2025\/04\/alteringmatter_2_-29-768x512.jpg 768w, https:\/\/archfondas.lt\/wp-content\/uploads\/2025\/04\/alteringmatter_2_-29-1536x1024.jpg 1536w, https:\/\/archfondas.lt\/wp-content\/uploads\/2025\/04\/alteringmatter_2_-29-2048x1365.jpg 2048w\" sizes=\"auto, (max-width: 1060px) 100vw, 1060px\" \/><figcaption class=\"wp-element-caption\">Image by Laurynas Skeisgiela. Architekt\u016bros fondas, 2024<\/figcaption><\/figure>\n<\/figure>\n\n\n\n<p>This workshop became a material study of possibilities \u2013 testing the principles of regenerative architecture in a real context and revealing the spatial and educational potential embedded in the greenhouse complex and the wider Botanical Garden environment.<\/p>\n\n\n\n<p>We invite you to explore the creative process, the participants\u2019 installations, and experience the unique atmosphere of the space in Joaquin Mora\u2019s video documentation.<\/p>\n\n\n\n<figure class=\"wp-block-embed is-type-video is-provider-youtube wp-block-embed-youtube wp-embed-aspect-16-9 wp-has-aspect-ratio\"><div class=\"wp-block-embed__wrapper\">\n<iframe loading=\"lazy\" title=\"\u201eKintantys b\u016bviai: suyrant u\u017eaugti\u201c k\u016brybini\u0173 dirbtuvi\u0173 video dokumentacija | Joaquin Mora\" width=\"500\" height=\"281\" src=\"https:\/\/www.youtube.com\/embed\/PufV5cw2Gnc?feature=oembed\" frameborder=\"0\" allow=\"accelerometer; autoplay; clipboard-write; encrypted-media; gyroscope; picture-in-picture; web-share\" referrerpolicy=\"strict-origin-when-cross-origin\" allowfullscreen><\/iframe>\n<\/div><\/figure>\n\n\n\n<p><\/p>\n","protected":false},"excerpt":{"rendered":"<p>In September 2024, the Vingis branch of the Vilnius University Botanical Garden hosted a two-week architectural laboratory that brought together participants to explore possibilities for the regeneration of an abandoned greenhouse complex. This was already the second edition of the creative workshop \u201cAltering Matter: Decompose to Grow,\u201d continuing the exploration of circular design practices in [&hellip;]<\/p>\n","protected":false},"author":4,"featured_media":28387,"comment_status":"closed","ping_status":"open","sticky":false,"template":"","format":"standard","meta":{"_acf_changed":false,"footnotes":""},"categories":[56],"tags":[],"class_list":["post-28384","post","type-post","status-publish","format-standard","has-post-thumbnail","hentry","category-content-en"],"acf":[],"yoast_head":"<!-- This site is optimized with the Yoast SEO plugin v24.1 - https:\/\/yoast.com\/wordpress\/plugins\/seo\/ -->\n<title>Documentation of the Creative Workshop &quot;Altering Matter: Decompose to Grow&quot; &#8211; Architekt\u016bros fondas<\/title>\n<meta name=\"robots\" content=\"index, follow, max-snippet:-1, max-image-preview:large, max-video-preview:-1\" \/>\n<link rel=\"canonical\" href=\"https:\/\/archfondas.lt\/en\/documentation-of-the-creative-workshop-altering-matter-decompose-to-grow\/\" \/>\n<meta property=\"og:locale\" content=\"en_US\" \/>\n<meta property=\"og:type\" content=\"article\" \/>\n<meta property=\"og:title\" content=\"Documentation of the Creative Workshop &quot;Altering Matter: Decompose to Grow&quot; &#8211; Architekt\u016bros fondas\" \/>\n<meta property=\"og:description\" content=\"In September 2024, the Vingis branch of the Vilnius University Botanical Garden hosted a two-week architectural laboratory that brought together participants to explore possibilities for the regeneration of an abandoned greenhouse complex. This was already the second edition of the creative workshop \u201cAltering Matter: Decompose to Grow,\u201d continuing the exploration of circular design practices in [&hellip;]\" \/>\n<meta property=\"og:url\" content=\"https:\/\/archfondas.lt\/en\/documentation-of-the-creative-workshop-altering-matter-decompose-to-grow\/\" \/>\n<meta property=\"og:site_name\" content=\"Architekt\u016bros fondas\" \/>\n<meta property=\"article:publisher\" content=\"https:\/\/www.facebook.com\/archfondas\" \/>\n<meta property=\"article:published_time\" content=\"2025-04-15T10:54:56+00:00\" \/>\n<meta property=\"article:modified_time\" content=\"2025-04-15T10:55:03+00:00\" \/>\n<meta property=\"og:image\" content=\"https:\/\/archfondas.lt\/wp-content\/uploads\/2025\/04\/AM-Decompose-to-grow.-Video-title-image-scaled.jpg\" \/>\n\t<meta property=\"og:image:width\" content=\"2560\" \/>\n\t<meta property=\"og:image:height\" content=\"1446\" \/>\n\t<meta property=\"og:image:type\" content=\"image\/jpeg\" \/>\n<meta name=\"author\" content=\"martynas\" \/>\n<meta name=\"twitter:card\" content=\"summary_large_image\" \/>\n<meta name=\"twitter:creator\" content=\"@archfondas\" \/>\n<meta name=\"twitter:site\" content=\"@archfondas\" \/>\n<meta name=\"twitter:label1\" content=\"Written by\" \/>\n\t<meta name=\"twitter:data1\" content=\"martynas\" \/>\n\t<meta name=\"twitter:label2\" content=\"Est. reading time\" \/>\n\t<meta name=\"twitter:data2\" content=\"6 minutes\" \/>\n<script type=\"application\/ld+json\" class=\"yoast-schema-graph\">{\"@context\":\"https:\/\/schema.org\",\"@graph\":[{\"@type\":\"Article\",\"@id\":\"https:\/\/archfondas.lt\/en\/documentation-of-the-creative-workshop-altering-matter-decompose-to-grow\/#article\",\"isPartOf\":{\"@id\":\"https:\/\/archfondas.lt\/en\/documentation-of-the-creative-workshop-altering-matter-decompose-to-grow\/\"},\"author\":{\"name\":\"martynas\",\"@id\":\"https:\/\/archfondas.lt\/#\/schema\/person\/c4ce0b4b64861e8e6ca7f1bdd4b55bc9\"},\"headline\":\"Documentation of the Creative Workshop &#8220;Altering Matter: Decompose to Grow&#8221;\",\"datePublished\":\"2025-04-15T10:54:56+00:00\",\"dateModified\":\"2025-04-15T10:55:03+00:00\",\"mainEntityOfPage\":{\"@id\":\"https:\/\/archfondas.lt\/en\/documentation-of-the-creative-workshop-altering-matter-decompose-to-grow\/\"},\"wordCount\":810,\"publisher\":{\"@id\":\"https:\/\/archfondas.lt\/#organization\"},\"image\":{\"@id\":\"https:\/\/archfondas.lt\/en\/documentation-of-the-creative-workshop-altering-matter-decompose-to-grow\/#primaryimage\"},\"thumbnailUrl\":\"https:\/\/archfondas.lt\/wp-content\/uploads\/2025\/04\/AM-Decompose-to-grow.-Video-title-image-scaled.jpg\",\"articleSection\":[\"Turinys\"],\"inLanguage\":\"en-US\"},{\"@type\":\"WebPage\",\"@id\":\"https:\/\/archfondas.lt\/en\/documentation-of-the-creative-workshop-altering-matter-decompose-to-grow\/\",\"url\":\"https:\/\/archfondas.lt\/en\/documentation-of-the-creative-workshop-altering-matter-decompose-to-grow\/\",\"name\":\"Documentation of the Creative Workshop \\\"Altering Matter: Decompose to Grow\\\" &#8211; Architekt\u016bros fondas\",\"isPartOf\":{\"@id\":\"https:\/\/archfondas.lt\/#website\"},\"primaryImageOfPage\":{\"@id\":\"https:\/\/archfondas.lt\/en\/documentation-of-the-creative-workshop-altering-matter-decompose-to-grow\/#primaryimage\"},\"image\":{\"@id\":\"https:\/\/archfondas.lt\/en\/documentation-of-the-creative-workshop-altering-matter-decompose-to-grow\/#primaryimage\"},\"thumbnailUrl\":\"https:\/\/archfondas.lt\/wp-content\/uploads\/2025\/04\/AM-Decompose-to-grow.-Video-title-image-scaled.jpg\",\"datePublished\":\"2025-04-15T10:54:56+00:00\",\"dateModified\":\"2025-04-15T10:55:03+00:00\",\"breadcrumb\":{\"@id\":\"https:\/\/archfondas.lt\/en\/documentation-of-the-creative-workshop-altering-matter-decompose-to-grow\/#breadcrumb\"},\"inLanguage\":\"en-US\",\"potentialAction\":[{\"@type\":\"ReadAction\",\"target\":[\"https:\/\/archfondas.lt\/en\/documentation-of-the-creative-workshop-altering-matter-decompose-to-grow\/\"]}]},{\"@type\":\"ImageObject\",\"inLanguage\":\"en-US\",\"@id\":\"https:\/\/archfondas.lt\/en\/documentation-of-the-creative-workshop-altering-matter-decompose-to-grow\/#primaryimage\",\"url\":\"https:\/\/archfondas.lt\/wp-content\/uploads\/2025\/04\/AM-Decompose-to-grow.-Video-title-image-scaled.jpg\",\"contentUrl\":\"https:\/\/archfondas.lt\/wp-content\/uploads\/2025\/04\/AM-Decompose-to-grow.-Video-title-image-scaled.jpg\",\"width\":2560,\"height\":1446},{\"@type\":\"BreadcrumbList\",\"@id\":\"https:\/\/archfondas.lt\/en\/documentation-of-the-creative-workshop-altering-matter-decompose-to-grow\/#breadcrumb\",\"itemListElement\":[{\"@type\":\"ListItem\",\"position\":1,\"name\":\"Home\",\"item\":\"https:\/\/archfondas.lt\/en\/\"},{\"@type\":\"ListItem\",\"position\":2,\"name\":\"Documentation of the Creative Workshop \u201eAltering Matter: Decompose to Grow\u201c\"}]},{\"@type\":\"WebSite\",\"@id\":\"https:\/\/archfondas.lt\/#website\",\"url\":\"https:\/\/archfondas.lt\/\",\"name\":\"Architekt\u016bros fondas\",\"description\":\"Mes esame nevyriausybin\u0117, pelno nesiekianti organizacija kurianti bei puosel\u0117janti architekt\u016bros kult\u016br\u0105.\",\"publisher\":{\"@id\":\"https:\/\/archfondas.lt\/#organization\"},\"potentialAction\":[{\"@type\":\"SearchAction\",\"target\":{\"@type\":\"EntryPoint\",\"urlTemplate\":\"https:\/\/archfondas.lt\/?s={search_term_string}\"},\"query-input\":{\"@type\":\"PropertyValueSpecification\",\"valueRequired\":true,\"valueName\":\"search_term_string\"}}],\"inLanguage\":\"en-US\"},{\"@type\":\"Organization\",\"@id\":\"https:\/\/archfondas.lt\/#organization\",\"name\":\"Architekt\u016bros fondas\",\"url\":\"https:\/\/archfondas.lt\/\",\"logo\":{\"@type\":\"ImageObject\",\"inLanguage\":\"en-US\",\"@id\":\"https:\/\/archfondas.lt\/#\/schema\/logo\/image\/\",\"url\":\"https:\/\/archfondas.lt\/wp-content\/uploads\/2023\/04\/archfondas-logo.svg\",\"contentUrl\":\"https:\/\/archfondas.lt\/wp-content\/uploads\/2023\/04\/archfondas-logo.svg\",\"width\":483,\"height\":124,\"caption\":\"Architekt\u016bros fondas\"},\"image\":{\"@id\":\"https:\/\/archfondas.lt\/#\/schema\/logo\/image\/\"},\"sameAs\":[\"https:\/\/www.facebook.com\/archfondas\",\"https:\/\/x.com\/archfondas\"]},{\"@type\":\"Person\",\"@id\":\"https:\/\/archfondas.lt\/#\/schema\/person\/c4ce0b4b64861e8e6ca7f1bdd4b55bc9\",\"name\":\"martynas\",\"image\":{\"@type\":\"ImageObject\",\"inLanguage\":\"en-US\",\"@id\":\"https:\/\/archfondas.lt\/#\/schema\/person\/image\/\",\"url\":\"https:\/\/secure.gravatar.com\/avatar\/7e01b2ced06f35056d4e538494ad7da3?s=96&d=mm&r=g\",\"contentUrl\":\"https:\/\/secure.gravatar.com\/avatar\/7e01b2ced06f35056d4e538494ad7da3?s=96&d=mm&r=g\",\"caption\":\"martynas\"},\"url\":\"https:\/\/archfondas.lt\/en\/author\/martynas\/\"}]}<\/script>\n<!-- \/ Yoast SEO plugin. -->","yoast_head_json":{"title":"Documentation of the Creative Workshop \"Altering Matter: Decompose to Grow\" &#8211; Architekt\u016bros fondas","robots":{"index":"index","follow":"follow","max-snippet":"max-snippet:-1","max-image-preview":"max-image-preview:large","max-video-preview":"max-video-preview:-1"},"canonical":"https:\/\/archfondas.lt\/en\/documentation-of-the-creative-workshop-altering-matter-decompose-to-grow\/","og_locale":"en_US","og_type":"article","og_title":"Documentation of the Creative Workshop \"Altering Matter: Decompose to Grow\" &#8211; Architekt\u016bros fondas","og_description":"In September 2024, the Vingis branch of the Vilnius University Botanical Garden hosted a two-week architectural laboratory that brought together participants to explore possibilities for the regeneration of an abandoned greenhouse complex. This was already the second edition of the creative workshop \u201cAltering Matter: Decompose to Grow,\u201d continuing the exploration of circular design practices in [&hellip;]","og_url":"https:\/\/archfondas.lt\/en\/documentation-of-the-creative-workshop-altering-matter-decompose-to-grow\/","og_site_name":"Architekt\u016bros fondas","article_publisher":"https:\/\/www.facebook.com\/archfondas","article_published_time":"2025-04-15T10:54:56+00:00","article_modified_time":"2025-04-15T10:55:03+00:00","og_image":[{"width":2560,"height":1446,"url":"https:\/\/archfondas.lt\/wp-content\/uploads\/2025\/04\/AM-Decompose-to-grow.-Video-title-image-scaled.jpg","type":"image\/jpeg"}],"author":"martynas","twitter_card":"summary_large_image","twitter_creator":"@archfondas","twitter_site":"@archfondas","twitter_misc":{"Written by":"martynas","Est. reading time":"6 minutes"},"schema":{"@context":"https:\/\/schema.org","@graph":[{"@type":"Article","@id":"https:\/\/archfondas.lt\/en\/documentation-of-the-creative-workshop-altering-matter-decompose-to-grow\/#article","isPartOf":{"@id":"https:\/\/archfondas.lt\/en\/documentation-of-the-creative-workshop-altering-matter-decompose-to-grow\/"},"author":{"name":"martynas","@id":"https:\/\/archfondas.lt\/#\/schema\/person\/c4ce0b4b64861e8e6ca7f1bdd4b55bc9"},"headline":"Documentation of the Creative Workshop &#8220;Altering Matter: Decompose to Grow&#8221;","datePublished":"2025-04-15T10:54:56+00:00","dateModified":"2025-04-15T10:55:03+00:00","mainEntityOfPage":{"@id":"https:\/\/archfondas.lt\/en\/documentation-of-the-creative-workshop-altering-matter-decompose-to-grow\/"},"wordCount":810,"publisher":{"@id":"https:\/\/archfondas.lt\/#organization"},"image":{"@id":"https:\/\/archfondas.lt\/en\/documentation-of-the-creative-workshop-altering-matter-decompose-to-grow\/#primaryimage"},"thumbnailUrl":"https:\/\/archfondas.lt\/wp-content\/uploads\/2025\/04\/AM-Decompose-to-grow.-Video-title-image-scaled.jpg","articleSection":["Turinys"],"inLanguage":"en-US"},{"@type":"WebPage","@id":"https:\/\/archfondas.lt\/en\/documentation-of-the-creative-workshop-altering-matter-decompose-to-grow\/","url":"https:\/\/archfondas.lt\/en\/documentation-of-the-creative-workshop-altering-matter-decompose-to-grow\/","name":"Documentation of the Creative Workshop \"Altering Matter: Decompose to Grow\" &#8211; Architekt\u016bros fondas","isPartOf":{"@id":"https:\/\/archfondas.lt\/#website"},"primaryImageOfPage":{"@id":"https:\/\/archfondas.lt\/en\/documentation-of-the-creative-workshop-altering-matter-decompose-to-grow\/#primaryimage"},"image":{"@id":"https:\/\/archfondas.lt\/en\/documentation-of-the-creative-workshop-altering-matter-decompose-to-grow\/#primaryimage"},"thumbnailUrl":"https:\/\/archfondas.lt\/wp-content\/uploads\/2025\/04\/AM-Decompose-to-grow.-Video-title-image-scaled.jpg","datePublished":"2025-04-15T10:54:56+00:00","dateModified":"2025-04-15T10:55:03+00:00","breadcrumb":{"@id":"https:\/\/archfondas.lt\/en\/documentation-of-the-creative-workshop-altering-matter-decompose-to-grow\/#breadcrumb"},"inLanguage":"en-US","potentialAction":[{"@type":"ReadAction","target":["https:\/\/archfondas.lt\/en\/documentation-of-the-creative-workshop-altering-matter-decompose-to-grow\/"]}]},{"@type":"ImageObject","inLanguage":"en-US","@id":"https:\/\/archfondas.lt\/en\/documentation-of-the-creative-workshop-altering-matter-decompose-to-grow\/#primaryimage","url":"https:\/\/archfondas.lt\/wp-content\/uploads\/2025\/04\/AM-Decompose-to-grow.-Video-title-image-scaled.jpg","contentUrl":"https:\/\/archfondas.lt\/wp-content\/uploads\/2025\/04\/AM-Decompose-to-grow.-Video-title-image-scaled.jpg","width":2560,"height":1446},{"@type":"BreadcrumbList","@id":"https:\/\/archfondas.lt\/en\/documentation-of-the-creative-workshop-altering-matter-decompose-to-grow\/#breadcrumb","itemListElement":[{"@type":"ListItem","position":1,"name":"Home","item":"https:\/\/archfondas.lt\/en\/"},{"@type":"ListItem","position":2,"name":"Documentation of the Creative Workshop \u201eAltering Matter: Decompose to Grow\u201c"}]},{"@type":"WebSite","@id":"https:\/\/archfondas.lt\/#website","url":"https:\/\/archfondas.lt\/","name":"Architekt\u016bros fondas","description":"Mes esame nevyriausybin\u0117, pelno nesiekianti organizacija kurianti bei puosel\u0117janti architekt\u016bros kult\u016br\u0105.","publisher":{"@id":"https:\/\/archfondas.lt\/#organization"},"potentialAction":[{"@type":"SearchAction","target":{"@type":"EntryPoint","urlTemplate":"https:\/\/archfondas.lt\/?s={search_term_string}"},"query-input":{"@type":"PropertyValueSpecification","valueRequired":true,"valueName":"search_term_string"}}],"inLanguage":"en-US"},{"@type":"Organization","@id":"https:\/\/archfondas.lt\/#organization","name":"Architekt\u016bros fondas","url":"https:\/\/archfondas.lt\/","logo":{"@type":"ImageObject","inLanguage":"en-US","@id":"https:\/\/archfondas.lt\/#\/schema\/logo\/image\/","url":"https:\/\/archfondas.lt\/wp-content\/uploads\/2023\/04\/archfondas-logo.svg","contentUrl":"https:\/\/archfondas.lt\/wp-content\/uploads\/2023\/04\/archfondas-logo.svg","width":483,"height":124,"caption":"Architekt\u016bros fondas"},"image":{"@id":"https:\/\/archfondas.lt\/#\/schema\/logo\/image\/"},"sameAs":["https:\/\/www.facebook.com\/archfondas","https:\/\/x.com\/archfondas"]},{"@type":"Person","@id":"https:\/\/archfondas.lt\/#\/schema\/person\/c4ce0b4b64861e8e6ca7f1bdd4b55bc9","name":"martynas","image":{"@type":"ImageObject","inLanguage":"en-US","@id":"https:\/\/archfondas.lt\/#\/schema\/person\/image\/","url":"https:\/\/secure.gravatar.com\/avatar\/7e01b2ced06f35056d4e538494ad7da3?s=96&d=mm&r=g","contentUrl":"https:\/\/secure.gravatar.com\/avatar\/7e01b2ced06f35056d4e538494ad7da3?s=96&d=mm&r=g","caption":"martynas"},"url":"https:\/\/archfondas.lt\/en\/author\/martynas\/"}]}},"_links":{"self":[{"href":"https:\/\/archfondas.lt\/en\/wp-json\/wp\/v2\/posts\/28384","targetHints":{"allow":["GET"]}}],"collection":[{"href":"https:\/\/archfondas.lt\/en\/wp-json\/wp\/v2\/posts"}],"about":[{"href":"https:\/\/archfondas.lt\/en\/wp-json\/wp\/v2\/types\/post"}],"author":[{"embeddable":true,"href":"https:\/\/archfondas.lt\/en\/wp-json\/wp\/v2\/users\/4"}],"replies":[{"embeddable":true,"href":"https:\/\/archfondas.lt\/en\/wp-json\/wp\/v2\/comments?post=28384"}],"version-history":[{"count":6,"href":"https:\/\/archfondas.lt\/en\/wp-json\/wp\/v2\/posts\/28384\/revisions"}],"predecessor-version":[{"id":28487,"href":"https:\/\/archfondas.lt\/en\/wp-json\/wp\/v2\/posts\/28384\/revisions\/28487"}],"wp:featuredmedia":[{"embeddable":true,"href":"https:\/\/archfondas.lt\/en\/wp-json\/wp\/v2\/media\/28387"}],"wp:attachment":[{"href":"https:\/\/archfondas.lt\/en\/wp-json\/wp\/v2\/media?parent=28384"}],"wp:term":[{"taxonomy":"category","embeddable":true,"href":"https:\/\/archfondas.lt\/en\/wp-json\/wp\/v2\/categories?post=28384"},{"taxonomy":"post_tag","embeddable":true,"href":"https:\/\/archfondas.lt\/en\/wp-json\/wp\/v2\/tags?post=28384"}],"curies":[{"name":"wp","href":"https:\/\/api.w.org\/{rel}","templated":true}]}}