{"id":28656,"date":"2025-05-19T22:41:35","date_gmt":"2025-05-19T19:41:35","guid":{"rendered":"https:\/\/archfondas.lt\/?p=28656"},"modified":"2025-08-01T18:02:41","modified_gmt":"2025-08-01T15:02:41","slug":"djamel-klouche-and-mike-fritsch-presentation-how-to-not-demolish-a-building","status":"publish","type":"post","link":"https:\/\/archfondas.lt\/en\/djamel-klouche-and-mike-fritsch-presentation-how-to-not-demolish-a-building\/","title":{"rendered":"Djamel Klouche and Mike Fritsch presentation \u201cHow to not demolish a building?\u201d"},"content":{"rendered":"\n<p>Among architects, there is growing agreement: the most sustainable building is the one that doesn\u2019t need to be demolished. This idea is a core principle in the work of the Paris-based architecture and urbanism studio l\u2019AUC.<\/p>\n\n\n\n<p>One of its founders, Djamel Klouche, together with architect-curator Mike Fritsch, presented the transformation stories of two high-rise buildings in Paris and Brussels in their lecture \u201cHow Not to Demolish a Building?\u201d. These projects have garnered attention across Europe as exemplary cases of architectural approaches rooted in sustainability and circularity.<\/p>\n\n\n\n<p>We invite you to watch the lecture recording!<\/p>\n\n\n\n<figure class=\"wp-block-embed is-type-video is-provider-youtube wp-block-embed-youtube wp-embed-aspect-16-9 wp-has-aspect-ratio\"><div class=\"wp-block-embed__wrapper\">\n<iframe loading=\"lazy\" title=\"Djamel Klouche, Mike Fritsch (l&#039;AUC) | How to not demolish a building? | Kaip nenugriauti pastato?\" width=\"500\" height=\"281\" src=\"https:\/\/www.youtube.com\/embed\/BnMvZ4Ki-fQ?feature=oembed\" frameborder=\"0\" allow=\"accelerometer; autoplay; clipboard-write; encrypted-media; gyroscope; picture-in-picture; web-share\" referrerpolicy=\"strict-origin-when-cross-origin\" allowfullscreen><\/iframe>\n<\/div><\/figure>\n\n\n\n<figure class=\"wp-block-gallery has-nested-images columns-default is-cropped wp-block-gallery-1 is-layout-flex wp-block-gallery-is-layout-flex\">\n<figure class=\"wp-block-image size-large\"><img loading=\"lazy\" decoding=\"async\" width=\"889\" height=\"1060\" data-id=\"28631\" src=\"https:\/\/archfondas.lt\/wp-content\/uploads\/2025\/05\/01-ZIN-existing-889x1060.jpg\" alt=\"\" class=\"wp-image-28631\" srcset=\"https:\/\/archfondas.lt\/wp-content\/uploads\/2025\/05\/01-ZIN-existing-889x1060.jpg 889w, https:\/\/archfondas.lt\/wp-content\/uploads\/2025\/05\/01-ZIN-existing-251x300.jpg 251w, https:\/\/archfondas.lt\/wp-content\/uploads\/2025\/05\/01-ZIN-existing-768x916.jpg 768w, https:\/\/archfondas.lt\/wp-content\/uploads\/2025\/05\/01-ZIN-existing-1288x1536.jpg 1288w, https:\/\/archfondas.lt\/wp-content\/uploads\/2025\/05\/01-ZIN-existing.jpg 1514w\" sizes=\"auto, (max-width: 889px) 100vw, 889px\" \/><\/figure>\n<\/figure>\n\n\n\n<p>One of them is the ZIN project, developed in collaboration with the architecture office 51N4E, which transformed the iconic World Trade Center towers I and II in Brussels\u2019 Gare du Nord district. In this transformation, a former administrative office complex was reimagined as a hybrid structure that seamlessly integrates spaces for working, living, hospitality, sports, leisure, retail, and generous green areas accessible to the city\u2019s residents.<\/p>\n\n\n\n<figure class=\"wp-block-gallery has-nested-images columns-default is-cropped wp-block-gallery-2 is-layout-flex wp-block-gallery-is-layout-flex\">\n<figure class=\"wp-block-image size-large\"><img loading=\"lazy\" decoding=\"async\" width=\"1060\" height=\"794\" data-id=\"28633\" src=\"https:\/\/archfondas.lt\/wp-content\/uploads\/2025\/05\/02-ZIN-project-1060x794.jpg\" alt=\"\" class=\"wp-image-28633\" srcset=\"https:\/\/archfondas.lt\/wp-content\/uploads\/2025\/05\/02-ZIN-project-1060x794.jpg 1060w, https:\/\/archfondas.lt\/wp-content\/uploads\/2025\/05\/02-ZIN-project-300x225.jpg 300w, https:\/\/archfondas.lt\/wp-content\/uploads\/2025\/05\/02-ZIN-project-768x575.jpg 768w, https:\/\/archfondas.lt\/wp-content\/uploads\/2025\/05\/02-ZIN-project-1536x1150.jpg 1536w, https:\/\/archfondas.lt\/wp-content\/uploads\/2025\/05\/02-ZIN-project-2048x1534.jpg 2048w\" sizes=\"auto, (max-width: 1060px) 100vw, 1060px\" \/><\/figure>\n\n\n\n<figure class=\"wp-block-image size-large\"><img loading=\"lazy\" decoding=\"async\" width=\"1060\" height=\"708\" data-id=\"28635\" src=\"https:\/\/archfondas.lt\/wp-content\/uploads\/2025\/05\/03-ZIN-greenhouse-1060x708.jpg\" alt=\"\" class=\"wp-image-28635\" srcset=\"https:\/\/archfondas.lt\/wp-content\/uploads\/2025\/05\/03-ZIN-greenhouse-1060x708.jpg 1060w, https:\/\/archfondas.lt\/wp-content\/uploads\/2025\/05\/03-ZIN-greenhouse-300x201.jpg 300w, https:\/\/archfondas.lt\/wp-content\/uploads\/2025\/05\/03-ZIN-greenhouse-768x513.jpg 768w, https:\/\/archfondas.lt\/wp-content\/uploads\/2025\/05\/03-ZIN-greenhouse-1536x1027.jpg 1536w, https:\/\/archfondas.lt\/wp-content\/uploads\/2025\/05\/03-ZIN-greenhouse.jpg 1764w\" sizes=\"auto, (max-width: 1060px) 100vw, 1060px\" \/><\/figure>\n<\/figure>\n\n\n\n<p>The ZIN project is fundamentally based on an architectural concept of reuse \u2014 the building is understood not only as a material bank but also as a catalyst for multiple future spatial scenarios. By creatively adapting existing structures and complementing them with strategic interventions, the project delivers a robust, long-lasting building capable of flexibly responding to changing needs. New volumes with varied heights, multiple circulation routes, and numerous access points activate the surrounding urban fabric \u2014 transforming the building from a static object into a dynamic urban interface, open to adaptation, exchange, and collective use over time.<\/p>\n\n\n\n<figure class=\"wp-block-gallery has-nested-images columns-default is-cropped wp-block-gallery-3 is-layout-flex wp-block-gallery-is-layout-flex\">\n<figure class=\"wp-block-image size-large\"><img loading=\"lazy\" decoding=\"async\" width=\"689\" height=\"926\" data-id=\"28637\" src=\"https:\/\/archfondas.lt\/wp-content\/uploads\/2025\/05\/01-NTP-existing.jpg\" alt=\"\" class=\"wp-image-28637\" srcset=\"https:\/\/archfondas.lt\/wp-content\/uploads\/2025\/05\/01-NTP-existing.jpg 689w, https:\/\/archfondas.lt\/wp-content\/uploads\/2025\/05\/01-NTP-existing-223x300.jpg 223w\" sizes=\"auto, (max-width: 689px) 100vw, 689px\" \/><\/figure>\n<\/figure>\n\n\n\n<p>The speakers shared insights into the ongoing transformation of the Tour des Poissonniers in Paris \u2014 an ambitious initiative to retrofit a 15-storey social housing tower built in 1959. Preserving the majority of the existing structure, the building is being reimagined as a contemporary, mixed-use environment combining housing for students, young researchers, and creatives, along with an arts residency, and cultural, educational, and community green spaces. The project is grounded in a participatory design process, with future users actively involved in workshops to shape the living, working, and creative environments.<\/p>\n\n\n\n<figure class=\"wp-block-gallery has-nested-images columns-default is-cropped wp-block-gallery-4 is-layout-flex wp-block-gallery-is-layout-flex\">\n<figure class=\"wp-block-image size-large\"><img loading=\"lazy\" decoding=\"async\" width=\"964\" height=\"1060\" data-id=\"28641\" src=\"https:\/\/archfondas.lt\/wp-content\/uploads\/2025\/05\/02-NTP-project-964x1060.jpg\" alt=\"\" class=\"wp-image-28641\" srcset=\"https:\/\/archfondas.lt\/wp-content\/uploads\/2025\/05\/02-NTP-project-964x1060.jpg 964w, https:\/\/archfondas.lt\/wp-content\/uploads\/2025\/05\/02-NTP-project-273x300.jpg 273w, https:\/\/archfondas.lt\/wp-content\/uploads\/2025\/05\/02-NTP-project-768x845.jpg 768w, https:\/\/archfondas.lt\/wp-content\/uploads\/2025\/05\/02-NTP-project-1396x1536.jpg 1396w, https:\/\/archfondas.lt\/wp-content\/uploads\/2025\/05\/02-NTP-project-1862x2048.jpg 1862w\" sizes=\"auto, (max-width: 964px) 100vw, 964px\" \/><\/figure>\n\n\n\n<figure class=\"wp-block-image size-large\"><img loading=\"lazy\" decoding=\"async\" width=\"903\" height=\"1060\" data-id=\"28639\" src=\"https:\/\/archfondas.lt\/wp-content\/uploads\/2025\/05\/03-NTP-groundfloor-plan-903x1060.jpeg\" alt=\"\" class=\"wp-image-28639\" srcset=\"https:\/\/archfondas.lt\/wp-content\/uploads\/2025\/05\/03-NTP-groundfloor-plan-903x1060.jpeg 903w, https:\/\/archfondas.lt\/wp-content\/uploads\/2025\/05\/03-NTP-groundfloor-plan-255x300.jpeg 255w, https:\/\/archfondas.lt\/wp-content\/uploads\/2025\/05\/03-NTP-groundfloor-plan-768x902.jpeg 768w, https:\/\/archfondas.lt\/wp-content\/uploads\/2025\/05\/03-NTP-groundfloor-plan.jpeg 1049w\" sizes=\"auto, (max-width: 903px) 100vw, 903px\" \/><\/figure>\n<\/figure>\n\n\n\n<p>The transformation of this iconic tower, located along the Boulevard P\u00e9riph\u00e9rique, aims not only to renew the architectural object but also to strengthen the urban connection between Paris\u2019 18th arrondissement and the metropolitan area of Saint-Ouen.<\/p>\n\n\n\n<p>This detailed presentation of projects rooted in the principles of reuse and recycling will highlight the transformative power of architecture \u2014 one that goes beyond heritage preservation or carbon reduction, inviting a rethinking of contemporary urban and domestic qualities, and revealing the affective potential of existing built structures.<\/p>\n\n\n\n<p>The presentation took place at\u00a0MO museum on 29 May at 7 pm.<\/p>\n\n\n\n<p><strong>About the <strong>presenters<\/strong><\/strong><\/p>\n\n\n\n<p><strong>Djamel Klouche<\/strong> is an architect and urban planner, with degrees from the Ecole d&#8217;Architecture de Paris La Seine, the \u00c9cole des Hautes Etudes en Sciences Sociales (EHESS) and Sciences Po Paris. He is Professor at the Ecole Nationale Sup\u00e9rieure d&#8217;Architecture de Versailles (ENSAV). With Caroline Poulin and Fran\u00e7ois Decoster, Djamel Klouche co-founded l&#8217;AUC, an architecture and urban planning firm based in Paris, joined by Alessandro Gess as a partner.&nbsp;<\/p>\n\n\n\n<p>l&#8217;AUC was awarded the \u201cGrand Prix National de l&#8217;Urbanisme\u201d by the French Minister of Housing on December 15, 2021, for its body of work. In September 2023, l\u2019AUC received the UIA&#8217;s Albert Abercrombie Prize for Urban Planning and Design.&nbsp;<\/p>\n\n\n\n<p>l&#8217;AUC is very much involved in the process of transforming existing buildings, particularly those of modern heritage: l\u2019AUC has just delivered a project to transform two single-function office towers into a mixed-use program combining offices, housing, hotel and services open to the city, on behalf of Beffimo in Brussels&#8217; Gare du Nord district, and is currently working on the transformation of the Tour des Poissonniers in Paris.<\/p>\n\n\n\n<p><strong>Mike Fritsch<\/strong> is a Luxembourgish architect, curator, and educator. Mike oscillates, as a practicing architect, between large-scale transformation strategies and architectural repairs, both as an independent and in collaboration with l\u2019AUC.&nbsp;<\/p>\n\n\n\n<p>In parallel, Mike is teaching at ENSA-Marseille, where he manipulates new territorial narratives on adaptations and social interactions of the \u201calready there\u201d. These subjects compose a wider corpus of research and projects focusing on the use of post-disciplinarity to grasp our entangled ecologies.<\/p>\n\n\n\n<p>Curator of this year\u2019s Luxembourg Pavilion at the 19<sup>th<\/sup> edition of La Biennale di Venezia, together with Alice Loumeau and Valentin Bansac, Mike proposes \u201cSonic Investigations\u201d, an invitation to shift focus and rather listen to new territorial mutations through sound, accompanied with works by sound artist Ludwig Berger and a book published by Spector Books and coedited with Peter Szendy called \u201cEcotones &#8211; Investigating Sounds and Territories\u201d.<\/p>\n\n\n\n<p>The event is part of the HouseEurope! campaign, aiming not only to introduce the initiative more broadly in Lithuania, but also to invite discussion about the future of European cities.<br>It is also part of the Circular Design European CiD innovation alliance, co-funded by the European Union.<\/p>\n\n\n\n<figure class=\"wp-block-gallery has-nested-images columns-default is-cropped wp-block-gallery-5 is-layout-flex wp-block-gallery-is-layout-flex\">\n\n\n\n\n<figure class=\"wp-block-image size-large\"><img loading=\"lazy\" decoding=\"async\" width=\"1060\" height=\"707\" data-id=\"29251\" src=\"https:\/\/archfondas.lt\/wp-content\/uploads\/2025\/05\/MO-20-of-111-1-1060x707.jpg\" alt=\"\" class=\"wp-image-29251\" srcset=\"https:\/\/archfondas.lt\/wp-content\/uploads\/2025\/05\/MO-20-of-111-1-1060x707.jpg 1060w, https:\/\/archfondas.lt\/wp-content\/uploads\/2025\/05\/MO-20-of-111-1-300x200.jpg 300w, https:\/\/archfondas.lt\/wp-content\/uploads\/2025\/05\/MO-20-of-111-1-768x512.jpg 768w, https:\/\/archfondas.lt\/wp-content\/uploads\/2025\/05\/MO-20-of-111-1-1536x1024.jpg 1536w, https:\/\/archfondas.lt\/wp-content\/uploads\/2025\/05\/MO-20-of-111-1-2048x1365.jpg 2048w\" sizes=\"auto, (max-width: 1060px) 100vw, 1060px\" \/><\/figure>\n\n\n\n\n\n<figure class=\"wp-block-image size-large\"><img loading=\"lazy\" decoding=\"async\" width=\"1060\" height=\"707\" data-id=\"29254\" src=\"https:\/\/archfondas.lt\/wp-content\/uploads\/2025\/05\/MO-29-of-111-1-1060x707.jpg\" alt=\"\" class=\"wp-image-29254\" srcset=\"https:\/\/archfondas.lt\/wp-content\/uploads\/2025\/05\/MO-29-of-111-1-1060x707.jpg 1060w, https:\/\/archfondas.lt\/wp-content\/uploads\/2025\/05\/MO-29-of-111-1-300x200.jpg 300w, https:\/\/archfondas.lt\/wp-content\/uploads\/2025\/05\/MO-29-of-111-1-768x512.jpg 768w, https:\/\/archfondas.lt\/wp-content\/uploads\/2025\/05\/MO-29-of-111-1-1536x1024.jpg 1536w, https:\/\/archfondas.lt\/wp-content\/uploads\/2025\/05\/MO-29-of-111-1-2048x1365.jpg 2048w\" sizes=\"auto, (max-width: 1060px) 100vw, 1060px\" \/><\/figure>\n\n\n\n<figure class=\"wp-block-image size-large\"><img loading=\"lazy\" decoding=\"async\" width=\"1060\" height=\"707\" data-id=\"29256\" src=\"https:\/\/archfondas.lt\/wp-content\/uploads\/2025\/05\/MO-35-of-111-1-1060x707.jpg\" alt=\"\" class=\"wp-image-29256\" srcset=\"https:\/\/archfondas.lt\/wp-content\/uploads\/2025\/05\/MO-35-of-111-1-1060x707.jpg 1060w, https:\/\/archfondas.lt\/wp-content\/uploads\/2025\/05\/MO-35-of-111-1-300x200.jpg 300w, https:\/\/archfondas.lt\/wp-content\/uploads\/2025\/05\/MO-35-of-111-1-768x512.jpg 768w, https:\/\/archfondas.lt\/wp-content\/uploads\/2025\/05\/MO-35-of-111-1-1536x1024.jpg 1536w, https:\/\/archfondas.lt\/wp-content\/uploads\/2025\/05\/MO-35-of-111-1-2048x1365.jpg 2048w\" sizes=\"auto, (max-width: 1060px) 100vw, 1060px\" \/><\/figure>\n\n\n\n<figure class=\"wp-block-image size-large\"><img loading=\"lazy\" decoding=\"async\" width=\"707\" height=\"1060\" data-id=\"29260\" src=\"https:\/\/archfondas.lt\/wp-content\/uploads\/2025\/05\/MO-37-of-111-1-707x1060.jpg\" alt=\"\" class=\"wp-image-29260\" srcset=\"https:\/\/archfondas.lt\/wp-content\/uploads\/2025\/05\/MO-37-of-111-1-707x1060.jpg 707w, https:\/\/archfondas.lt\/wp-content\/uploads\/2025\/05\/MO-37-of-111-1-200x300.jpg 200w, https:\/\/archfondas.lt\/wp-content\/uploads\/2025\/05\/MO-37-of-111-1-768x1152.jpg 768w, https:\/\/archfondas.lt\/wp-content\/uploads\/2025\/05\/MO-37-of-111-1-1024x1536.jpg 1024w, https:\/\/archfondas.lt\/wp-content\/uploads\/2025\/05\/MO-37-of-111-1-1365x2048.jpg 1365w, https:\/\/archfondas.lt\/wp-content\/uploads\/2025\/05\/MO-37-of-111-1-scaled.jpg 1707w\" sizes=\"auto, (max-width: 707px) 100vw, 707px\" \/><\/figure>\n\n\n\n\n\n\n\n\n\n\n\n\n\n\n\n\n\n\n\n\n\n\n\n\n\n\n<figcaption class=\"blocks-gallery-caption wp-element-caption\">Images by Giedrius Stonkus<\/figcaption><\/figure>\n","protected":false},"excerpt":{"rendered":"<p>Among architects, there is growing agreement: the most sustainable building is the one that doesn\u2019t need to be demolished. This idea is a core principle in the work of the Paris-based architecture and urbanism studio l\u2019AUC. One of its founders, Djamel Klouche, together with architect-curator Mike Fritsch, presented the transformation stories of two high-rise buildings [&hellip;]<\/p>\n","protected":false},"author":4,"featured_media":28646,"comment_status":"closed","ping_status":"open","sticky":false,"template":"","format":"standard","meta":{"_acf_changed":false,"footnotes":""},"categories":[56],"tags":[],"class_list":["post-28656","post","type-post","status-publish","format-standard","has-post-thumbnail","hentry","category-content-en"],"acf":[],"yoast_head":"<!-- This site is optimized with the Yoast SEO plugin v24.1 - https:\/\/yoast.com\/wordpress\/plugins\/seo\/ -->\n<title>Djamel Klouche and Mike Fritsch presentation \u201cHow to not demolish a building?\u201d &#8211; Architekt\u016bros fondas<\/title>\n<meta name=\"robots\" content=\"index, follow, max-snippet:-1, max-image-preview:large, max-video-preview:-1\" \/>\n<link rel=\"canonical\" href=\"https:\/\/archfondas.lt\/en\/djamel-klouche-and-mike-fritsch-presentation-how-to-not-demolish-a-building\/\" \/>\n<meta property=\"og:locale\" content=\"en_US\" \/>\n<meta property=\"og:type\" content=\"article\" \/>\n<meta property=\"og:title\" content=\"Djamel Klouche and Mike Fritsch presentation \u201cHow to not demolish a building?\u201d &#8211; Architekt\u016bros fondas\" \/>\n<meta property=\"og:description\" content=\"Among architects, there is growing agreement: the most sustainable building is the one that doesn\u2019t need to be demolished. This idea is a core principle in the work of the Paris-based architecture and urbanism studio l\u2019AUC. One of its founders, Djamel Klouche, together with architect-curator Mike Fritsch, presented the transformation stories of two high-rise buildings [&hellip;]\" \/>\n<meta property=\"og:url\" content=\"https:\/\/archfondas.lt\/en\/djamel-klouche-and-mike-fritsch-presentation-how-to-not-demolish-a-building\/\" \/>\n<meta property=\"og:site_name\" content=\"Architekt\u016bros fondas\" \/>\n<meta property=\"article:publisher\" content=\"https:\/\/www.facebook.com\/archfondas\" \/>\n<meta property=\"article:published_time\" content=\"2025-05-19T19:41:35+00:00\" \/>\n<meta property=\"article:modified_time\" content=\"2025-08-01T15:02:41+00:00\" \/>\n<meta property=\"og:image\" content=\"https:\/\/archfondas.lt\/wp-content\/uploads\/2025\/05\/AM-3-Web-31-32-848x1060.png\" \/>\n\t<meta property=\"og:image:width\" content=\"848\" \/>\n\t<meta property=\"og:image:height\" content=\"1060\" \/>\n\t<meta property=\"og:image:type\" content=\"image\/png\" \/>\n<meta name=\"author\" content=\"martynas\" \/>\n<meta name=\"twitter:card\" content=\"summary_large_image\" \/>\n<meta name=\"twitter:creator\" content=\"@archfondas\" \/>\n<meta name=\"twitter:site\" content=\"@archfondas\" \/>\n<meta name=\"twitter:label1\" content=\"Written by\" \/>\n\t<meta name=\"twitter:data1\" content=\"martynas\" \/>\n\t<meta name=\"twitter:label2\" content=\"Est. reading time\" \/>\n\t<meta name=\"twitter:data2\" content=\"10 minutes\" \/>\n<script type=\"application\/ld+json\" class=\"yoast-schema-graph\">{\"@context\":\"https:\/\/schema.org\",\"@graph\":[{\"@type\":\"Article\",\"@id\":\"https:\/\/archfondas.lt\/en\/djamel-klouche-and-mike-fritsch-presentation-how-to-not-demolish-a-building\/#article\",\"isPartOf\":{\"@id\":\"https:\/\/archfondas.lt\/en\/djamel-klouche-and-mike-fritsch-presentation-how-to-not-demolish-a-building\/\"},\"author\":{\"name\":\"martynas\",\"@id\":\"https:\/\/archfondas.lt\/#\/schema\/person\/c4ce0b4b64861e8e6ca7f1bdd4b55bc9\"},\"headline\":\"Djamel Klouche and Mike Fritsch presentation \u201cHow to not demolish a building?\u201d\",\"datePublished\":\"2025-05-19T19:41:35+00:00\",\"dateModified\":\"2025-08-01T15:02:41+00:00\",\"mainEntityOfPage\":{\"@id\":\"https:\/\/archfondas.lt\/en\/djamel-klouche-and-mike-fritsch-presentation-how-to-not-demolish-a-building\/\"},\"wordCount\":846,\"publisher\":{\"@id\":\"https:\/\/archfondas.lt\/#organization\"},\"image\":{\"@id\":\"https:\/\/archfondas.lt\/en\/djamel-klouche-and-mike-fritsch-presentation-how-to-not-demolish-a-building\/#primaryimage\"},\"thumbnailUrl\":\"https:\/\/archfondas.lt\/wp-content\/uploads\/2025\/05\/AM-3-Web-31-32.png\",\"articleSection\":[\"Turinys\"],\"inLanguage\":\"en-US\"},{\"@type\":\"WebPage\",\"@id\":\"https:\/\/archfondas.lt\/en\/djamel-klouche-and-mike-fritsch-presentation-how-to-not-demolish-a-building\/\",\"url\":\"https:\/\/archfondas.lt\/en\/djamel-klouche-and-mike-fritsch-presentation-how-to-not-demolish-a-building\/\",\"name\":\"Djamel Klouche and Mike Fritsch presentation \u201cHow to not demolish a building?\u201d &#8211; Architekt\u016bros fondas\",\"isPartOf\":{\"@id\":\"https:\/\/archfondas.lt\/#website\"},\"primaryImageOfPage\":{\"@id\":\"https:\/\/archfondas.lt\/en\/djamel-klouche-and-mike-fritsch-presentation-how-to-not-demolish-a-building\/#primaryimage\"},\"image\":{\"@id\":\"https:\/\/archfondas.lt\/en\/djamel-klouche-and-mike-fritsch-presentation-how-to-not-demolish-a-building\/#primaryimage\"},\"thumbnailUrl\":\"https:\/\/archfondas.lt\/wp-content\/uploads\/2025\/05\/AM-3-Web-31-32.png\",\"datePublished\":\"2025-05-19T19:41:35+00:00\",\"dateModified\":\"2025-08-01T15:02:41+00:00\",\"breadcrumb\":{\"@id\":\"https:\/\/archfondas.lt\/en\/djamel-klouche-and-mike-fritsch-presentation-how-to-not-demolish-a-building\/#breadcrumb\"},\"inLanguage\":\"en-US\",\"potentialAction\":[{\"@type\":\"ReadAction\",\"target\":[\"https:\/\/archfondas.lt\/en\/djamel-klouche-and-mike-fritsch-presentation-how-to-not-demolish-a-building\/\"]}]},{\"@type\":\"ImageObject\",\"inLanguage\":\"en-US\",\"@id\":\"https:\/\/archfondas.lt\/en\/djamel-klouche-and-mike-fritsch-presentation-how-to-not-demolish-a-building\/#primaryimage\",\"url\":\"https:\/\/archfondas.lt\/wp-content\/uploads\/2025\/05\/AM-3-Web-31-32.png\",\"contentUrl\":\"https:\/\/archfondas.lt\/wp-content\/uploads\/2025\/05\/AM-3-Web-31-32.png\",\"width\":2250,\"height\":2813},{\"@type\":\"BreadcrumbList\",\"@id\":\"https:\/\/archfondas.lt\/en\/djamel-klouche-and-mike-fritsch-presentation-how-to-not-demolish-a-building\/#breadcrumb\",\"itemListElement\":[{\"@type\":\"ListItem\",\"position\":1,\"name\":\"Home\",\"item\":\"https:\/\/archfondas.lt\/en\/\"},{\"@type\":\"ListItem\",\"position\":2,\"name\":\"Djamel Klouche and Mike Fritsch presentation \u201cHow to not demolish a building?\u201d\"}]},{\"@type\":\"WebSite\",\"@id\":\"https:\/\/archfondas.lt\/#website\",\"url\":\"https:\/\/archfondas.lt\/\",\"name\":\"Architekt\u016bros fondas\",\"description\":\"Mes esame nevyriausybin\u0117, pelno nesiekianti organizacija kurianti bei puosel\u0117janti architekt\u016bros kult\u016br\u0105.\",\"publisher\":{\"@id\":\"https:\/\/archfondas.lt\/#organization\"},\"potentialAction\":[{\"@type\":\"SearchAction\",\"target\":{\"@type\":\"EntryPoint\",\"urlTemplate\":\"https:\/\/archfondas.lt\/?s={search_term_string}\"},\"query-input\":{\"@type\":\"PropertyValueSpecification\",\"valueRequired\":true,\"valueName\":\"search_term_string\"}}],\"inLanguage\":\"en-US\"},{\"@type\":\"Organization\",\"@id\":\"https:\/\/archfondas.lt\/#organization\",\"name\":\"Architekt\u016bros fondas\",\"url\":\"https:\/\/archfondas.lt\/\",\"logo\":{\"@type\":\"ImageObject\",\"inLanguage\":\"en-US\",\"@id\":\"https:\/\/archfondas.lt\/#\/schema\/logo\/image\/\",\"url\":\"https:\/\/archfondas.lt\/wp-content\/uploads\/2023\/04\/archfondas-logo.svg\",\"contentUrl\":\"https:\/\/archfondas.lt\/wp-content\/uploads\/2023\/04\/archfondas-logo.svg\",\"width\":483,\"height\":124,\"caption\":\"Architekt\u016bros fondas\"},\"image\":{\"@id\":\"https:\/\/archfondas.lt\/#\/schema\/logo\/image\/\"},\"sameAs\":[\"https:\/\/www.facebook.com\/archfondas\",\"https:\/\/x.com\/archfondas\"]},{\"@type\":\"Person\",\"@id\":\"https:\/\/archfondas.lt\/#\/schema\/person\/c4ce0b4b64861e8e6ca7f1bdd4b55bc9\",\"name\":\"martynas\",\"image\":{\"@type\":\"ImageObject\",\"inLanguage\":\"en-US\",\"@id\":\"https:\/\/archfondas.lt\/#\/schema\/person\/image\/\",\"url\":\"https:\/\/secure.gravatar.com\/avatar\/7e01b2ced06f35056d4e538494ad7da3?s=96&d=mm&r=g\",\"contentUrl\":\"https:\/\/secure.gravatar.com\/avatar\/7e01b2ced06f35056d4e538494ad7da3?s=96&d=mm&r=g\",\"caption\":\"martynas\"},\"url\":\"https:\/\/archfondas.lt\/en\/author\/martynas\/\"}]}<\/script>\n<!-- \/ Yoast SEO plugin. -->","yoast_head_json":{"title":"Djamel Klouche and Mike Fritsch presentation \u201cHow to not demolish a building?\u201d &#8211; Architekt\u016bros fondas","robots":{"index":"index","follow":"follow","max-snippet":"max-snippet:-1","max-image-preview":"max-image-preview:large","max-video-preview":"max-video-preview:-1"},"canonical":"https:\/\/archfondas.lt\/en\/djamel-klouche-and-mike-fritsch-presentation-how-to-not-demolish-a-building\/","og_locale":"en_US","og_type":"article","og_title":"Djamel Klouche and Mike Fritsch presentation \u201cHow to not demolish a building?\u201d &#8211; Architekt\u016bros fondas","og_description":"Among architects, there is growing agreement: the most sustainable building is the one that doesn\u2019t need to be demolished. This idea is a core principle in the work of the Paris-based architecture and urbanism studio l\u2019AUC. One of its founders, Djamel Klouche, together with architect-curator Mike Fritsch, presented the transformation stories of two high-rise buildings [&hellip;]","og_url":"https:\/\/archfondas.lt\/en\/djamel-klouche-and-mike-fritsch-presentation-how-to-not-demolish-a-building\/","og_site_name":"Architekt\u016bros fondas","article_publisher":"https:\/\/www.facebook.com\/archfondas","article_published_time":"2025-05-19T19:41:35+00:00","article_modified_time":"2025-08-01T15:02:41+00:00","og_image":[{"width":848,"height":1060,"url":"https:\/\/archfondas.lt\/wp-content\/uploads\/2025\/05\/AM-3-Web-31-32-848x1060.png","type":"image\/png"}],"author":"martynas","twitter_card":"summary_large_image","twitter_creator":"@archfondas","twitter_site":"@archfondas","twitter_misc":{"Written by":"martynas","Est. reading time":"10 minutes"},"schema":{"@context":"https:\/\/schema.org","@graph":[{"@type":"Article","@id":"https:\/\/archfondas.lt\/en\/djamel-klouche-and-mike-fritsch-presentation-how-to-not-demolish-a-building\/#article","isPartOf":{"@id":"https:\/\/archfondas.lt\/en\/djamel-klouche-and-mike-fritsch-presentation-how-to-not-demolish-a-building\/"},"author":{"name":"martynas","@id":"https:\/\/archfondas.lt\/#\/schema\/person\/c4ce0b4b64861e8e6ca7f1bdd4b55bc9"},"headline":"Djamel Klouche and Mike Fritsch presentation \u201cHow to not demolish a building?\u201d","datePublished":"2025-05-19T19:41:35+00:00","dateModified":"2025-08-01T15:02:41+00:00","mainEntityOfPage":{"@id":"https:\/\/archfondas.lt\/en\/djamel-klouche-and-mike-fritsch-presentation-how-to-not-demolish-a-building\/"},"wordCount":846,"publisher":{"@id":"https:\/\/archfondas.lt\/#organization"},"image":{"@id":"https:\/\/archfondas.lt\/en\/djamel-klouche-and-mike-fritsch-presentation-how-to-not-demolish-a-building\/#primaryimage"},"thumbnailUrl":"https:\/\/archfondas.lt\/wp-content\/uploads\/2025\/05\/AM-3-Web-31-32.png","articleSection":["Turinys"],"inLanguage":"en-US"},{"@type":"WebPage","@id":"https:\/\/archfondas.lt\/en\/djamel-klouche-and-mike-fritsch-presentation-how-to-not-demolish-a-building\/","url":"https:\/\/archfondas.lt\/en\/djamel-klouche-and-mike-fritsch-presentation-how-to-not-demolish-a-building\/","name":"Djamel Klouche and Mike Fritsch presentation \u201cHow to not demolish a building?\u201d &#8211; Architekt\u016bros fondas","isPartOf":{"@id":"https:\/\/archfondas.lt\/#website"},"primaryImageOfPage":{"@id":"https:\/\/archfondas.lt\/en\/djamel-klouche-and-mike-fritsch-presentation-how-to-not-demolish-a-building\/#primaryimage"},"image":{"@id":"https:\/\/archfondas.lt\/en\/djamel-klouche-and-mike-fritsch-presentation-how-to-not-demolish-a-building\/#primaryimage"},"thumbnailUrl":"https:\/\/archfondas.lt\/wp-content\/uploads\/2025\/05\/AM-3-Web-31-32.png","datePublished":"2025-05-19T19:41:35+00:00","dateModified":"2025-08-01T15:02:41+00:00","breadcrumb":{"@id":"https:\/\/archfondas.lt\/en\/djamel-klouche-and-mike-fritsch-presentation-how-to-not-demolish-a-building\/#breadcrumb"},"inLanguage":"en-US","potentialAction":[{"@type":"ReadAction","target":["https:\/\/archfondas.lt\/en\/djamel-klouche-and-mike-fritsch-presentation-how-to-not-demolish-a-building\/"]}]},{"@type":"ImageObject","inLanguage":"en-US","@id":"https:\/\/archfondas.lt\/en\/djamel-klouche-and-mike-fritsch-presentation-how-to-not-demolish-a-building\/#primaryimage","url":"https:\/\/archfondas.lt\/wp-content\/uploads\/2025\/05\/AM-3-Web-31-32.png","contentUrl":"https:\/\/archfondas.lt\/wp-content\/uploads\/2025\/05\/AM-3-Web-31-32.png","width":2250,"height":2813},{"@type":"BreadcrumbList","@id":"https:\/\/archfondas.lt\/en\/djamel-klouche-and-mike-fritsch-presentation-how-to-not-demolish-a-building\/#breadcrumb","itemListElement":[{"@type":"ListItem","position":1,"name":"Home","item":"https:\/\/archfondas.lt\/en\/"},{"@type":"ListItem","position":2,"name":"Djamel Klouche and Mike Fritsch presentation \u201cHow to not demolish a building?\u201d"}]},{"@type":"WebSite","@id":"https:\/\/archfondas.lt\/#website","url":"https:\/\/archfondas.lt\/","name":"Architekt\u016bros fondas","description":"Mes esame nevyriausybin\u0117, pelno nesiekianti organizacija kurianti bei puosel\u0117janti architekt\u016bros kult\u016br\u0105.","publisher":{"@id":"https:\/\/archfondas.lt\/#organization"},"potentialAction":[{"@type":"SearchAction","target":{"@type":"EntryPoint","urlTemplate":"https:\/\/archfondas.lt\/?s={search_term_string}"},"query-input":{"@type":"PropertyValueSpecification","valueRequired":true,"valueName":"search_term_string"}}],"inLanguage":"en-US"},{"@type":"Organization","@id":"https:\/\/archfondas.lt\/#organization","name":"Architekt\u016bros fondas","url":"https:\/\/archfondas.lt\/","logo":{"@type":"ImageObject","inLanguage":"en-US","@id":"https:\/\/archfondas.lt\/#\/schema\/logo\/image\/","url":"https:\/\/archfondas.lt\/wp-content\/uploads\/2023\/04\/archfondas-logo.svg","contentUrl":"https:\/\/archfondas.lt\/wp-content\/uploads\/2023\/04\/archfondas-logo.svg","width":483,"height":124,"caption":"Architekt\u016bros fondas"},"image":{"@id":"https:\/\/archfondas.lt\/#\/schema\/logo\/image\/"},"sameAs":["https:\/\/www.facebook.com\/archfondas","https:\/\/x.com\/archfondas"]},{"@type":"Person","@id":"https:\/\/archfondas.lt\/#\/schema\/person\/c4ce0b4b64861e8e6ca7f1bdd4b55bc9","name":"martynas","image":{"@type":"ImageObject","inLanguage":"en-US","@id":"https:\/\/archfondas.lt\/#\/schema\/person\/image\/","url":"https:\/\/secure.gravatar.com\/avatar\/7e01b2ced06f35056d4e538494ad7da3?s=96&d=mm&r=g","contentUrl":"https:\/\/secure.gravatar.com\/avatar\/7e01b2ced06f35056d4e538494ad7da3?s=96&d=mm&r=g","caption":"martynas"},"url":"https:\/\/archfondas.lt\/en\/author\/martynas\/"}]}},"_links":{"self":[{"href":"https:\/\/archfondas.lt\/en\/wp-json\/wp\/v2\/posts\/28656","targetHints":{"allow":["GET"]}}],"collection":[{"href":"https:\/\/archfondas.lt\/en\/wp-json\/wp\/v2\/posts"}],"about":[{"href":"https:\/\/archfondas.lt\/en\/wp-json\/wp\/v2\/types\/post"}],"author":[{"embeddable":true,"href":"https:\/\/archfondas.lt\/en\/wp-json\/wp\/v2\/users\/4"}],"replies":[{"embeddable":true,"href":"https:\/\/archfondas.lt\/en\/wp-json\/wp\/v2\/comments?post=28656"}],"version-history":[{"count":4,"href":"https:\/\/archfondas.lt\/en\/wp-json\/wp\/v2\/posts\/28656\/revisions"}],"predecessor-version":[{"id":29262,"href":"https:\/\/archfondas.lt\/en\/wp-json\/wp\/v2\/posts\/28656\/revisions\/29262"}],"wp:featuredmedia":[{"embeddable":true,"href":"https:\/\/archfondas.lt\/en\/wp-json\/wp\/v2\/media\/28646"}],"wp:attachment":[{"href":"https:\/\/archfondas.lt\/en\/wp-json\/wp\/v2\/media?parent=28656"}],"wp:term":[{"taxonomy":"category","embeddable":true,"href":"https:\/\/archfondas.lt\/en\/wp-json\/wp\/v2\/categories?post=28656"},{"taxonomy":"post_tag","embeddable":true,"href":"https:\/\/archfondas.lt\/en\/wp-json\/wp\/v2\/tags?post=28656"}],"curies":[{"name":"wp","href":"https:\/\/api.w.org\/{rel}","templated":true}]}}