{"id":28744,"date":"2025-06-02T10:37:39","date_gmt":"2025-06-02T07:37:39","guid":{"rendered":"https:\/\/archfondas.lt\/lina-stipendininku-learning-with-the-ghosts-ir-gel-office-rezidencija-vilniuje\/"},"modified":"2025-06-02T10:58:21","modified_gmt":"2025-06-02T07:58:21","slug":"lina-stipendininku-learning-with-the-ghosts-ir-gel-office-rezidencija-vilniuje","status":"publish","type":"post","link":"https:\/\/archfondas.lt\/en\/lina-stipendininku-learning-with-the-ghosts-ir-gel-office-rezidencija-vilniuje\/","title":{"rendered":"In June \u2013 LINA Fellows&#8217; Residency in Vilnius"},"content":{"rendered":"\n<p>This month, LINA fellows will be in residence in Vilnius, carrying out artistic research: Lucille Leger and Jacques-Marie Ligot from \u2018Learning with the Ghosts\u2019, and Di\u0101na Mik\u0101ne and Paula Veidenbauma from \u2018gel office\u2019.<\/p>\n\n\n\n<p>This week \u2013 on 5 June \u2013 during the \u201cOPEN SODAS\u201d event, we invite you to meet the residents and discover their previous work in the Architekt\u016bros fondas space. The residency is organised in collaboration with SODAS 2123 and the French Institute in Lithuania.<\/p>\n\n\n\n<p>During the month-long residency curated by Martynas Germanavi\u010dius, the artists will explore different temporal regimes and their impact on the development of urban spaces. They will host open creative workshops, a public screening of video works, and develop ideas for a site-specific piece to be presented next year as part of Architekt\u016bros fondas&#8217; public programme.<\/p>\n\n\n\n<figure class=\"wp-block-gallery has-nested-images columns-default is-cropped wp-block-gallery-1 is-layout-flex wp-block-gallery-is-layout-flex\">\n<figure class=\"wp-block-image size-large\"><img decoding=\"async\" data-id=\"28730\" src=\"https:\/\/archfondas.lt\/wp-content\/uploads\/2025\/06\/RETOUCHE-30062020-3.jpg\" alt=\"\" class=\"wp-image-28730\" \/><\/figure>\n\n\n\n<figure class=\"wp-block-image size-large\"><img loading=\"lazy\" decoding=\"async\" width=\"1060\" height=\"707\" data-id=\"28720\" src=\"https:\/\/archfondas.lt\/wp-content\/uploads\/2025\/06\/RPL-2070-1060x707.jpg\" alt=\"\" class=\"wp-image-28720\" srcset=\"https:\/\/archfondas.lt\/wp-content\/uploads\/2025\/06\/RPL-2070-1060x707.jpg 1060w, https:\/\/archfondas.lt\/wp-content\/uploads\/2025\/06\/RPL-2070-300x200.jpg 300w, https:\/\/archfondas.lt\/wp-content\/uploads\/2025\/06\/RPL-2070-768x512.jpg 768w, https:\/\/archfondas.lt\/wp-content\/uploads\/2025\/06\/RPL-2070-1536x1024.jpg 1536w, https:\/\/archfondas.lt\/wp-content\/uploads\/2025\/06\/RPL-2070-2048x1365.jpg 2048w\" sizes=\"auto, (max-width: 1060px) 100vw, 1060px\" \/><\/figure>\n\n\n\n<figure class=\"wp-block-image size-large\"><img loading=\"lazy\" decoding=\"async\" width=\"1060\" height=\"705\" data-id=\"28718\" src=\"https:\/\/archfondas.lt\/wp-content\/uploads\/2025\/06\/1-photo-by-gel-office-1060x705.jpg\" alt=\"\" class=\"wp-image-28718\" srcset=\"https:\/\/archfondas.lt\/wp-content\/uploads\/2025\/06\/1-photo-by-gel-office-1060x705.jpg 1060w, https:\/\/archfondas.lt\/wp-content\/uploads\/2025\/06\/1-photo-by-gel-office-300x199.jpg 300w, https:\/\/archfondas.lt\/wp-content\/uploads\/2025\/06\/1-photo-by-gel-office-768x511.jpg 768w, https:\/\/archfondas.lt\/wp-content\/uploads\/2025\/06\/1-photo-by-gel-office-1536x1021.jpg 1536w, https:\/\/archfondas.lt\/wp-content\/uploads\/2025\/06\/1-photo-by-gel-office-2048x1362.jpg 2048w\" sizes=\"auto, (max-width: 1060px) 100vw, 1060px\" \/><\/figure>\n\n\n\n<figure class=\"wp-block-image size-large\"><img loading=\"lazy\" decoding=\"async\" width=\"1060\" height=\"707\" data-id=\"28726\" src=\"https:\/\/archfondas.lt\/wp-content\/uploads\/2025\/06\/2-photo-by-Gustavs-Grasis-1-1060x707.jpg\" alt=\"\" class=\"wp-image-28726\" srcset=\"https:\/\/archfondas.lt\/wp-content\/uploads\/2025\/06\/2-photo-by-Gustavs-Grasis-1-1060x707.jpg 1060w, https:\/\/archfondas.lt\/wp-content\/uploads\/2025\/06\/2-photo-by-Gustavs-Grasis-1-300x200.jpg 300w, https:\/\/archfondas.lt\/wp-content\/uploads\/2025\/06\/2-photo-by-Gustavs-Grasis-1-768x512.jpg 768w, https:\/\/archfondas.lt\/wp-content\/uploads\/2025\/06\/2-photo-by-Gustavs-Grasis-1-1536x1024.jpg 1536w, https:\/\/archfondas.lt\/wp-content\/uploads\/2025\/06\/2-photo-by-Gustavs-Grasis-1-2048x1365.jpg 2048w\" sizes=\"auto, (max-width: 1060px) 100vw, 1060px\" \/><\/figure>\n<\/figure>\n\n\n\n<p><strong>Lucille Leger<\/strong> is an artist and curator whose work explores the relationships between domestic space, organic matter, and material infrastructures. In her hybrid sculptures\u2014combining everyday objects with plant, animal, and human forms\u2014she investigates how materials shape perception and affect. She is the co-founder of the art space <em>\u2018Domestic Cults\u2019<\/em> and a member of the collective <em>\u2018Groupe Liaison Concr\u00e8te\u2019<\/em>, which examines the politics of shared knowledge and art spaces.<\/p>\n\n\n\n<p><strong>Jacques-Marie Ligot<\/strong> is an architect and artist working across installation, performance, and publishing. Collaborating with dancers, collectives, and operating in rural contexts\u2014such as the Aubrac Natural Park and Finist\u00e8re\u2014he explores the politics of attention, affective space, and embodied knowledge. He is a guest lecturer at ENSA Saint-\u00c9tienne, curates the <em>\u2018Rencontres\u2019<\/em> programme at <em>Formalocal<\/em> in Paris, and will organise a series of conferences at ENSA Marne-la-Vall\u00e9e in 2024\u20132025.<\/p>\n\n\n\n<p><strong>Paula Veidenbauma<\/strong> is a Vienna-based artist working across visual arts, architecture, and performance. Her practice explores the politics of real estate, speculative urbanism, the limits of flexibility, and project(ed) dramaturgies.<\/p>\n\n\n\n<p><strong>Di\u0101na Mik\u0101ne<\/strong> is an artist and curator whose practice is shaped by research-based and collaborative approaches. Moving across writing, project-making, and performance, she focuses on the politics of waiting, situated spatial practices, and parafiction.<\/p>\n","protected":false},"excerpt":{"rendered":"<p>This month, LINA fellows will be in residence in Vilnius, carrying out artistic research: Lucille Leger and Jacques-Marie Ligot from \u2018Learning with the Ghosts\u2019, and Di\u0101na Mik\u0101ne and Paula Veidenbauma from \u2018gel office\u2019. This week \u2013 on 5 June \u2013 during the \u201cOPEN SODAS\u201d event, we invite you to meet the residents and discover their [&hellip;]<\/p>\n","protected":false},"author":4,"featured_media":28715,"comment_status":"closed","ping_status":"open","sticky":false,"template":"","format":"standard","meta":{"_acf_changed":false,"footnotes":""},"categories":[5],"tags":[],"class_list":["post-28744","post","type-post","status-publish","format-standard","has-post-thumbnail","hentry","category-message-en"],"acf":[],"yoast_head":"<!-- This site is optimized with the Yoast SEO plugin v24.1 - https:\/\/yoast.com\/wordpress\/plugins\/seo\/ -->\n<title>In June \u2013 LINA Fellows&#039; Residency in Vilnius &#8211; Architekt\u016bros fondas<\/title>\n<meta name=\"robots\" content=\"index, follow, max-snippet:-1, max-image-preview:large, max-video-preview:-1\" \/>\n<link rel=\"canonical\" href=\"https:\/\/archfondas.lt\/en\/lina-stipendininku-learning-with-the-ghosts-ir-gel-office-rezidencija-vilniuje\/\" \/>\n<meta property=\"og:locale\" content=\"en_US\" \/>\n<meta property=\"og:type\" content=\"article\" \/>\n<meta property=\"og:title\" content=\"In June \u2013 LINA Fellows&#039; Residency in Vilnius &#8211; Architekt\u016bros fondas\" \/>\n<meta property=\"og:description\" content=\"This month, LINA fellows will be in residence in Vilnius, carrying out artistic research: Lucille Leger and Jacques-Marie Ligot from \u2018Learning with the Ghosts\u2019, and Di\u0101na Mik\u0101ne and Paula Veidenbauma from \u2018gel office\u2019. This week \u2013 on 5 June \u2013 during the \u201cOPEN SODAS\u201d event, we invite you to meet the residents and discover their [&hellip;]\" \/>\n<meta property=\"og:url\" content=\"https:\/\/archfondas.lt\/en\/lina-stipendininku-learning-with-the-ghosts-ir-gel-office-rezidencija-vilniuje\/\" \/>\n<meta property=\"og:site_name\" content=\"Architekt\u016bros fondas\" \/>\n<meta property=\"article:publisher\" content=\"https:\/\/www.facebook.com\/archfondas\" \/>\n<meta property=\"article:published_time\" content=\"2025-06-02T07:37:39+00:00\" \/>\n<meta property=\"article:modified_time\" content=\"2025-06-02T07:58:21+00:00\" \/>\n<meta property=\"og:image\" content=\"https:\/\/archfondas.lt\/wp-content\/uploads\/2025\/06\/LINA-residency-Vilnius-scaled.jpg\" \/>\n\t<meta property=\"og:image:width\" content=\"2560\" \/>\n\t<meta property=\"og:image:height\" content=\"1700\" \/>\n\t<meta property=\"og:image:type\" content=\"image\/jpeg\" \/>\n<meta name=\"author\" content=\"martynas\" \/>\n<meta name=\"twitter:card\" content=\"summary_large_image\" \/>\n<meta name=\"twitter:creator\" content=\"@archfondas\" \/>\n<meta name=\"twitter:site\" content=\"@archfondas\" \/>\n<meta name=\"twitter:label1\" content=\"Written by\" \/>\n\t<meta name=\"twitter:data1\" content=\"martynas\" \/>\n\t<meta name=\"twitter:label2\" content=\"Est. reading time\" \/>\n\t<meta name=\"twitter:data2\" content=\"3 minutes\" \/>\n<script type=\"application\/ld+json\" class=\"yoast-schema-graph\">{\"@context\":\"https:\/\/schema.org\",\"@graph\":[{\"@type\":\"Article\",\"@id\":\"https:\/\/archfondas.lt\/en\/lina-stipendininku-learning-with-the-ghosts-ir-gel-office-rezidencija-vilniuje\/#article\",\"isPartOf\":{\"@id\":\"https:\/\/archfondas.lt\/en\/lina-stipendininku-learning-with-the-ghosts-ir-gel-office-rezidencija-vilniuje\/\"},\"author\":{\"name\":\"martynas\",\"@id\":\"https:\/\/archfondas.lt\/#\/schema\/person\/c4ce0b4b64861e8e6ca7f1bdd4b55bc9\"},\"headline\":\"In June \u2013 LINA Fellows&#8217; Residency in Vilnius\",\"datePublished\":\"2025-06-02T07:37:39+00:00\",\"dateModified\":\"2025-06-02T07:58:21+00:00\",\"mainEntityOfPage\":{\"@id\":\"https:\/\/archfondas.lt\/en\/lina-stipendininku-learning-with-the-ghosts-ir-gel-office-rezidencija-vilniuje\/\"},\"wordCount\":349,\"publisher\":{\"@id\":\"https:\/\/archfondas.lt\/#organization\"},\"image\":{\"@id\":\"https:\/\/archfondas.lt\/en\/lina-stipendininku-learning-with-the-ghosts-ir-gel-office-rezidencija-vilniuje\/#primaryimage\"},\"thumbnailUrl\":\"https:\/\/archfondas.lt\/wp-content\/uploads\/2025\/06\/LINA-residency-Vilnius-scaled.jpg\",\"articleSection\":[\"Pranesimas\"],\"inLanguage\":\"en-US\"},{\"@type\":\"WebPage\",\"@id\":\"https:\/\/archfondas.lt\/en\/lina-stipendininku-learning-with-the-ghosts-ir-gel-office-rezidencija-vilniuje\/\",\"url\":\"https:\/\/archfondas.lt\/en\/lina-stipendininku-learning-with-the-ghosts-ir-gel-office-rezidencija-vilniuje\/\",\"name\":\"In June \u2013 LINA Fellows' Residency in Vilnius &#8211; Architekt\u016bros fondas\",\"isPartOf\":{\"@id\":\"https:\/\/archfondas.lt\/#website\"},\"primaryImageOfPage\":{\"@id\":\"https:\/\/archfondas.lt\/en\/lina-stipendininku-learning-with-the-ghosts-ir-gel-office-rezidencija-vilniuje\/#primaryimage\"},\"image\":{\"@id\":\"https:\/\/archfondas.lt\/en\/lina-stipendininku-learning-with-the-ghosts-ir-gel-office-rezidencija-vilniuje\/#primaryimage\"},\"thumbnailUrl\":\"https:\/\/archfondas.lt\/wp-content\/uploads\/2025\/06\/LINA-residency-Vilnius-scaled.jpg\",\"datePublished\":\"2025-06-02T07:37:39+00:00\",\"dateModified\":\"2025-06-02T07:58:21+00:00\",\"breadcrumb\":{\"@id\":\"https:\/\/archfondas.lt\/en\/lina-stipendininku-learning-with-the-ghosts-ir-gel-office-rezidencija-vilniuje\/#breadcrumb\"},\"inLanguage\":\"en-US\",\"potentialAction\":[{\"@type\":\"ReadAction\",\"target\":[\"https:\/\/archfondas.lt\/en\/lina-stipendininku-learning-with-the-ghosts-ir-gel-office-rezidencija-vilniuje\/\"]}]},{\"@type\":\"ImageObject\",\"inLanguage\":\"en-US\",\"@id\":\"https:\/\/archfondas.lt\/en\/lina-stipendininku-learning-with-the-ghosts-ir-gel-office-rezidencija-vilniuje\/#primaryimage\",\"url\":\"https:\/\/archfondas.lt\/wp-content\/uploads\/2025\/06\/LINA-residency-Vilnius-scaled.jpg\",\"contentUrl\":\"https:\/\/archfondas.lt\/wp-content\/uploads\/2025\/06\/LINA-residency-Vilnius-scaled.jpg\",\"width\":2560,\"height\":1700},{\"@type\":\"BreadcrumbList\",\"@id\":\"https:\/\/archfondas.lt\/en\/lina-stipendininku-learning-with-the-ghosts-ir-gel-office-rezidencija-vilniuje\/#breadcrumb\",\"itemListElement\":[{\"@type\":\"ListItem\",\"position\":1,\"name\":\"Home\",\"item\":\"https:\/\/archfondas.lt\/en\/\"},{\"@type\":\"ListItem\",\"position\":2,\"name\":\"In June \u2013 LINA Fellows&#8217; Residency in Vilnius\"}]},{\"@type\":\"WebSite\",\"@id\":\"https:\/\/archfondas.lt\/#website\",\"url\":\"https:\/\/archfondas.lt\/\",\"name\":\"Architekt\u016bros fondas\",\"description\":\"Mes esame nevyriausybin\u0117, pelno nesiekianti organizacija kurianti bei puosel\u0117janti architekt\u016bros kult\u016br\u0105.\",\"publisher\":{\"@id\":\"https:\/\/archfondas.lt\/#organization\"},\"potentialAction\":[{\"@type\":\"SearchAction\",\"target\":{\"@type\":\"EntryPoint\",\"urlTemplate\":\"https:\/\/archfondas.lt\/?s={search_term_string}\"},\"query-input\":{\"@type\":\"PropertyValueSpecification\",\"valueRequired\":true,\"valueName\":\"search_term_string\"}}],\"inLanguage\":\"en-US\"},{\"@type\":\"Organization\",\"@id\":\"https:\/\/archfondas.lt\/#organization\",\"name\":\"Architekt\u016bros fondas\",\"url\":\"https:\/\/archfondas.lt\/\",\"logo\":{\"@type\":\"ImageObject\",\"inLanguage\":\"en-US\",\"@id\":\"https:\/\/archfondas.lt\/#\/schema\/logo\/image\/\",\"url\":\"https:\/\/archfondas.lt\/wp-content\/uploads\/2023\/04\/archfondas-logo.svg\",\"contentUrl\":\"https:\/\/archfondas.lt\/wp-content\/uploads\/2023\/04\/archfondas-logo.svg\",\"width\":483,\"height\":124,\"caption\":\"Architekt\u016bros fondas\"},\"image\":{\"@id\":\"https:\/\/archfondas.lt\/#\/schema\/logo\/image\/\"},\"sameAs\":[\"https:\/\/www.facebook.com\/archfondas\",\"https:\/\/x.com\/archfondas\"]},{\"@type\":\"Person\",\"@id\":\"https:\/\/archfondas.lt\/#\/schema\/person\/c4ce0b4b64861e8e6ca7f1bdd4b55bc9\",\"name\":\"martynas\",\"image\":{\"@type\":\"ImageObject\",\"inLanguage\":\"en-US\",\"@id\":\"https:\/\/archfondas.lt\/#\/schema\/person\/image\/\",\"url\":\"https:\/\/secure.gravatar.com\/avatar\/7e01b2ced06f35056d4e538494ad7da3?s=96&d=mm&r=g\",\"contentUrl\":\"https:\/\/secure.gravatar.com\/avatar\/7e01b2ced06f35056d4e538494ad7da3?s=96&d=mm&r=g\",\"caption\":\"martynas\"},\"url\":\"https:\/\/archfondas.lt\/en\/author\/martynas\/\"}]}<\/script>\n<!-- \/ Yoast SEO plugin. -->","yoast_head_json":{"title":"In June \u2013 LINA Fellows' Residency in Vilnius &#8211; Architekt\u016bros fondas","robots":{"index":"index","follow":"follow","max-snippet":"max-snippet:-1","max-image-preview":"max-image-preview:large","max-video-preview":"max-video-preview:-1"},"canonical":"https:\/\/archfondas.lt\/en\/lina-stipendininku-learning-with-the-ghosts-ir-gel-office-rezidencija-vilniuje\/","og_locale":"en_US","og_type":"article","og_title":"In June \u2013 LINA Fellows' Residency in Vilnius &#8211; Architekt\u016bros fondas","og_description":"This month, LINA fellows will be in residence in Vilnius, carrying out artistic research: Lucille Leger and Jacques-Marie Ligot from \u2018Learning with the Ghosts\u2019, and Di\u0101na Mik\u0101ne and Paula Veidenbauma from \u2018gel office\u2019. This week \u2013 on 5 June \u2013 during the \u201cOPEN SODAS\u201d event, we invite you to meet the residents and discover their [&hellip;]","og_url":"https:\/\/archfondas.lt\/en\/lina-stipendininku-learning-with-the-ghosts-ir-gel-office-rezidencija-vilniuje\/","og_site_name":"Architekt\u016bros fondas","article_publisher":"https:\/\/www.facebook.com\/archfondas","article_published_time":"2025-06-02T07:37:39+00:00","article_modified_time":"2025-06-02T07:58:21+00:00","og_image":[{"width":2560,"height":1700,"url":"https:\/\/archfondas.lt\/wp-content\/uploads\/2025\/06\/LINA-residency-Vilnius-scaled.jpg","type":"image\/jpeg"}],"author":"martynas","twitter_card":"summary_large_image","twitter_creator":"@archfondas","twitter_site":"@archfondas","twitter_misc":{"Written by":"martynas","Est. reading time":"3 minutes"},"schema":{"@context":"https:\/\/schema.org","@graph":[{"@type":"Article","@id":"https:\/\/archfondas.lt\/en\/lina-stipendininku-learning-with-the-ghosts-ir-gel-office-rezidencija-vilniuje\/#article","isPartOf":{"@id":"https:\/\/archfondas.lt\/en\/lina-stipendininku-learning-with-the-ghosts-ir-gel-office-rezidencija-vilniuje\/"},"author":{"name":"martynas","@id":"https:\/\/archfondas.lt\/#\/schema\/person\/c4ce0b4b64861e8e6ca7f1bdd4b55bc9"},"headline":"In June \u2013 LINA Fellows&#8217; Residency in Vilnius","datePublished":"2025-06-02T07:37:39+00:00","dateModified":"2025-06-02T07:58:21+00:00","mainEntityOfPage":{"@id":"https:\/\/archfondas.lt\/en\/lina-stipendininku-learning-with-the-ghosts-ir-gel-office-rezidencija-vilniuje\/"},"wordCount":349,"publisher":{"@id":"https:\/\/archfondas.lt\/#organization"},"image":{"@id":"https:\/\/archfondas.lt\/en\/lina-stipendininku-learning-with-the-ghosts-ir-gel-office-rezidencija-vilniuje\/#primaryimage"},"thumbnailUrl":"https:\/\/archfondas.lt\/wp-content\/uploads\/2025\/06\/LINA-residency-Vilnius-scaled.jpg","articleSection":["Pranesimas"],"inLanguage":"en-US"},{"@type":"WebPage","@id":"https:\/\/archfondas.lt\/en\/lina-stipendininku-learning-with-the-ghosts-ir-gel-office-rezidencija-vilniuje\/","url":"https:\/\/archfondas.lt\/en\/lina-stipendininku-learning-with-the-ghosts-ir-gel-office-rezidencija-vilniuje\/","name":"In June \u2013 LINA Fellows' Residency in Vilnius &#8211; Architekt\u016bros fondas","isPartOf":{"@id":"https:\/\/archfondas.lt\/#website"},"primaryImageOfPage":{"@id":"https:\/\/archfondas.lt\/en\/lina-stipendininku-learning-with-the-ghosts-ir-gel-office-rezidencija-vilniuje\/#primaryimage"},"image":{"@id":"https:\/\/archfondas.lt\/en\/lina-stipendininku-learning-with-the-ghosts-ir-gel-office-rezidencija-vilniuje\/#primaryimage"},"thumbnailUrl":"https:\/\/archfondas.lt\/wp-content\/uploads\/2025\/06\/LINA-residency-Vilnius-scaled.jpg","datePublished":"2025-06-02T07:37:39+00:00","dateModified":"2025-06-02T07:58:21+00:00","breadcrumb":{"@id":"https:\/\/archfondas.lt\/en\/lina-stipendininku-learning-with-the-ghosts-ir-gel-office-rezidencija-vilniuje\/#breadcrumb"},"inLanguage":"en-US","potentialAction":[{"@type":"ReadAction","target":["https:\/\/archfondas.lt\/en\/lina-stipendininku-learning-with-the-ghosts-ir-gel-office-rezidencija-vilniuje\/"]}]},{"@type":"ImageObject","inLanguage":"en-US","@id":"https:\/\/archfondas.lt\/en\/lina-stipendininku-learning-with-the-ghosts-ir-gel-office-rezidencija-vilniuje\/#primaryimage","url":"https:\/\/archfondas.lt\/wp-content\/uploads\/2025\/06\/LINA-residency-Vilnius-scaled.jpg","contentUrl":"https:\/\/archfondas.lt\/wp-content\/uploads\/2025\/06\/LINA-residency-Vilnius-scaled.jpg","width":2560,"height":1700},{"@type":"BreadcrumbList","@id":"https:\/\/archfondas.lt\/en\/lina-stipendininku-learning-with-the-ghosts-ir-gel-office-rezidencija-vilniuje\/#breadcrumb","itemListElement":[{"@type":"ListItem","position":1,"name":"Home","item":"https:\/\/archfondas.lt\/en\/"},{"@type":"ListItem","position":2,"name":"In June \u2013 LINA Fellows&#8217; Residency in Vilnius"}]},{"@type":"WebSite","@id":"https:\/\/archfondas.lt\/#website","url":"https:\/\/archfondas.lt\/","name":"Architekt\u016bros fondas","description":"Mes esame nevyriausybin\u0117, pelno nesiekianti organizacija kurianti bei puosel\u0117janti architekt\u016bros kult\u016br\u0105.","publisher":{"@id":"https:\/\/archfondas.lt\/#organization"},"potentialAction":[{"@type":"SearchAction","target":{"@type":"EntryPoint","urlTemplate":"https:\/\/archfondas.lt\/?s={search_term_string}"},"query-input":{"@type":"PropertyValueSpecification","valueRequired":true,"valueName":"search_term_string"}}],"inLanguage":"en-US"},{"@type":"Organization","@id":"https:\/\/archfondas.lt\/#organization","name":"Architekt\u016bros fondas","url":"https:\/\/archfondas.lt\/","logo":{"@type":"ImageObject","inLanguage":"en-US","@id":"https:\/\/archfondas.lt\/#\/schema\/logo\/image\/","url":"https:\/\/archfondas.lt\/wp-content\/uploads\/2023\/04\/archfondas-logo.svg","contentUrl":"https:\/\/archfondas.lt\/wp-content\/uploads\/2023\/04\/archfondas-logo.svg","width":483,"height":124,"caption":"Architekt\u016bros fondas"},"image":{"@id":"https:\/\/archfondas.lt\/#\/schema\/logo\/image\/"},"sameAs":["https:\/\/www.facebook.com\/archfondas","https:\/\/x.com\/archfondas"]},{"@type":"Person","@id":"https:\/\/archfondas.lt\/#\/schema\/person\/c4ce0b4b64861e8e6ca7f1bdd4b55bc9","name":"martynas","image":{"@type":"ImageObject","inLanguage":"en-US","@id":"https:\/\/archfondas.lt\/#\/schema\/person\/image\/","url":"https:\/\/secure.gravatar.com\/avatar\/7e01b2ced06f35056d4e538494ad7da3?s=96&d=mm&r=g","contentUrl":"https:\/\/secure.gravatar.com\/avatar\/7e01b2ced06f35056d4e538494ad7da3?s=96&d=mm&r=g","caption":"martynas"},"url":"https:\/\/archfondas.lt\/en\/author\/martynas\/"}]}},"_links":{"self":[{"href":"https:\/\/archfondas.lt\/en\/wp-json\/wp\/v2\/posts\/28744","targetHints":{"allow":["GET"]}}],"collection":[{"href":"https:\/\/archfondas.lt\/en\/wp-json\/wp\/v2\/posts"}],"about":[{"href":"https:\/\/archfondas.lt\/en\/wp-json\/wp\/v2\/types\/post"}],"author":[{"embeddable":true,"href":"https:\/\/archfondas.lt\/en\/wp-json\/wp\/v2\/users\/4"}],"replies":[{"embeddable":true,"href":"https:\/\/archfondas.lt\/en\/wp-json\/wp\/v2\/comments?post=28744"}],"version-history":[{"count":5,"href":"https:\/\/archfondas.lt\/en\/wp-json\/wp\/v2\/posts\/28744\/revisions"}],"predecessor-version":[{"id":28757,"href":"https:\/\/archfondas.lt\/en\/wp-json\/wp\/v2\/posts\/28744\/revisions\/28757"}],"wp:featuredmedia":[{"embeddable":true,"href":"https:\/\/archfondas.lt\/en\/wp-json\/wp\/v2\/media\/28715"}],"wp:attachment":[{"href":"https:\/\/archfondas.lt\/en\/wp-json\/wp\/v2\/media?parent=28744"}],"wp:term":[{"taxonomy":"category","embeddable":true,"href":"https:\/\/archfondas.lt\/en\/wp-json\/wp\/v2\/categories?post=28744"},{"taxonomy":"post_tag","embeddable":true,"href":"https:\/\/archfondas.lt\/en\/wp-json\/wp\/v2\/tags?post=28744"}],"curies":[{"name":"wp","href":"https:\/\/api.w.org\/{rel}","templated":true}]}}