{"id":29034,"date":"2025-06-27T16:06:03","date_gmt":"2025-06-27T13:06:03","guid":{"rendered":"https:\/\/archfondas.lt\/beka-lemoine-filmo-pojutis-dermei-perziura\/"},"modified":"2025-06-27T16:14:59","modified_gmt":"2025-06-27T13:14:59","slug":"beka-lemoine-filmo-pojutis-dermei-perziura","status":"publish","type":"post","link":"https:\/\/archfondas.lt\/en\/beka-lemoine-filmo-pojutis-dermei-perziura\/","title":{"rendered":"Screening of B\u00eaka &amp; Lemoine\u2019s film The Sense of Tuning"},"content":{"rendered":"\n<p>For the second year in a row, we are collaborating with <em>Meno Avilys<\/em> as part of their programme \u201cStill Waters Run Deep.\u201d This time, we invite you to an architectural cinema evening in the B\u0117giai Park hangar.<\/p>\n\n\n\n<p>On July 3 at 21:30, we will present one of the latest films by the internationally recognised directors B\u00eaka &amp; Lemoine, created in 2023 \u2013 \u201cThe Sense of Tuning\u201c. The film explores the philosophy and daily practice of architect Bijoy Jain from \u201cStudio Mumbai\u201c, rooted in the sensitive use of local materials and crafts, and the ability to find harmony within the ever-changing everyday life of Mumbai.<\/p>\n\n\n\n<figure class=\"wp-block-gallery has-nested-images columns-default is-cropped wp-block-gallery-1 is-layout-flex wp-block-gallery-is-layout-flex\">\n<figure class=\"wp-block-image size-large\"><img loading=\"lazy\" decoding=\"async\" width=\"1060\" height=\"596\" data-id=\"29025\" src=\"https:\/\/archfondas.lt\/wp-content\/uploads\/2025\/06\/The_Sense_of_Tuning_Stills_Photo_by_Beka__Lemoine_5-1-1060x596.png\" alt=\"\" class=\"wp-image-29025\" srcset=\"https:\/\/archfondas.lt\/wp-content\/uploads\/2025\/06\/The_Sense_of_Tuning_Stills_Photo_by_Beka__Lemoine_5-1-1060x596.png 1060w, https:\/\/archfondas.lt\/wp-content\/uploads\/2025\/06\/The_Sense_of_Tuning_Stills_Photo_by_Beka__Lemoine_5-1-300x169.png 300w, https:\/\/archfondas.lt\/wp-content\/uploads\/2025\/06\/The_Sense_of_Tuning_Stills_Photo_by_Beka__Lemoine_5-1-768x432.png 768w, https:\/\/archfondas.lt\/wp-content\/uploads\/2025\/06\/The_Sense_of_Tuning_Stills_Photo_by_Beka__Lemoine_5-1-1536x864.png 1536w, https:\/\/archfondas.lt\/wp-content\/uploads\/2025\/06\/The_Sense_of_Tuning_Stills_Photo_by_Beka__Lemoine_5-1-2048x1152.png 2048w\" sizes=\"auto, (max-width: 1060px) 100vw, 1060px\" \/><\/figure>\n\n\n\n<figure class=\"wp-block-image size-large\"><img loading=\"lazy\" decoding=\"async\" width=\"1060\" height=\"596\" data-id=\"29027\" src=\"https:\/\/archfondas.lt\/wp-content\/uploads\/2025\/06\/The_Sense_of_Tuning_Stills_Photo_by_Beka__Lemoine_10-1-1060x596.png\" alt=\"\" class=\"wp-image-29027\" srcset=\"https:\/\/archfondas.lt\/wp-content\/uploads\/2025\/06\/The_Sense_of_Tuning_Stills_Photo_by_Beka__Lemoine_10-1-1060x596.png 1060w, https:\/\/archfondas.lt\/wp-content\/uploads\/2025\/06\/The_Sense_of_Tuning_Stills_Photo_by_Beka__Lemoine_10-1-300x169.png 300w, https:\/\/archfondas.lt\/wp-content\/uploads\/2025\/06\/The_Sense_of_Tuning_Stills_Photo_by_Beka__Lemoine_10-1-768x432.png 768w, https:\/\/archfondas.lt\/wp-content\/uploads\/2025\/06\/The_Sense_of_Tuning_Stills_Photo_by_Beka__Lemoine_10-1-1536x864.png 1536w, https:\/\/archfondas.lt\/wp-content\/uploads\/2025\/06\/The_Sense_of_Tuning_Stills_Photo_by_Beka__Lemoine_10-1-2048x1152.png 2048w\" sizes=\"auto, (max-width: 1060px) 100vw, 1060px\" \/><\/figure>\n<\/figure>\n\n\n\n<p>The film screening is curated by Martynas Germanavi\u010dius.<\/p>\n\n\n\n<p>The screening is part of the public events programme of the creative workshop \u201cAltering Matter: Towards Regenerative Practice,\u201d organised within the framework of the CiD Innovation Alliance project, co-funded by the European Union.<\/p>\n\n\n\n<p>Film trailer:<\/p>\n\n\n\n<figure class=\"wp-block-embed is-type-video is-provider-youtube wp-block-embed-youtube wp-embed-aspect-16-9 wp-has-aspect-ratio\"><div class=\"wp-block-embed__wrapper\">\n<iframe loading=\"lazy\" title=\"The Sense of Tuning - Trailer - Bijoy Jain \/ Studio Mumbai by B\u00eaka &amp; Lemoine\" width=\"500\" height=\"281\" src=\"https:\/\/www.youtube.com\/embed\/zFihX-113n8?feature=oembed\" frameborder=\"0\" allow=\"accelerometer; autoplay; clipboard-write; encrypted-media; gyroscope; picture-in-picture; web-share\" referrerpolicy=\"strict-origin-when-cross-origin\" allowfullscreen><\/iframe>\n<\/div><\/figure>\n","protected":false},"excerpt":{"rendered":"<p>For the second year in a row, we are collaborating with Meno Avilys as part of their programme \u201cStill Waters Run Deep.\u201d This time, we invite you to an architectural cinema evening in the B\u0117giai Park hangar. On July 3 at 21:30, we will present one of the latest films by the internationally recognised directors [&hellip;]<\/p>\n","protected":false},"author":4,"featured_media":29020,"comment_status":"closed","ping_status":"open","sticky":false,"template":"","format":"standard","meta":{"_acf_changed":false,"footnotes":""},"categories":[5],"tags":[],"class_list":["post-29034","post","type-post","status-publish","format-standard","has-post-thumbnail","hentry","category-message-en"],"acf":[],"yoast_head":"<!-- This site is optimized with the Yoast SEO plugin v24.1 - https:\/\/yoast.com\/wordpress\/plugins\/seo\/ -->\n<title>Screening of B\u00eaka &amp; Lemoine\u2019s film The Sense of Tuning &#8211; Architekt\u016bros fondas<\/title>\n<meta name=\"robots\" content=\"index, follow, max-snippet:-1, max-image-preview:large, max-video-preview:-1\" \/>\n<link rel=\"canonical\" href=\"https:\/\/archfondas.lt\/en\/beka-lemoine-filmo-pojutis-dermei-perziura\/\" \/>\n<meta property=\"og:locale\" content=\"en_US\" \/>\n<meta property=\"og:type\" content=\"article\" \/>\n<meta property=\"og:title\" content=\"Screening of B\u00eaka &amp; Lemoine\u2019s film The Sense of Tuning &#8211; Architekt\u016bros fondas\" \/>\n<meta property=\"og:description\" content=\"For the second year in a row, we are collaborating with Meno Avilys as part of their programme \u201cStill Waters Run Deep.\u201d This time, we invite you to an architectural cinema evening in the B\u0117giai Park hangar. On July 3 at 21:30, we will present one of the latest films by the internationally recognised directors [&hellip;]\" \/>\n<meta property=\"og:url\" content=\"https:\/\/archfondas.lt\/en\/beka-lemoine-filmo-pojutis-dermei-perziura\/\" \/>\n<meta property=\"og:site_name\" content=\"Architekt\u016bros fondas\" \/>\n<meta property=\"article:publisher\" content=\"https:\/\/www.facebook.com\/archfondas\" \/>\n<meta property=\"article:published_time\" content=\"2025-06-27T13:06:03+00:00\" \/>\n<meta property=\"article:modified_time\" content=\"2025-06-27T13:14:59+00:00\" \/>\n<meta property=\"og:image\" content=\"https:\/\/archfondas.lt\/wp-content\/uploads\/2025\/06\/The_Sense_of_Tuning_Stills_Photo_by_Beka__Lemoine_3-1060x596.png\" \/>\n\t<meta property=\"og:image:width\" content=\"1060\" \/>\n\t<meta property=\"og:image:height\" content=\"596\" \/>\n\t<meta property=\"og:image:type\" content=\"image\/png\" \/>\n<meta name=\"author\" content=\"martynas\" \/>\n<meta name=\"twitter:card\" content=\"summary_large_image\" \/>\n<meta name=\"twitter:creator\" content=\"@archfondas\" \/>\n<meta name=\"twitter:site\" content=\"@archfondas\" \/>\n<meta name=\"twitter:label1\" content=\"Written by\" \/>\n\t<meta name=\"twitter:data1\" content=\"martynas\" \/>\n\t<meta name=\"twitter:label2\" content=\"Est. reading time\" \/>\n\t<meta name=\"twitter:data2\" content=\"2 minutes\" \/>\n<script type=\"application\/ld+json\" class=\"yoast-schema-graph\">{\"@context\":\"https:\/\/schema.org\",\"@graph\":[{\"@type\":\"Article\",\"@id\":\"https:\/\/archfondas.lt\/en\/beka-lemoine-filmo-pojutis-dermei-perziura\/#article\",\"isPartOf\":{\"@id\":\"https:\/\/archfondas.lt\/en\/beka-lemoine-filmo-pojutis-dermei-perziura\/\"},\"author\":{\"name\":\"martynas\",\"@id\":\"https:\/\/archfondas.lt\/#\/schema\/person\/c4ce0b4b64861e8e6ca7f1bdd4b55bc9\"},\"headline\":\"Screening of B\u00eaka &amp; Lemoine\u2019s film The Sense of Tuning\",\"datePublished\":\"2025-06-27T13:06:03+00:00\",\"dateModified\":\"2025-06-27T13:14:59+00:00\",\"mainEntityOfPage\":{\"@id\":\"https:\/\/archfondas.lt\/en\/beka-lemoine-filmo-pojutis-dermei-perziura\/\"},\"wordCount\":185,\"publisher\":{\"@id\":\"https:\/\/archfondas.lt\/#organization\"},\"image\":{\"@id\":\"https:\/\/archfondas.lt\/en\/beka-lemoine-filmo-pojutis-dermei-perziura\/#primaryimage\"},\"thumbnailUrl\":\"https:\/\/archfondas.lt\/wp-content\/uploads\/2025\/06\/The_Sense_of_Tuning_Stills_Photo_by_Beka__Lemoine_3.png\",\"articleSection\":[\"Pranesimas\"],\"inLanguage\":\"en-US\"},{\"@type\":\"WebPage\",\"@id\":\"https:\/\/archfondas.lt\/en\/beka-lemoine-filmo-pojutis-dermei-perziura\/\",\"url\":\"https:\/\/archfondas.lt\/en\/beka-lemoine-filmo-pojutis-dermei-perziura\/\",\"name\":\"Screening of B\u00eaka &amp; Lemoine\u2019s film The Sense of Tuning &#8211; Architekt\u016bros fondas\",\"isPartOf\":{\"@id\":\"https:\/\/archfondas.lt\/#website\"},\"primaryImageOfPage\":{\"@id\":\"https:\/\/archfondas.lt\/en\/beka-lemoine-filmo-pojutis-dermei-perziura\/#primaryimage\"},\"image\":{\"@id\":\"https:\/\/archfondas.lt\/en\/beka-lemoine-filmo-pojutis-dermei-perziura\/#primaryimage\"},\"thumbnailUrl\":\"https:\/\/archfondas.lt\/wp-content\/uploads\/2025\/06\/The_Sense_of_Tuning_Stills_Photo_by_Beka__Lemoine_3.png\",\"datePublished\":\"2025-06-27T13:06:03+00:00\",\"dateModified\":\"2025-06-27T13:14:59+00:00\",\"breadcrumb\":{\"@id\":\"https:\/\/archfondas.lt\/en\/beka-lemoine-filmo-pojutis-dermei-perziura\/#breadcrumb\"},\"inLanguage\":\"en-US\",\"potentialAction\":[{\"@type\":\"ReadAction\",\"target\":[\"https:\/\/archfondas.lt\/en\/beka-lemoine-filmo-pojutis-dermei-perziura\/\"]}]},{\"@type\":\"ImageObject\",\"inLanguage\":\"en-US\",\"@id\":\"https:\/\/archfondas.lt\/en\/beka-lemoine-filmo-pojutis-dermei-perziura\/#primaryimage\",\"url\":\"https:\/\/archfondas.lt\/wp-content\/uploads\/2025\/06\/The_Sense_of_Tuning_Stills_Photo_by_Beka__Lemoine_3.png\",\"contentUrl\":\"https:\/\/archfondas.lt\/wp-content\/uploads\/2025\/06\/The_Sense_of_Tuning_Stills_Photo_by_Beka__Lemoine_3.png\",\"width\":3840,\"height\":2160},{\"@type\":\"BreadcrumbList\",\"@id\":\"https:\/\/archfondas.lt\/en\/beka-lemoine-filmo-pojutis-dermei-perziura\/#breadcrumb\",\"itemListElement\":[{\"@type\":\"ListItem\",\"position\":1,\"name\":\"Home\",\"item\":\"https:\/\/archfondas.lt\/en\/\"},{\"@type\":\"ListItem\",\"position\":2,\"name\":\"Screening of B\u00eaka &amp; Lemoine\u2019s film The Sense of Tuning\"}]},{\"@type\":\"WebSite\",\"@id\":\"https:\/\/archfondas.lt\/#website\",\"url\":\"https:\/\/archfondas.lt\/\",\"name\":\"Architekt\u016bros fondas\",\"description\":\"Mes esame nevyriausybin\u0117, pelno nesiekianti organizacija kurianti bei puosel\u0117janti architekt\u016bros kult\u016br\u0105.\",\"publisher\":{\"@id\":\"https:\/\/archfondas.lt\/#organization\"},\"potentialAction\":[{\"@type\":\"SearchAction\",\"target\":{\"@type\":\"EntryPoint\",\"urlTemplate\":\"https:\/\/archfondas.lt\/?s={search_term_string}\"},\"query-input\":{\"@type\":\"PropertyValueSpecification\",\"valueRequired\":true,\"valueName\":\"search_term_string\"}}],\"inLanguage\":\"en-US\"},{\"@type\":\"Organization\",\"@id\":\"https:\/\/archfondas.lt\/#organization\",\"name\":\"Architekt\u016bros fondas\",\"url\":\"https:\/\/archfondas.lt\/\",\"logo\":{\"@type\":\"ImageObject\",\"inLanguage\":\"en-US\",\"@id\":\"https:\/\/archfondas.lt\/#\/schema\/logo\/image\/\",\"url\":\"https:\/\/archfondas.lt\/wp-content\/uploads\/2023\/04\/archfondas-logo.svg\",\"contentUrl\":\"https:\/\/archfondas.lt\/wp-content\/uploads\/2023\/04\/archfondas-logo.svg\",\"width\":483,\"height\":124,\"caption\":\"Architekt\u016bros fondas\"},\"image\":{\"@id\":\"https:\/\/archfondas.lt\/#\/schema\/logo\/image\/\"},\"sameAs\":[\"https:\/\/www.facebook.com\/archfondas\",\"https:\/\/x.com\/archfondas\"]},{\"@type\":\"Person\",\"@id\":\"https:\/\/archfondas.lt\/#\/schema\/person\/c4ce0b4b64861e8e6ca7f1bdd4b55bc9\",\"name\":\"martynas\",\"image\":{\"@type\":\"ImageObject\",\"inLanguage\":\"en-US\",\"@id\":\"https:\/\/archfondas.lt\/#\/schema\/person\/image\/\",\"url\":\"https:\/\/secure.gravatar.com\/avatar\/7e01b2ced06f35056d4e538494ad7da3?s=96&d=mm&r=g\",\"contentUrl\":\"https:\/\/secure.gravatar.com\/avatar\/7e01b2ced06f35056d4e538494ad7da3?s=96&d=mm&r=g\",\"caption\":\"martynas\"},\"url\":\"https:\/\/archfondas.lt\/en\/author\/martynas\/\"}]}<\/script>\n<!-- \/ Yoast SEO plugin. -->","yoast_head_json":{"title":"Screening of B\u00eaka &amp; Lemoine\u2019s film The Sense of Tuning &#8211; Architekt\u016bros fondas","robots":{"index":"index","follow":"follow","max-snippet":"max-snippet:-1","max-image-preview":"max-image-preview:large","max-video-preview":"max-video-preview:-1"},"canonical":"https:\/\/archfondas.lt\/en\/beka-lemoine-filmo-pojutis-dermei-perziura\/","og_locale":"en_US","og_type":"article","og_title":"Screening of B\u00eaka &amp; Lemoine\u2019s film The Sense of Tuning &#8211; Architekt\u016bros fondas","og_description":"For the second year in a row, we are collaborating with Meno Avilys as part of their programme \u201cStill Waters Run Deep.\u201d This time, we invite you to an architectural cinema evening in the B\u0117giai Park hangar. On July 3 at 21:30, we will present one of the latest films by the internationally recognised directors [&hellip;]","og_url":"https:\/\/archfondas.lt\/en\/beka-lemoine-filmo-pojutis-dermei-perziura\/","og_site_name":"Architekt\u016bros fondas","article_publisher":"https:\/\/www.facebook.com\/archfondas","article_published_time":"2025-06-27T13:06:03+00:00","article_modified_time":"2025-06-27T13:14:59+00:00","og_image":[{"width":1060,"height":596,"url":"https:\/\/archfondas.lt\/wp-content\/uploads\/2025\/06\/The_Sense_of_Tuning_Stills_Photo_by_Beka__Lemoine_3-1060x596.png","type":"image\/png"}],"author":"martynas","twitter_card":"summary_large_image","twitter_creator":"@archfondas","twitter_site":"@archfondas","twitter_misc":{"Written by":"martynas","Est. reading time":"2 minutes"},"schema":{"@context":"https:\/\/schema.org","@graph":[{"@type":"Article","@id":"https:\/\/archfondas.lt\/en\/beka-lemoine-filmo-pojutis-dermei-perziura\/#article","isPartOf":{"@id":"https:\/\/archfondas.lt\/en\/beka-lemoine-filmo-pojutis-dermei-perziura\/"},"author":{"name":"martynas","@id":"https:\/\/archfondas.lt\/#\/schema\/person\/c4ce0b4b64861e8e6ca7f1bdd4b55bc9"},"headline":"Screening of B\u00eaka &amp; Lemoine\u2019s film The Sense of Tuning","datePublished":"2025-06-27T13:06:03+00:00","dateModified":"2025-06-27T13:14:59+00:00","mainEntityOfPage":{"@id":"https:\/\/archfondas.lt\/en\/beka-lemoine-filmo-pojutis-dermei-perziura\/"},"wordCount":185,"publisher":{"@id":"https:\/\/archfondas.lt\/#organization"},"image":{"@id":"https:\/\/archfondas.lt\/en\/beka-lemoine-filmo-pojutis-dermei-perziura\/#primaryimage"},"thumbnailUrl":"https:\/\/archfondas.lt\/wp-content\/uploads\/2025\/06\/The_Sense_of_Tuning_Stills_Photo_by_Beka__Lemoine_3.png","articleSection":["Pranesimas"],"inLanguage":"en-US"},{"@type":"WebPage","@id":"https:\/\/archfondas.lt\/en\/beka-lemoine-filmo-pojutis-dermei-perziura\/","url":"https:\/\/archfondas.lt\/en\/beka-lemoine-filmo-pojutis-dermei-perziura\/","name":"Screening of B\u00eaka &amp; Lemoine\u2019s film The Sense of Tuning &#8211; Architekt\u016bros fondas","isPartOf":{"@id":"https:\/\/archfondas.lt\/#website"},"primaryImageOfPage":{"@id":"https:\/\/archfondas.lt\/en\/beka-lemoine-filmo-pojutis-dermei-perziura\/#primaryimage"},"image":{"@id":"https:\/\/archfondas.lt\/en\/beka-lemoine-filmo-pojutis-dermei-perziura\/#primaryimage"},"thumbnailUrl":"https:\/\/archfondas.lt\/wp-content\/uploads\/2025\/06\/The_Sense_of_Tuning_Stills_Photo_by_Beka__Lemoine_3.png","datePublished":"2025-06-27T13:06:03+00:00","dateModified":"2025-06-27T13:14:59+00:00","breadcrumb":{"@id":"https:\/\/archfondas.lt\/en\/beka-lemoine-filmo-pojutis-dermei-perziura\/#breadcrumb"},"inLanguage":"en-US","potentialAction":[{"@type":"ReadAction","target":["https:\/\/archfondas.lt\/en\/beka-lemoine-filmo-pojutis-dermei-perziura\/"]}]},{"@type":"ImageObject","inLanguage":"en-US","@id":"https:\/\/archfondas.lt\/en\/beka-lemoine-filmo-pojutis-dermei-perziura\/#primaryimage","url":"https:\/\/archfondas.lt\/wp-content\/uploads\/2025\/06\/The_Sense_of_Tuning_Stills_Photo_by_Beka__Lemoine_3.png","contentUrl":"https:\/\/archfondas.lt\/wp-content\/uploads\/2025\/06\/The_Sense_of_Tuning_Stills_Photo_by_Beka__Lemoine_3.png","width":3840,"height":2160},{"@type":"BreadcrumbList","@id":"https:\/\/archfondas.lt\/en\/beka-lemoine-filmo-pojutis-dermei-perziura\/#breadcrumb","itemListElement":[{"@type":"ListItem","position":1,"name":"Home","item":"https:\/\/archfondas.lt\/en\/"},{"@type":"ListItem","position":2,"name":"Screening of B\u00eaka &amp; Lemoine\u2019s film The Sense of Tuning"}]},{"@type":"WebSite","@id":"https:\/\/archfondas.lt\/#website","url":"https:\/\/archfondas.lt\/","name":"Architekt\u016bros fondas","description":"Mes esame nevyriausybin\u0117, pelno nesiekianti organizacija kurianti bei puosel\u0117janti architekt\u016bros kult\u016br\u0105.","publisher":{"@id":"https:\/\/archfondas.lt\/#organization"},"potentialAction":[{"@type":"SearchAction","target":{"@type":"EntryPoint","urlTemplate":"https:\/\/archfondas.lt\/?s={search_term_string}"},"query-input":{"@type":"PropertyValueSpecification","valueRequired":true,"valueName":"search_term_string"}}],"inLanguage":"en-US"},{"@type":"Organization","@id":"https:\/\/archfondas.lt\/#organization","name":"Architekt\u016bros fondas","url":"https:\/\/archfondas.lt\/","logo":{"@type":"ImageObject","inLanguage":"en-US","@id":"https:\/\/archfondas.lt\/#\/schema\/logo\/image\/","url":"https:\/\/archfondas.lt\/wp-content\/uploads\/2023\/04\/archfondas-logo.svg","contentUrl":"https:\/\/archfondas.lt\/wp-content\/uploads\/2023\/04\/archfondas-logo.svg","width":483,"height":124,"caption":"Architekt\u016bros fondas"},"image":{"@id":"https:\/\/archfondas.lt\/#\/schema\/logo\/image\/"},"sameAs":["https:\/\/www.facebook.com\/archfondas","https:\/\/x.com\/archfondas"]},{"@type":"Person","@id":"https:\/\/archfondas.lt\/#\/schema\/person\/c4ce0b4b64861e8e6ca7f1bdd4b55bc9","name":"martynas","image":{"@type":"ImageObject","inLanguage":"en-US","@id":"https:\/\/archfondas.lt\/#\/schema\/person\/image\/","url":"https:\/\/secure.gravatar.com\/avatar\/7e01b2ced06f35056d4e538494ad7da3?s=96&d=mm&r=g","contentUrl":"https:\/\/secure.gravatar.com\/avatar\/7e01b2ced06f35056d4e538494ad7da3?s=96&d=mm&r=g","caption":"martynas"},"url":"https:\/\/archfondas.lt\/en\/author\/martynas\/"}]}},"_links":{"self":[{"href":"https:\/\/archfondas.lt\/en\/wp-json\/wp\/v2\/posts\/29034","targetHints":{"allow":["GET"]}}],"collection":[{"href":"https:\/\/archfondas.lt\/en\/wp-json\/wp\/v2\/posts"}],"about":[{"href":"https:\/\/archfondas.lt\/en\/wp-json\/wp\/v2\/types\/post"}],"author":[{"embeddable":true,"href":"https:\/\/archfondas.lt\/en\/wp-json\/wp\/v2\/users\/4"}],"replies":[{"embeddable":true,"href":"https:\/\/archfondas.lt\/en\/wp-json\/wp\/v2\/comments?post=29034"}],"version-history":[{"count":4,"href":"https:\/\/archfondas.lt\/en\/wp-json\/wp\/v2\/posts\/29034\/revisions"}],"predecessor-version":[{"id":29038,"href":"https:\/\/archfondas.lt\/en\/wp-json\/wp\/v2\/posts\/29034\/revisions\/29038"}],"wp:featuredmedia":[{"embeddable":true,"href":"https:\/\/archfondas.lt\/en\/wp-json\/wp\/v2\/media\/29020"}],"wp:attachment":[{"href":"https:\/\/archfondas.lt\/en\/wp-json\/wp\/v2\/media?parent=29034"}],"wp:term":[{"taxonomy":"category","embeddable":true,"href":"https:\/\/archfondas.lt\/en\/wp-json\/wp\/v2\/categories?post=29034"},{"taxonomy":"post_tag","embeddable":true,"href":"https:\/\/archfondas.lt\/en\/wp-json\/wp\/v2\/tags?post=29034"}],"curies":[{"name":"wp","href":"https:\/\/api.w.org\/{rel}","templated":true}]}}