{"id":30033,"date":"2025-12-11T09:00:42","date_gmt":"2025-12-11T07:00:42","guid":{"rendered":"https:\/\/archfondas.lt\/lauren-davies-spalvos-prasme-spalvu-semiotika-zenklodaroje-ir-urbanistineje-aplinkoje\/"},"modified":"2025-12-11T09:07:18","modified_gmt":"2025-12-11T07:07:18","slug":"lauren-davies-spalvos-prasme-spalvu-semiotika-zenklodaroje-ir-urbanistineje-aplinkoje","status":"publish","type":"post","link":"https:\/\/archfondas.lt\/en\/lauren-davies-spalvos-prasme-spalvu-semiotika-zenklodaroje-ir-urbanistineje-aplinkoje\/","title":{"rendered":"Lauren Davies &#8220;Colour Matters: The Semiotics of Colour in Branding and the Built Environment&#8221;"},"content":{"rendered":"\n<figure class=\"wp-block-embed is-type-video is-provider-youtube wp-block-embed-youtube wp-embed-aspect-16-9 wp-has-aspect-ratio\"><div class=\"wp-block-embed__wrapper\">\n<iframe loading=\"lazy\" title=\"Lauren Davies | Colour Matters: The Semiotics of Colour in Branding and the Built Environment&quot;\" width=\"500\" height=\"281\" src=\"https:\/\/www.youtube.com\/embed\/8f-A4EU1pSs?feature=oembed\" frameborder=\"0\" allow=\"accelerometer; autoplay; clipboard-write; encrypted-media; gyroscope; picture-in-picture; web-share\" referrerpolicy=\"strict-origin-when-cross-origin\" allowfullscreen><\/iframe>\n<\/div><\/figure>\n\n\n\n<hr class=\"wp-block-separator has-alpha-channel-opacity\"\/>\n\n\n\n<p>Colour can delight and disgust, relax or stimulate. It has varying cultural interpretations. Different shades affect us both consciously and subconsciously, subtly and viscerally. Its use can impact us both intentionally and unintentionally. This deep dive highlights the potential of colour when we harness its powers through meaningful and purposeful branding and architectural design.<\/p>\n\n\n\n<p>Lauren Davies is the founder of design studio and consultancy HEKA. She is a sensory artist, designer and strategist based in London, UK. Passionate about colour, material, finish, form, food and fragrance, she blends creativity with a deep commitment to sustainability, always working with the environment in mind<\/p>\n\n\n\n<hr class=\"wp-block-separator has-alpha-channel-opacity\"\/>\n\n\n\n<figure class=\"wp-block-gallery has-nested-images columns-default is-cropped wp-block-gallery-1 is-layout-flex wp-block-gallery-is-layout-flex\">\n<figure class=\"wp-block-image size-large\"><img loading=\"lazy\" decoding=\"async\" width=\"707\" height=\"1060\" data-id=\"30022\" src=\"https:\/\/archfondas.lt\/wp-content\/uploads\/2025\/12\/2025-11-22-ArchFondas-Forumas-12-of-95-707x1060.jpg\" alt=\"Architekt\u016bros fondo forumas \u201eSpalva, k\u0105?\u201c Giedriaus Stonkaus nuotr.\" class=\"wp-image-30022\" srcset=\"https:\/\/archfondas.lt\/wp-content\/uploads\/2025\/12\/2025-11-22-ArchFondas-Forumas-12-of-95-707x1060.jpg 707w, https:\/\/archfondas.lt\/wp-content\/uploads\/2025\/12\/2025-11-22-ArchFondas-Forumas-12-of-95-200x300.jpg 200w, https:\/\/archfondas.lt\/wp-content\/uploads\/2025\/12\/2025-11-22-ArchFondas-Forumas-12-of-95-768x1152.jpg 768w, https:\/\/archfondas.lt\/wp-content\/uploads\/2025\/12\/2025-11-22-ArchFondas-Forumas-12-of-95-1024x1536.jpg 1024w, https:\/\/archfondas.lt\/wp-content\/uploads\/2025\/12\/2025-11-22-ArchFondas-Forumas-12-of-95.jpg 1067w\" sizes=\"auto, (max-width: 707px) 100vw, 707px\" \/><figcaption class=\"wp-element-caption\">Architekt\u016bros fondo forumas \u201eSpalva, k\u0105?\u201c Giedriaus Stonkaus nuotr.<\/figcaption><\/figure>\n\n\n\n<figure class=\"wp-block-image size-large\"><img loading=\"lazy\" decoding=\"async\" width=\"707\" height=\"1060\" data-id=\"30026\" src=\"https:\/\/archfondas.lt\/wp-content\/uploads\/2025\/12\/2025-11-22-ArchFondas-Forumas-18-of-95-707x1060.jpg\" alt=\"Architekt\u016bros fondo forumas \u201eSpalva, k\u0105?\u201c Giedriaus Stonkaus nuotr.\" class=\"wp-image-30026\" srcset=\"https:\/\/archfondas.lt\/wp-content\/uploads\/2025\/12\/2025-11-22-ArchFondas-Forumas-18-of-95-707x1060.jpg 707w, https:\/\/archfondas.lt\/wp-content\/uploads\/2025\/12\/2025-11-22-ArchFondas-Forumas-18-of-95-200x300.jpg 200w, https:\/\/archfondas.lt\/wp-content\/uploads\/2025\/12\/2025-11-22-ArchFondas-Forumas-18-of-95-768x1152.jpg 768w, https:\/\/archfondas.lt\/wp-content\/uploads\/2025\/12\/2025-11-22-ArchFondas-Forumas-18-of-95-1024x1536.jpg 1024w, https:\/\/archfondas.lt\/wp-content\/uploads\/2025\/12\/2025-11-22-ArchFondas-Forumas-18-of-95.jpg 1067w\" sizes=\"auto, (max-width: 707px) 100vw, 707px\" \/><figcaption class=\"wp-element-caption\">Architekt\u016bros fondo forumas \u201eSpalva, k\u0105?\u201c Giedriaus Stonkaus nuotr.<\/figcaption><\/figure>\n\n\n\n<figure class=\"wp-block-image size-large\"><img loading=\"lazy\" decoding=\"async\" width=\"1060\" height=\"707\" data-id=\"30024\" src=\"https:\/\/archfondas.lt\/wp-content\/uploads\/2025\/12\/2025-11-22-ArchFondas-Forumas-14-of-95-1060x707.jpg\" alt=\"Architekt\u016bros fondo forumas \u201eSpalva, k\u0105?\u201c Giedriaus Stonkaus nuotr.\" class=\"wp-image-30024\" srcset=\"https:\/\/archfondas.lt\/wp-content\/uploads\/2025\/12\/2025-11-22-ArchFondas-Forumas-14-of-95-1060x707.jpg 1060w, https:\/\/archfondas.lt\/wp-content\/uploads\/2025\/12\/2025-11-22-ArchFondas-Forumas-14-of-95-300x200.jpg 300w, https:\/\/archfondas.lt\/wp-content\/uploads\/2025\/12\/2025-11-22-ArchFondas-Forumas-14-of-95-768x512.jpg 768w, https:\/\/archfondas.lt\/wp-content\/uploads\/2025\/12\/2025-11-22-ArchFondas-Forumas-14-of-95-1536x1024.jpg 1536w, https:\/\/archfondas.lt\/wp-content\/uploads\/2025\/12\/2025-11-22-ArchFondas-Forumas-14-of-95.jpg 1600w\" sizes=\"auto, (max-width: 1060px) 100vw, 1060px\" \/><figcaption class=\"wp-element-caption\">Architekt\u016bros fondo forumas \u201eSpalva, k\u0105?\u201c Giedriaus Stonkaus nuotr.<\/figcaption><\/figure>\n\n\n\n<figure class=\"wp-block-image size-large\"><img loading=\"lazy\" decoding=\"async\" width=\"1060\" height=\"707\" data-id=\"30020\" src=\"https:\/\/archfondas.lt\/wp-content\/uploads\/2025\/12\/2025-11-22-ArchFondas-Forumas-21-of-95-1060x707.jpg\" alt=\"Architekt\u016bros fondo forumas \u201eSpalva, k\u0105?\u201c Giedriaus Stonkaus nuotr.\" class=\"wp-image-30020\" srcset=\"https:\/\/archfondas.lt\/wp-content\/uploads\/2025\/12\/2025-11-22-ArchFondas-Forumas-21-of-95-1060x707.jpg 1060w, https:\/\/archfondas.lt\/wp-content\/uploads\/2025\/12\/2025-11-22-ArchFondas-Forumas-21-of-95-300x200.jpg 300w, https:\/\/archfondas.lt\/wp-content\/uploads\/2025\/12\/2025-11-22-ArchFondas-Forumas-21-of-95-768x512.jpg 768w, https:\/\/archfondas.lt\/wp-content\/uploads\/2025\/12\/2025-11-22-ArchFondas-Forumas-21-of-95-1536x1024.jpg 1536w, https:\/\/archfondas.lt\/wp-content\/uploads\/2025\/12\/2025-11-22-ArchFondas-Forumas-21-of-95.jpg 1600w\" sizes=\"auto, (max-width: 1060px) 100vw, 1060px\" \/><figcaption class=\"wp-element-caption\">Architekt\u016bros fondo forumas \u201eSpalva, k\u0105?\u201c Giedriaus Stonkaus nuotr.<\/figcaption><\/figure>\n<\/figure>\n\n\n\n<hr class=\"wp-block-separator has-alpha-channel-opacity\"\/>\n\n\n\n<p>Presented as part of the fifth Architekt\u016bros fondas&#8217; forum \u201cColour, huh?\u201d on 22 November 2025.<\/p>\n","protected":false},"excerpt":{"rendered":"<p>Colour can delight and disgust, relax or stimulate. It has varying cultural interpretations. Different shades affect us both consciously and subconsciously, subtly and viscerally. Its use can impact us both intentionally and unintentionally. This deep dive highlights the potential of colour when we harness its powers through meaningful and purposeful branding and architectural design. Lauren [&hellip;]<\/p>\n","protected":false},"author":2,"featured_media":30031,"comment_status":"closed","ping_status":"open","sticky":false,"template":"","format":"standard","meta":{"_acf_changed":false,"footnotes":""},"categories":[56],"tags":[],"class_list":["post-30033","post","type-post","status-publish","format-standard","has-post-thumbnail","hentry","category-content-en"],"acf":[],"yoast_head":"<!-- This site is optimized with the Yoast SEO plugin v24.1 - https:\/\/yoast.com\/wordpress\/plugins\/seo\/ -->\n<title>Lauren Davies &quot;Colour Matters: The Semiotics of Colour in Branding and the Built Environment&quot; &#8211; Architekt\u016bros fondas<\/title>\n<meta name=\"description\" content=\"Presented as part of the fifth Architekt\u016bros fondas&#039; forum \u201cColour, huh?\u201d on 22 November 2025.\" \/>\n<meta name=\"robots\" content=\"index, follow, max-snippet:-1, max-image-preview:large, max-video-preview:-1\" \/>\n<link rel=\"canonical\" href=\"https:\/\/archfondas.lt\/en\/lauren-davies-spalvos-prasme-spalvu-semiotika-zenklodaroje-ir-urbanistineje-aplinkoje\/\" \/>\n<meta property=\"og:locale\" content=\"en_US\" \/>\n<meta property=\"og:type\" content=\"article\" \/>\n<meta property=\"og:title\" content=\"Lauren Davies &quot;Colour Matters: The Semiotics of Colour in Branding and the Built Environment&quot; &#8211; Architekt\u016bros fondas\" \/>\n<meta property=\"og:description\" content=\"Presented as part of the fifth Architekt\u016bros fondas&#039; forum \u201cColour, huh?\u201d on 22 November 2025.\" \/>\n<meta property=\"og:url\" content=\"https:\/\/archfondas.lt\/en\/lauren-davies-spalvos-prasme-spalvu-semiotika-zenklodaroje-ir-urbanistineje-aplinkoje\/\" \/>\n<meta property=\"og:site_name\" content=\"Architekt\u016bros fondas\" \/>\n<meta property=\"article:publisher\" content=\"https:\/\/www.facebook.com\/archfondas\" \/>\n<meta property=\"article:published_time\" content=\"2025-12-11T07:00:42+00:00\" \/>\n<meta property=\"article:modified_time\" content=\"2025-12-11T07:07:18+00:00\" \/>\n<meta property=\"og:image\" content=\"https:\/\/archfondas.lt\/wp-content\/uploads\/2025\/12\/Lauren-Davies-2-scaled.jpg\" \/>\n\t<meta property=\"og:image:width\" content=\"2048\" \/>\n\t<meta property=\"og:image:height\" content=\"2560\" \/>\n\t<meta property=\"og:image:type\" content=\"image\/jpeg\" \/>\n<meta name=\"author\" content=\"vilius\" \/>\n<meta name=\"twitter:card\" content=\"summary_large_image\" \/>\n<meta name=\"twitter:creator\" content=\"@archfondas\" \/>\n<meta name=\"twitter:site\" content=\"@archfondas\" \/>\n<meta name=\"twitter:label1\" content=\"Written by\" \/>\n\t<meta name=\"twitter:data1\" content=\"vilius\" \/>\n\t<meta name=\"twitter:label2\" content=\"Est. reading time\" \/>\n\t<meta name=\"twitter:data2\" content=\"2 minutes\" \/>\n<script type=\"application\/ld+json\" class=\"yoast-schema-graph\">{\"@context\":\"https:\/\/schema.org\",\"@graph\":[{\"@type\":\"Article\",\"@id\":\"https:\/\/archfondas.lt\/en\/lauren-davies-spalvos-prasme-spalvu-semiotika-zenklodaroje-ir-urbanistineje-aplinkoje\/#article\",\"isPartOf\":{\"@id\":\"https:\/\/archfondas.lt\/en\/lauren-davies-spalvos-prasme-spalvu-semiotika-zenklodaroje-ir-urbanistineje-aplinkoje\/\"},\"author\":{\"name\":\"vilius\",\"@id\":\"https:\/\/archfondas.lt\/#\/schema\/person\/12c9a1d214305001c1474d1cddec95cb\"},\"headline\":\"Lauren Davies &#8220;Colour Matters: The Semiotics of Colour in Branding and the Built Environment&#8221;\",\"datePublished\":\"2025-12-11T07:00:42+00:00\",\"dateModified\":\"2025-12-11T07:07:18+00:00\",\"mainEntityOfPage\":{\"@id\":\"https:\/\/archfondas.lt\/en\/lauren-davies-spalvos-prasme-spalvu-semiotika-zenklodaroje-ir-urbanistineje-aplinkoje\/\"},\"wordCount\":172,\"publisher\":{\"@id\":\"https:\/\/archfondas.lt\/#organization\"},\"image\":{\"@id\":\"https:\/\/archfondas.lt\/en\/lauren-davies-spalvos-prasme-spalvu-semiotika-zenklodaroje-ir-urbanistineje-aplinkoje\/#primaryimage\"},\"thumbnailUrl\":\"https:\/\/archfondas.lt\/wp-content\/uploads\/2025\/12\/Lauren-Davies-2-scaled.jpg\",\"articleSection\":[\"Turinys\"],\"inLanguage\":\"en-US\"},{\"@type\":\"WebPage\",\"@id\":\"https:\/\/archfondas.lt\/en\/lauren-davies-spalvos-prasme-spalvu-semiotika-zenklodaroje-ir-urbanistineje-aplinkoje\/\",\"url\":\"https:\/\/archfondas.lt\/en\/lauren-davies-spalvos-prasme-spalvu-semiotika-zenklodaroje-ir-urbanistineje-aplinkoje\/\",\"name\":\"Lauren Davies \\\"Colour Matters: The Semiotics of Colour in Branding and the Built Environment\\\" &#8211; Architekt\u016bros fondas\",\"isPartOf\":{\"@id\":\"https:\/\/archfondas.lt\/#website\"},\"primaryImageOfPage\":{\"@id\":\"https:\/\/archfondas.lt\/en\/lauren-davies-spalvos-prasme-spalvu-semiotika-zenklodaroje-ir-urbanistineje-aplinkoje\/#primaryimage\"},\"image\":{\"@id\":\"https:\/\/archfondas.lt\/en\/lauren-davies-spalvos-prasme-spalvu-semiotika-zenklodaroje-ir-urbanistineje-aplinkoje\/#primaryimage\"},\"thumbnailUrl\":\"https:\/\/archfondas.lt\/wp-content\/uploads\/2025\/12\/Lauren-Davies-2-scaled.jpg\",\"datePublished\":\"2025-12-11T07:00:42+00:00\",\"dateModified\":\"2025-12-11T07:07:18+00:00\",\"description\":\"Presented as part of the fifth Architekt\u016bros fondas' forum \u201cColour, huh?\u201d on 22 November 2025.\",\"breadcrumb\":{\"@id\":\"https:\/\/archfondas.lt\/en\/lauren-davies-spalvos-prasme-spalvu-semiotika-zenklodaroje-ir-urbanistineje-aplinkoje\/#breadcrumb\"},\"inLanguage\":\"en-US\",\"potentialAction\":[{\"@type\":\"ReadAction\",\"target\":[\"https:\/\/archfondas.lt\/en\/lauren-davies-spalvos-prasme-spalvu-semiotika-zenklodaroje-ir-urbanistineje-aplinkoje\/\"]}]},{\"@type\":\"ImageObject\",\"inLanguage\":\"en-US\",\"@id\":\"https:\/\/archfondas.lt\/en\/lauren-davies-spalvos-prasme-spalvu-semiotika-zenklodaroje-ir-urbanistineje-aplinkoje\/#primaryimage\",\"url\":\"https:\/\/archfondas.lt\/wp-content\/uploads\/2025\/12\/Lauren-Davies-2-scaled.jpg\",\"contentUrl\":\"https:\/\/archfondas.lt\/wp-content\/uploads\/2025\/12\/Lauren-Davies-2-scaled.jpg\",\"width\":2048,\"height\":2560},{\"@type\":\"BreadcrumbList\",\"@id\":\"https:\/\/archfondas.lt\/en\/lauren-davies-spalvos-prasme-spalvu-semiotika-zenklodaroje-ir-urbanistineje-aplinkoje\/#breadcrumb\",\"itemListElement\":[{\"@type\":\"ListItem\",\"position\":1,\"name\":\"Home\",\"item\":\"https:\/\/archfondas.lt\/en\/\"},{\"@type\":\"ListItem\",\"position\":2,\"name\":\"Lauren Davies \u201eColour Matters: The Semiotics of Colour in Branding and the Built Environment\u201c\"}]},{\"@type\":\"WebSite\",\"@id\":\"https:\/\/archfondas.lt\/#website\",\"url\":\"https:\/\/archfondas.lt\/\",\"name\":\"Architekt\u016bros fondas\",\"description\":\"Mes esame nevyriausybin\u0117, pelno nesiekianti organizacija kurianti bei puosel\u0117janti architekt\u016bros kult\u016br\u0105.\",\"publisher\":{\"@id\":\"https:\/\/archfondas.lt\/#organization\"},\"potentialAction\":[{\"@type\":\"SearchAction\",\"target\":{\"@type\":\"EntryPoint\",\"urlTemplate\":\"https:\/\/archfondas.lt\/?s={search_term_string}\"},\"query-input\":{\"@type\":\"PropertyValueSpecification\",\"valueRequired\":true,\"valueName\":\"search_term_string\"}}],\"inLanguage\":\"en-US\"},{\"@type\":\"Organization\",\"@id\":\"https:\/\/archfondas.lt\/#organization\",\"name\":\"Architekt\u016bros fondas\",\"url\":\"https:\/\/archfondas.lt\/\",\"logo\":{\"@type\":\"ImageObject\",\"inLanguage\":\"en-US\",\"@id\":\"https:\/\/archfondas.lt\/#\/schema\/logo\/image\/\",\"url\":\"https:\/\/archfondas.lt\/wp-content\/uploads\/2023\/04\/archfondas-logo.svg\",\"contentUrl\":\"https:\/\/archfondas.lt\/wp-content\/uploads\/2023\/04\/archfondas-logo.svg\",\"width\":483,\"height\":124,\"caption\":\"Architekt\u016bros fondas\"},\"image\":{\"@id\":\"https:\/\/archfondas.lt\/#\/schema\/logo\/image\/\"},\"sameAs\":[\"https:\/\/www.facebook.com\/archfondas\",\"https:\/\/x.com\/archfondas\"]},{\"@type\":\"Person\",\"@id\":\"https:\/\/archfondas.lt\/#\/schema\/person\/12c9a1d214305001c1474d1cddec95cb\",\"name\":\"vilius\",\"image\":{\"@type\":\"ImageObject\",\"inLanguage\":\"en-US\",\"@id\":\"https:\/\/archfondas.lt\/#\/schema\/person\/image\/\",\"url\":\"https:\/\/secure.gravatar.com\/avatar\/29fe3433859d6bb7356cd673e2da7c8b?s=96&d=mm&r=g\",\"contentUrl\":\"https:\/\/secure.gravatar.com\/avatar\/29fe3433859d6bb7356cd673e2da7c8b?s=96&d=mm&r=g\",\"caption\":\"vilius\"},\"url\":\"https:\/\/archfondas.lt\/en\/author\/vilius\/\"}]}<\/script>\n<!-- \/ Yoast SEO plugin. -->","yoast_head_json":{"title":"Lauren Davies \"Colour Matters: The Semiotics of Colour in Branding and the Built Environment\" &#8211; Architekt\u016bros fondas","description":"Presented as part of the fifth Architekt\u016bros fondas' forum \u201cColour, huh?\u201d on 22 November 2025.","robots":{"index":"index","follow":"follow","max-snippet":"max-snippet:-1","max-image-preview":"max-image-preview:large","max-video-preview":"max-video-preview:-1"},"canonical":"https:\/\/archfondas.lt\/en\/lauren-davies-spalvos-prasme-spalvu-semiotika-zenklodaroje-ir-urbanistineje-aplinkoje\/","og_locale":"en_US","og_type":"article","og_title":"Lauren Davies \"Colour Matters: The Semiotics of Colour in Branding and the Built Environment\" &#8211; Architekt\u016bros fondas","og_description":"Presented as part of the fifth Architekt\u016bros fondas' forum \u201cColour, huh?\u201d on 22 November 2025.","og_url":"https:\/\/archfondas.lt\/en\/lauren-davies-spalvos-prasme-spalvu-semiotika-zenklodaroje-ir-urbanistineje-aplinkoje\/","og_site_name":"Architekt\u016bros fondas","article_publisher":"https:\/\/www.facebook.com\/archfondas","article_published_time":"2025-12-11T07:00:42+00:00","article_modified_time":"2025-12-11T07:07:18+00:00","og_image":[{"width":2048,"height":2560,"url":"https:\/\/archfondas.lt\/wp-content\/uploads\/2025\/12\/Lauren-Davies-2-scaled.jpg","type":"image\/jpeg"}],"author":"vilius","twitter_card":"summary_large_image","twitter_creator":"@archfondas","twitter_site":"@archfondas","twitter_misc":{"Written by":"vilius","Est. reading time":"2 minutes"},"schema":{"@context":"https:\/\/schema.org","@graph":[{"@type":"Article","@id":"https:\/\/archfondas.lt\/en\/lauren-davies-spalvos-prasme-spalvu-semiotika-zenklodaroje-ir-urbanistineje-aplinkoje\/#article","isPartOf":{"@id":"https:\/\/archfondas.lt\/en\/lauren-davies-spalvos-prasme-spalvu-semiotika-zenklodaroje-ir-urbanistineje-aplinkoje\/"},"author":{"name":"vilius","@id":"https:\/\/archfondas.lt\/#\/schema\/person\/12c9a1d214305001c1474d1cddec95cb"},"headline":"Lauren Davies &#8220;Colour Matters: The Semiotics of Colour in Branding and the Built Environment&#8221;","datePublished":"2025-12-11T07:00:42+00:00","dateModified":"2025-12-11T07:07:18+00:00","mainEntityOfPage":{"@id":"https:\/\/archfondas.lt\/en\/lauren-davies-spalvos-prasme-spalvu-semiotika-zenklodaroje-ir-urbanistineje-aplinkoje\/"},"wordCount":172,"publisher":{"@id":"https:\/\/archfondas.lt\/#organization"},"image":{"@id":"https:\/\/archfondas.lt\/en\/lauren-davies-spalvos-prasme-spalvu-semiotika-zenklodaroje-ir-urbanistineje-aplinkoje\/#primaryimage"},"thumbnailUrl":"https:\/\/archfondas.lt\/wp-content\/uploads\/2025\/12\/Lauren-Davies-2-scaled.jpg","articleSection":["Turinys"],"inLanguage":"en-US"},{"@type":"WebPage","@id":"https:\/\/archfondas.lt\/en\/lauren-davies-spalvos-prasme-spalvu-semiotika-zenklodaroje-ir-urbanistineje-aplinkoje\/","url":"https:\/\/archfondas.lt\/en\/lauren-davies-spalvos-prasme-spalvu-semiotika-zenklodaroje-ir-urbanistineje-aplinkoje\/","name":"Lauren Davies \"Colour Matters: The Semiotics of Colour in Branding and the Built Environment\" &#8211; Architekt\u016bros fondas","isPartOf":{"@id":"https:\/\/archfondas.lt\/#website"},"primaryImageOfPage":{"@id":"https:\/\/archfondas.lt\/en\/lauren-davies-spalvos-prasme-spalvu-semiotika-zenklodaroje-ir-urbanistineje-aplinkoje\/#primaryimage"},"image":{"@id":"https:\/\/archfondas.lt\/en\/lauren-davies-spalvos-prasme-spalvu-semiotika-zenklodaroje-ir-urbanistineje-aplinkoje\/#primaryimage"},"thumbnailUrl":"https:\/\/archfondas.lt\/wp-content\/uploads\/2025\/12\/Lauren-Davies-2-scaled.jpg","datePublished":"2025-12-11T07:00:42+00:00","dateModified":"2025-12-11T07:07:18+00:00","description":"Presented as part of the fifth Architekt\u016bros fondas' forum \u201cColour, huh?\u201d on 22 November 2025.","breadcrumb":{"@id":"https:\/\/archfondas.lt\/en\/lauren-davies-spalvos-prasme-spalvu-semiotika-zenklodaroje-ir-urbanistineje-aplinkoje\/#breadcrumb"},"inLanguage":"en-US","potentialAction":[{"@type":"ReadAction","target":["https:\/\/archfondas.lt\/en\/lauren-davies-spalvos-prasme-spalvu-semiotika-zenklodaroje-ir-urbanistineje-aplinkoje\/"]}]},{"@type":"ImageObject","inLanguage":"en-US","@id":"https:\/\/archfondas.lt\/en\/lauren-davies-spalvos-prasme-spalvu-semiotika-zenklodaroje-ir-urbanistineje-aplinkoje\/#primaryimage","url":"https:\/\/archfondas.lt\/wp-content\/uploads\/2025\/12\/Lauren-Davies-2-scaled.jpg","contentUrl":"https:\/\/archfondas.lt\/wp-content\/uploads\/2025\/12\/Lauren-Davies-2-scaled.jpg","width":2048,"height":2560},{"@type":"BreadcrumbList","@id":"https:\/\/archfondas.lt\/en\/lauren-davies-spalvos-prasme-spalvu-semiotika-zenklodaroje-ir-urbanistineje-aplinkoje\/#breadcrumb","itemListElement":[{"@type":"ListItem","position":1,"name":"Home","item":"https:\/\/archfondas.lt\/en\/"},{"@type":"ListItem","position":2,"name":"Lauren Davies \u201eColour Matters: The Semiotics of Colour in Branding and the Built Environment\u201c"}]},{"@type":"WebSite","@id":"https:\/\/archfondas.lt\/#website","url":"https:\/\/archfondas.lt\/","name":"Architekt\u016bros fondas","description":"Mes esame nevyriausybin\u0117, pelno nesiekianti organizacija kurianti bei puosel\u0117janti architekt\u016bros kult\u016br\u0105.","publisher":{"@id":"https:\/\/archfondas.lt\/#organization"},"potentialAction":[{"@type":"SearchAction","target":{"@type":"EntryPoint","urlTemplate":"https:\/\/archfondas.lt\/?s={search_term_string}"},"query-input":{"@type":"PropertyValueSpecification","valueRequired":true,"valueName":"search_term_string"}}],"inLanguage":"en-US"},{"@type":"Organization","@id":"https:\/\/archfondas.lt\/#organization","name":"Architekt\u016bros fondas","url":"https:\/\/archfondas.lt\/","logo":{"@type":"ImageObject","inLanguage":"en-US","@id":"https:\/\/archfondas.lt\/#\/schema\/logo\/image\/","url":"https:\/\/archfondas.lt\/wp-content\/uploads\/2023\/04\/archfondas-logo.svg","contentUrl":"https:\/\/archfondas.lt\/wp-content\/uploads\/2023\/04\/archfondas-logo.svg","width":483,"height":124,"caption":"Architekt\u016bros fondas"},"image":{"@id":"https:\/\/archfondas.lt\/#\/schema\/logo\/image\/"},"sameAs":["https:\/\/www.facebook.com\/archfondas","https:\/\/x.com\/archfondas"]},{"@type":"Person","@id":"https:\/\/archfondas.lt\/#\/schema\/person\/12c9a1d214305001c1474d1cddec95cb","name":"vilius","image":{"@type":"ImageObject","inLanguage":"en-US","@id":"https:\/\/archfondas.lt\/#\/schema\/person\/image\/","url":"https:\/\/secure.gravatar.com\/avatar\/29fe3433859d6bb7356cd673e2da7c8b?s=96&d=mm&r=g","contentUrl":"https:\/\/secure.gravatar.com\/avatar\/29fe3433859d6bb7356cd673e2da7c8b?s=96&d=mm&r=g","caption":"vilius"},"url":"https:\/\/archfondas.lt\/en\/author\/vilius\/"}]}},"_links":{"self":[{"href":"https:\/\/archfondas.lt\/en\/wp-json\/wp\/v2\/posts\/30033","targetHints":{"allow":["GET"]}}],"collection":[{"href":"https:\/\/archfondas.lt\/en\/wp-json\/wp\/v2\/posts"}],"about":[{"href":"https:\/\/archfondas.lt\/en\/wp-json\/wp\/v2\/types\/post"}],"author":[{"embeddable":true,"href":"https:\/\/archfondas.lt\/en\/wp-json\/wp\/v2\/users\/2"}],"replies":[{"embeddable":true,"href":"https:\/\/archfondas.lt\/en\/wp-json\/wp\/v2\/comments?post=30033"}],"version-history":[{"count":2,"href":"https:\/\/archfondas.lt\/en\/wp-json\/wp\/v2\/posts\/30033\/revisions"}],"predecessor-version":[{"id":30041,"href":"https:\/\/archfondas.lt\/en\/wp-json\/wp\/v2\/posts\/30033\/revisions\/30041"}],"wp:featuredmedia":[{"embeddable":true,"href":"https:\/\/archfondas.lt\/en\/wp-json\/wp\/v2\/media\/30031"}],"wp:attachment":[{"href":"https:\/\/archfondas.lt\/en\/wp-json\/wp\/v2\/media?parent=30033"}],"wp:term":[{"taxonomy":"category","embeddable":true,"href":"https:\/\/archfondas.lt\/en\/wp-json\/wp\/v2\/categories?post=30033"},{"taxonomy":"post_tag","embeddable":true,"href":"https:\/\/archfondas.lt\/en\/wp-json\/wp\/v2\/tags?post=30033"}],"curies":[{"name":"wp","href":"https:\/\/api.w.org\/{rel}","templated":true}]}}