{"id":30054,"date":"2025-12-11T09:33:46","date_gmt":"2025-12-11T07:33:46","guid":{"rendered":"https:\/\/archfondas.lt\/julius-seniunas-formuoti-be-formos-kalbeti-be-kalbos-zymeti-be-zenklu-rodyti-be-rodykliu\/"},"modified":"2025-12-11T09:37:16","modified_gmt":"2025-12-11T07:37:16","slug":"julius-seniunas-formuoti-be-formos-kalbeti-be-kalbos-zymeti-be-zenklu-rodyti-be-rodykliu","status":"publish","type":"post","link":"https:\/\/archfondas.lt\/en\/julius-seniunas-formuoti-be-formos-kalbeti-be-kalbos-zymeti-be-zenklu-rodyti-be-rodykliu\/","title":{"rendered":"Julius Seni\u016bnas &#8220;To Shape Without Form, Speak Without Language, Mark Without Signs, Guide Without Arrows"},"content":{"rendered":"\n<figure class=\"wp-block-embed is-type-video is-provider-youtube wp-block-embed-youtube wp-embed-aspect-16-9 wp-has-aspect-ratio\"><div class=\"wp-block-embed__wrapper\">\n<iframe loading=\"lazy\" title=\"Praktika | To Shape Without Form, Speak Without Language, Mark Without Signs, Guide Without Arrows\" width=\"500\" height=\"281\" src=\"https:\/\/www.youtube.com\/embed\/7-FrunnBHBk?feature=oembed\" frameborder=\"0\" allow=\"accelerometer; autoplay; clipboard-write; encrypted-media; gyroscope; picture-in-picture; web-share\" referrerpolicy=\"strict-origin-when-cross-origin\" allowfullscreen><\/iframe>\n<\/div><\/figure>\n\n\n\n<hr class=\"wp-block-separator has-alpha-channel-opacity\"\/>\n\n\n\n<p>Colour has no form, yet it can shape the volumes of buildings and the urban environment around us, influence emotions, and alter our sense of scale. Colour has no language, yet it can convey layered histories, invite curiosity, and encourage us to see the city\u2019s past through a different lens. Colour is not a sign, yet it can indicate, highlight, and guide attention \u2013 even within the largest museums or open spaces. Colour has no arrows, yet it can mark the passage of time and frame moments for events, programmes, or gatherings.<\/p>\n\n\n\n<p>Colour is a powerful tool that operates across multiple dimensions \u2013 in urbanism, history, navigation, and time.<\/p>\n\n\n\n<p>Julius Seni\u016bnas is a co-founder of the <em>Praktika<\/em> studio. It is a multidisciplinary architecture and branding studio defined by an open yet rigorously structured approach to creating purposeful work with enduring cultural relevance.<\/p>\n\n\n\n<hr class=\"wp-block-separator has-alpha-channel-opacity\"\/>\n\n\n\n<figure class=\"wp-block-gallery has-nested-images columns-default is-cropped wp-block-gallery-1 is-layout-flex wp-block-gallery-is-layout-flex\">\n<figure class=\"wp-block-image size-large\"><img loading=\"lazy\" decoding=\"async\" width=\"1060\" height=\"707\" data-id=\"30049\" src=\"https:\/\/archfondas.lt\/wp-content\/uploads\/2025\/12\/2025-11-22-ArchFondas-Forumas-28-of-95-1060x707.jpg\" alt=\"Architekt\u016bros fondo forumas \u201eSpalva, k\u0105?\u201c Giedriaus Stonkaus nuotr.\" class=\"wp-image-30049\" srcset=\"https:\/\/archfondas.lt\/wp-content\/uploads\/2025\/12\/2025-11-22-ArchFondas-Forumas-28-of-95-1060x707.jpg 1060w, https:\/\/archfondas.lt\/wp-content\/uploads\/2025\/12\/2025-11-22-ArchFondas-Forumas-28-of-95-300x200.jpg 300w, https:\/\/archfondas.lt\/wp-content\/uploads\/2025\/12\/2025-11-22-ArchFondas-Forumas-28-of-95-768x512.jpg 768w, https:\/\/archfondas.lt\/wp-content\/uploads\/2025\/12\/2025-11-22-ArchFondas-Forumas-28-of-95-1536x1024.jpg 1536w, https:\/\/archfondas.lt\/wp-content\/uploads\/2025\/12\/2025-11-22-ArchFondas-Forumas-28-of-95.jpg 1600w\" sizes=\"auto, (max-width: 1060px) 100vw, 1060px\" \/><figcaption class=\"wp-element-caption\">Architekt\u016bros fondo forumas \u201eSpalva, k\u0105?\u201c Giedriaus Stonkaus nuotr.<\/figcaption><\/figure>\n\n\n\n<figure class=\"wp-block-image size-large\"><img loading=\"lazy\" decoding=\"async\" width=\"707\" height=\"1060\" data-id=\"30045\" src=\"https:\/\/archfondas.lt\/wp-content\/uploads\/2025\/12\/2025-11-22-ArchFondas-Forumas-1-of-95-707x1060.jpg\" alt=\"Architekt\u016bros fondo forumas \u201eSpalva, k\u0105?\u201c Giedriaus Stonkaus nuotr.\" class=\"wp-image-30045\" srcset=\"https:\/\/archfondas.lt\/wp-content\/uploads\/2025\/12\/2025-11-22-ArchFondas-Forumas-1-of-95-707x1060.jpg 707w, https:\/\/archfondas.lt\/wp-content\/uploads\/2025\/12\/2025-11-22-ArchFondas-Forumas-1-of-95-200x300.jpg 200w, https:\/\/archfondas.lt\/wp-content\/uploads\/2025\/12\/2025-11-22-ArchFondas-Forumas-1-of-95-768x1152.jpg 768w, https:\/\/archfondas.lt\/wp-content\/uploads\/2025\/12\/2025-11-22-ArchFondas-Forumas-1-of-95-1024x1536.jpg 1024w, https:\/\/archfondas.lt\/wp-content\/uploads\/2025\/12\/2025-11-22-ArchFondas-Forumas-1-of-95.jpg 1067w\" sizes=\"auto, (max-width: 707px) 100vw, 707px\" \/><figcaption class=\"wp-element-caption\">Architekt\u016bros fondo forumas \u201eSpalva, k\u0105?\u201c Giedriaus Stonkaus nuotr.<\/figcaption><\/figure>\n\n\n\n<figure class=\"wp-block-image size-large\"><img loading=\"lazy\" decoding=\"async\" width=\"707\" height=\"1060\" data-id=\"30051\" src=\"https:\/\/archfondas.lt\/wp-content\/uploads\/2025\/12\/2025-11-22-ArchFondas-Forumas-29-of-95-707x1060.jpg\" alt=\"Architekt\u016bros fondo forumas \u201eSpalva, k\u0105?\u201c Giedriaus Stonkaus nuotr.\" class=\"wp-image-30051\" srcset=\"https:\/\/archfondas.lt\/wp-content\/uploads\/2025\/12\/2025-11-22-ArchFondas-Forumas-29-of-95-707x1060.jpg 707w, https:\/\/archfondas.lt\/wp-content\/uploads\/2025\/12\/2025-11-22-ArchFondas-Forumas-29-of-95-200x300.jpg 200w, https:\/\/archfondas.lt\/wp-content\/uploads\/2025\/12\/2025-11-22-ArchFondas-Forumas-29-of-95-768x1152.jpg 768w, https:\/\/archfondas.lt\/wp-content\/uploads\/2025\/12\/2025-11-22-ArchFondas-Forumas-29-of-95-1024x1536.jpg 1024w, https:\/\/archfondas.lt\/wp-content\/uploads\/2025\/12\/2025-11-22-ArchFondas-Forumas-29-of-95.jpg 1067w\" sizes=\"auto, (max-width: 707px) 100vw, 707px\" \/><figcaption class=\"wp-element-caption\">Architekt\u016bros fondo forumas \u201eSpalva, k\u0105?\u201c Giedriaus Stonkaus nuotr.<\/figcaption><\/figure>\n\n\n\n<figure class=\"wp-block-image size-large\"><img loading=\"lazy\" decoding=\"async\" width=\"1060\" height=\"707\" data-id=\"30047\" src=\"https:\/\/archfondas.lt\/wp-content\/uploads\/2025\/12\/2025-11-22-ArchFondas-Forumas-4-of-95-1060x707.jpg\" alt=\"Architekt\u016bros fondo forumas \u201eSpalva, k\u0105?\u201c Giedriaus Stonkaus nuotr.\" class=\"wp-image-30047\" srcset=\"https:\/\/archfondas.lt\/wp-content\/uploads\/2025\/12\/2025-11-22-ArchFondas-Forumas-4-of-95-1060x707.jpg 1060w, https:\/\/archfondas.lt\/wp-content\/uploads\/2025\/12\/2025-11-22-ArchFondas-Forumas-4-of-95-300x200.jpg 300w, https:\/\/archfondas.lt\/wp-content\/uploads\/2025\/12\/2025-11-22-ArchFondas-Forumas-4-of-95-768x512.jpg 768w, https:\/\/archfondas.lt\/wp-content\/uploads\/2025\/12\/2025-11-22-ArchFondas-Forumas-4-of-95-1536x1024.jpg 1536w, https:\/\/archfondas.lt\/wp-content\/uploads\/2025\/12\/2025-11-22-ArchFondas-Forumas-4-of-95.jpg 1600w\" sizes=\"auto, (max-width: 1060px) 100vw, 1060px\" \/><figcaption class=\"wp-element-caption\">Architekt\u016bros fondo forumas \u201eSpalva, k\u0105?\u201c Giedriaus Stonkaus nuotr.<\/figcaption><\/figure>\n<\/figure>\n\n\n\n<hr class=\"wp-block-separator has-alpha-channel-opacity\"\/>\n\n\n\n<p>Presented as part of the fifth Architekt\u016bros fondas&#8217; forum \u201cColour, huh?\u201d on 22 November 2025.<\/p>\n","protected":false},"excerpt":{"rendered":"<p>Colour has no form, yet it can shape the volumes of buildings and the urban environment around us, influence emotions, and alter our sense of scale. Colour has no language, yet it can convey layered histories, invite curiosity, and encourage us to see the city\u2019s past through a different lens. Colour is not a sign, [&hellip;]<\/p>\n","protected":false},"author":2,"featured_media":30044,"comment_status":"closed","ping_status":"open","sticky":false,"template":"","format":"standard","meta":{"_acf_changed":false,"footnotes":""},"categories":[56],"tags":[],"class_list":["post-30054","post","type-post","status-publish","format-standard","has-post-thumbnail","hentry","category-content-en"],"acf":[],"yoast_head":"<!-- This site is optimized with the Yoast SEO plugin v24.1 - https:\/\/yoast.com\/wordpress\/plugins\/seo\/ -->\n<title>Julius Seni\u016bnas &quot;To Shape Without Form, Speak Without Language, Mark Without Signs, Guide Without Arrows &#8211; Architekt\u016bros fondas<\/title>\n<meta name=\"description\" content=\"Presented as part of the fifth Architekt\u016bros fondas&#039; forum \u201cColour, huh?\u201d on 22 November 2025.\" \/>\n<meta name=\"robots\" content=\"index, follow, max-snippet:-1, max-image-preview:large, max-video-preview:-1\" \/>\n<link rel=\"canonical\" href=\"https:\/\/archfondas.lt\/en\/julius-seniunas-formuoti-be-formos-kalbeti-be-kalbos-zymeti-be-zenklu-rodyti-be-rodykliu\/\" \/>\n<meta property=\"og:locale\" content=\"en_US\" \/>\n<meta property=\"og:type\" content=\"article\" \/>\n<meta property=\"og:title\" content=\"Julius Seni\u016bnas &quot;To Shape Without Form, Speak Without Language, Mark Without Signs, Guide Without Arrows &#8211; Architekt\u016bros fondas\" \/>\n<meta property=\"og:description\" content=\"Presented as part of the fifth Architekt\u016bros fondas&#039; forum \u201cColour, huh?\u201d on 22 November 2025.\" \/>\n<meta property=\"og:url\" content=\"https:\/\/archfondas.lt\/en\/julius-seniunas-formuoti-be-formos-kalbeti-be-kalbos-zymeti-be-zenklu-rodyti-be-rodykliu\/\" \/>\n<meta property=\"og:site_name\" content=\"Architekt\u016bros fondas\" \/>\n<meta property=\"article:publisher\" content=\"https:\/\/www.facebook.com\/archfondas\" \/>\n<meta property=\"article:published_time\" content=\"2025-12-11T07:33:46+00:00\" \/>\n<meta property=\"article:modified_time\" content=\"2025-12-11T07:37:16+00:00\" \/>\n<meta property=\"og:image\" content=\"https:\/\/archfondas.lt\/wp-content\/uploads\/2025\/12\/praktika_arch_forumas_2025-1060x1060.png\" \/>\n\t<meta property=\"og:image:width\" content=\"1060\" \/>\n\t<meta property=\"og:image:height\" content=\"1060\" \/>\n\t<meta property=\"og:image:type\" content=\"image\/png\" \/>\n<meta name=\"author\" content=\"vilius\" \/>\n<meta name=\"twitter:card\" content=\"summary_large_image\" \/>\n<meta name=\"twitter:creator\" content=\"@archfondas\" \/>\n<meta name=\"twitter:site\" content=\"@archfondas\" \/>\n<meta name=\"twitter:label1\" content=\"Written by\" \/>\n\t<meta name=\"twitter:data1\" content=\"vilius\" \/>\n\t<meta name=\"twitter:label2\" content=\"Est. reading time\" \/>\n\t<meta name=\"twitter:data2\" content=\"3 minutes\" \/>\n<script type=\"application\/ld+json\" class=\"yoast-schema-graph\">{\"@context\":\"https:\/\/schema.org\",\"@graph\":[{\"@type\":\"Article\",\"@id\":\"https:\/\/archfondas.lt\/en\/julius-seniunas-formuoti-be-formos-kalbeti-be-kalbos-zymeti-be-zenklu-rodyti-be-rodykliu\/#article\",\"isPartOf\":{\"@id\":\"https:\/\/archfondas.lt\/en\/julius-seniunas-formuoti-be-formos-kalbeti-be-kalbos-zymeti-be-zenklu-rodyti-be-rodykliu\/\"},\"author\":{\"name\":\"vilius\",\"@id\":\"https:\/\/archfondas.lt\/#\/schema\/person\/12c9a1d214305001c1474d1cddec95cb\"},\"headline\":\"Julius Seni\u016bnas &#8220;To Shape Without Form, Speak Without Language, Mark Without Signs, Guide Without Arrows\",\"datePublished\":\"2025-12-11T07:33:46+00:00\",\"dateModified\":\"2025-12-11T07:37:16+00:00\",\"mainEntityOfPage\":{\"@id\":\"https:\/\/archfondas.lt\/en\/julius-seniunas-formuoti-be-formos-kalbeti-be-kalbos-zymeti-be-zenklu-rodyti-be-rodykliu\/\"},\"wordCount\":212,\"publisher\":{\"@id\":\"https:\/\/archfondas.lt\/#organization\"},\"image\":{\"@id\":\"https:\/\/archfondas.lt\/en\/julius-seniunas-formuoti-be-formos-kalbeti-be-kalbos-zymeti-be-zenklu-rodyti-be-rodykliu\/#primaryimage\"},\"thumbnailUrl\":\"https:\/\/archfondas.lt\/wp-content\/uploads\/2025\/12\/praktika_arch_forumas_2025.png\",\"articleSection\":[\"Turinys\"],\"inLanguage\":\"en-US\"},{\"@type\":\"WebPage\",\"@id\":\"https:\/\/archfondas.lt\/en\/julius-seniunas-formuoti-be-formos-kalbeti-be-kalbos-zymeti-be-zenklu-rodyti-be-rodykliu\/\",\"url\":\"https:\/\/archfondas.lt\/en\/julius-seniunas-formuoti-be-formos-kalbeti-be-kalbos-zymeti-be-zenklu-rodyti-be-rodykliu\/\",\"name\":\"Julius Seni\u016bnas \\\"To Shape Without Form, Speak Without Language, Mark Without Signs, Guide Without Arrows &#8211; Architekt\u016bros fondas\",\"isPartOf\":{\"@id\":\"https:\/\/archfondas.lt\/#website\"},\"primaryImageOfPage\":{\"@id\":\"https:\/\/archfondas.lt\/en\/julius-seniunas-formuoti-be-formos-kalbeti-be-kalbos-zymeti-be-zenklu-rodyti-be-rodykliu\/#primaryimage\"},\"image\":{\"@id\":\"https:\/\/archfondas.lt\/en\/julius-seniunas-formuoti-be-formos-kalbeti-be-kalbos-zymeti-be-zenklu-rodyti-be-rodykliu\/#primaryimage\"},\"thumbnailUrl\":\"https:\/\/archfondas.lt\/wp-content\/uploads\/2025\/12\/praktika_arch_forumas_2025.png\",\"datePublished\":\"2025-12-11T07:33:46+00:00\",\"dateModified\":\"2025-12-11T07:37:16+00:00\",\"description\":\"Presented as part of the fifth Architekt\u016bros fondas' forum \u201cColour, huh?\u201d on 22 November 2025.\",\"breadcrumb\":{\"@id\":\"https:\/\/archfondas.lt\/en\/julius-seniunas-formuoti-be-formos-kalbeti-be-kalbos-zymeti-be-zenklu-rodyti-be-rodykliu\/#breadcrumb\"},\"inLanguage\":\"en-US\",\"potentialAction\":[{\"@type\":\"ReadAction\",\"target\":[\"https:\/\/archfondas.lt\/en\/julius-seniunas-formuoti-be-formos-kalbeti-be-kalbos-zymeti-be-zenklu-rodyti-be-rodykliu\/\"]}]},{\"@type\":\"ImageObject\",\"inLanguage\":\"en-US\",\"@id\":\"https:\/\/archfondas.lt\/en\/julius-seniunas-formuoti-be-formos-kalbeti-be-kalbos-zymeti-be-zenklu-rodyti-be-rodykliu\/#primaryimage\",\"url\":\"https:\/\/archfondas.lt\/wp-content\/uploads\/2025\/12\/praktika_arch_forumas_2025.png\",\"contentUrl\":\"https:\/\/archfondas.lt\/wp-content\/uploads\/2025\/12\/praktika_arch_forumas_2025.png\",\"width\":2000,\"height\":2000},{\"@type\":\"BreadcrumbList\",\"@id\":\"https:\/\/archfondas.lt\/en\/julius-seniunas-formuoti-be-formos-kalbeti-be-kalbos-zymeti-be-zenklu-rodyti-be-rodykliu\/#breadcrumb\",\"itemListElement\":[{\"@type\":\"ListItem\",\"position\":1,\"name\":\"Home\",\"item\":\"https:\/\/archfondas.lt\/en\/\"},{\"@type\":\"ListItem\",\"position\":2,\"name\":\"Julius Seni\u016bnas \u201eTo Shape Without Form, Speak Without Language, Mark Without Signs, Guide Without Arrows\"}]},{\"@type\":\"WebSite\",\"@id\":\"https:\/\/archfondas.lt\/#website\",\"url\":\"https:\/\/archfondas.lt\/\",\"name\":\"Architekt\u016bros fondas\",\"description\":\"Mes esame nevyriausybin\u0117, pelno nesiekianti organizacija kurianti bei puosel\u0117janti architekt\u016bros kult\u016br\u0105.\",\"publisher\":{\"@id\":\"https:\/\/archfondas.lt\/#organization\"},\"potentialAction\":[{\"@type\":\"SearchAction\",\"target\":{\"@type\":\"EntryPoint\",\"urlTemplate\":\"https:\/\/archfondas.lt\/?s={search_term_string}\"},\"query-input\":{\"@type\":\"PropertyValueSpecification\",\"valueRequired\":true,\"valueName\":\"search_term_string\"}}],\"inLanguage\":\"en-US\"},{\"@type\":\"Organization\",\"@id\":\"https:\/\/archfondas.lt\/#organization\",\"name\":\"Architekt\u016bros fondas\",\"url\":\"https:\/\/archfondas.lt\/\",\"logo\":{\"@type\":\"ImageObject\",\"inLanguage\":\"en-US\",\"@id\":\"https:\/\/archfondas.lt\/#\/schema\/logo\/image\/\",\"url\":\"https:\/\/archfondas.lt\/wp-content\/uploads\/2023\/04\/archfondas-logo.svg\",\"contentUrl\":\"https:\/\/archfondas.lt\/wp-content\/uploads\/2023\/04\/archfondas-logo.svg\",\"width\":483,\"height\":124,\"caption\":\"Architekt\u016bros fondas\"},\"image\":{\"@id\":\"https:\/\/archfondas.lt\/#\/schema\/logo\/image\/\"},\"sameAs\":[\"https:\/\/www.facebook.com\/archfondas\",\"https:\/\/x.com\/archfondas\"]},{\"@type\":\"Person\",\"@id\":\"https:\/\/archfondas.lt\/#\/schema\/person\/12c9a1d214305001c1474d1cddec95cb\",\"name\":\"vilius\",\"image\":{\"@type\":\"ImageObject\",\"inLanguage\":\"en-US\",\"@id\":\"https:\/\/archfondas.lt\/#\/schema\/person\/image\/\",\"url\":\"https:\/\/secure.gravatar.com\/avatar\/29fe3433859d6bb7356cd673e2da7c8b?s=96&d=mm&r=g\",\"contentUrl\":\"https:\/\/secure.gravatar.com\/avatar\/29fe3433859d6bb7356cd673e2da7c8b?s=96&d=mm&r=g\",\"caption\":\"vilius\"},\"url\":\"https:\/\/archfondas.lt\/en\/author\/vilius\/\"}]}<\/script>\n<!-- \/ Yoast SEO plugin. -->","yoast_head_json":{"title":"Julius Seni\u016bnas \"To Shape Without Form, Speak Without Language, Mark Without Signs, Guide Without Arrows &#8211; Architekt\u016bros fondas","description":"Presented as part of the fifth Architekt\u016bros fondas' forum \u201cColour, huh?\u201d on 22 November 2025.","robots":{"index":"index","follow":"follow","max-snippet":"max-snippet:-1","max-image-preview":"max-image-preview:large","max-video-preview":"max-video-preview:-1"},"canonical":"https:\/\/archfondas.lt\/en\/julius-seniunas-formuoti-be-formos-kalbeti-be-kalbos-zymeti-be-zenklu-rodyti-be-rodykliu\/","og_locale":"en_US","og_type":"article","og_title":"Julius Seni\u016bnas \"To Shape Without Form, Speak Without Language, Mark Without Signs, Guide Without Arrows &#8211; Architekt\u016bros fondas","og_description":"Presented as part of the fifth Architekt\u016bros fondas' forum \u201cColour, huh?\u201d on 22 November 2025.","og_url":"https:\/\/archfondas.lt\/en\/julius-seniunas-formuoti-be-formos-kalbeti-be-kalbos-zymeti-be-zenklu-rodyti-be-rodykliu\/","og_site_name":"Architekt\u016bros fondas","article_publisher":"https:\/\/www.facebook.com\/archfondas","article_published_time":"2025-12-11T07:33:46+00:00","article_modified_time":"2025-12-11T07:37:16+00:00","og_image":[{"width":1060,"height":1060,"url":"https:\/\/archfondas.lt\/wp-content\/uploads\/2025\/12\/praktika_arch_forumas_2025-1060x1060.png","type":"image\/png"}],"author":"vilius","twitter_card":"summary_large_image","twitter_creator":"@archfondas","twitter_site":"@archfondas","twitter_misc":{"Written by":"vilius","Est. reading time":"3 minutes"},"schema":{"@context":"https:\/\/schema.org","@graph":[{"@type":"Article","@id":"https:\/\/archfondas.lt\/en\/julius-seniunas-formuoti-be-formos-kalbeti-be-kalbos-zymeti-be-zenklu-rodyti-be-rodykliu\/#article","isPartOf":{"@id":"https:\/\/archfondas.lt\/en\/julius-seniunas-formuoti-be-formos-kalbeti-be-kalbos-zymeti-be-zenklu-rodyti-be-rodykliu\/"},"author":{"name":"vilius","@id":"https:\/\/archfondas.lt\/#\/schema\/person\/12c9a1d214305001c1474d1cddec95cb"},"headline":"Julius Seni\u016bnas &#8220;To Shape Without Form, Speak Without Language, Mark Without Signs, Guide Without Arrows","datePublished":"2025-12-11T07:33:46+00:00","dateModified":"2025-12-11T07:37:16+00:00","mainEntityOfPage":{"@id":"https:\/\/archfondas.lt\/en\/julius-seniunas-formuoti-be-formos-kalbeti-be-kalbos-zymeti-be-zenklu-rodyti-be-rodykliu\/"},"wordCount":212,"publisher":{"@id":"https:\/\/archfondas.lt\/#organization"},"image":{"@id":"https:\/\/archfondas.lt\/en\/julius-seniunas-formuoti-be-formos-kalbeti-be-kalbos-zymeti-be-zenklu-rodyti-be-rodykliu\/#primaryimage"},"thumbnailUrl":"https:\/\/archfondas.lt\/wp-content\/uploads\/2025\/12\/praktika_arch_forumas_2025.png","articleSection":["Turinys"],"inLanguage":"en-US"},{"@type":"WebPage","@id":"https:\/\/archfondas.lt\/en\/julius-seniunas-formuoti-be-formos-kalbeti-be-kalbos-zymeti-be-zenklu-rodyti-be-rodykliu\/","url":"https:\/\/archfondas.lt\/en\/julius-seniunas-formuoti-be-formos-kalbeti-be-kalbos-zymeti-be-zenklu-rodyti-be-rodykliu\/","name":"Julius Seni\u016bnas \"To Shape Without Form, Speak Without Language, Mark Without Signs, Guide Without Arrows &#8211; Architekt\u016bros fondas","isPartOf":{"@id":"https:\/\/archfondas.lt\/#website"},"primaryImageOfPage":{"@id":"https:\/\/archfondas.lt\/en\/julius-seniunas-formuoti-be-formos-kalbeti-be-kalbos-zymeti-be-zenklu-rodyti-be-rodykliu\/#primaryimage"},"image":{"@id":"https:\/\/archfondas.lt\/en\/julius-seniunas-formuoti-be-formos-kalbeti-be-kalbos-zymeti-be-zenklu-rodyti-be-rodykliu\/#primaryimage"},"thumbnailUrl":"https:\/\/archfondas.lt\/wp-content\/uploads\/2025\/12\/praktika_arch_forumas_2025.png","datePublished":"2025-12-11T07:33:46+00:00","dateModified":"2025-12-11T07:37:16+00:00","description":"Presented as part of the fifth Architekt\u016bros fondas' forum \u201cColour, huh?\u201d on 22 November 2025.","breadcrumb":{"@id":"https:\/\/archfondas.lt\/en\/julius-seniunas-formuoti-be-formos-kalbeti-be-kalbos-zymeti-be-zenklu-rodyti-be-rodykliu\/#breadcrumb"},"inLanguage":"en-US","potentialAction":[{"@type":"ReadAction","target":["https:\/\/archfondas.lt\/en\/julius-seniunas-formuoti-be-formos-kalbeti-be-kalbos-zymeti-be-zenklu-rodyti-be-rodykliu\/"]}]},{"@type":"ImageObject","inLanguage":"en-US","@id":"https:\/\/archfondas.lt\/en\/julius-seniunas-formuoti-be-formos-kalbeti-be-kalbos-zymeti-be-zenklu-rodyti-be-rodykliu\/#primaryimage","url":"https:\/\/archfondas.lt\/wp-content\/uploads\/2025\/12\/praktika_arch_forumas_2025.png","contentUrl":"https:\/\/archfondas.lt\/wp-content\/uploads\/2025\/12\/praktika_arch_forumas_2025.png","width":2000,"height":2000},{"@type":"BreadcrumbList","@id":"https:\/\/archfondas.lt\/en\/julius-seniunas-formuoti-be-formos-kalbeti-be-kalbos-zymeti-be-zenklu-rodyti-be-rodykliu\/#breadcrumb","itemListElement":[{"@type":"ListItem","position":1,"name":"Home","item":"https:\/\/archfondas.lt\/en\/"},{"@type":"ListItem","position":2,"name":"Julius Seni\u016bnas \u201eTo Shape Without Form, Speak Without Language, Mark Without Signs, Guide Without Arrows"}]},{"@type":"WebSite","@id":"https:\/\/archfondas.lt\/#website","url":"https:\/\/archfondas.lt\/","name":"Architekt\u016bros fondas","description":"Mes esame nevyriausybin\u0117, pelno nesiekianti organizacija kurianti bei puosel\u0117janti architekt\u016bros kult\u016br\u0105.","publisher":{"@id":"https:\/\/archfondas.lt\/#organization"},"potentialAction":[{"@type":"SearchAction","target":{"@type":"EntryPoint","urlTemplate":"https:\/\/archfondas.lt\/?s={search_term_string}"},"query-input":{"@type":"PropertyValueSpecification","valueRequired":true,"valueName":"search_term_string"}}],"inLanguage":"en-US"},{"@type":"Organization","@id":"https:\/\/archfondas.lt\/#organization","name":"Architekt\u016bros fondas","url":"https:\/\/archfondas.lt\/","logo":{"@type":"ImageObject","inLanguage":"en-US","@id":"https:\/\/archfondas.lt\/#\/schema\/logo\/image\/","url":"https:\/\/archfondas.lt\/wp-content\/uploads\/2023\/04\/archfondas-logo.svg","contentUrl":"https:\/\/archfondas.lt\/wp-content\/uploads\/2023\/04\/archfondas-logo.svg","width":483,"height":124,"caption":"Architekt\u016bros fondas"},"image":{"@id":"https:\/\/archfondas.lt\/#\/schema\/logo\/image\/"},"sameAs":["https:\/\/www.facebook.com\/archfondas","https:\/\/x.com\/archfondas"]},{"@type":"Person","@id":"https:\/\/archfondas.lt\/#\/schema\/person\/12c9a1d214305001c1474d1cddec95cb","name":"vilius","image":{"@type":"ImageObject","inLanguage":"en-US","@id":"https:\/\/archfondas.lt\/#\/schema\/person\/image\/","url":"https:\/\/secure.gravatar.com\/avatar\/29fe3433859d6bb7356cd673e2da7c8b?s=96&d=mm&r=g","contentUrl":"https:\/\/secure.gravatar.com\/avatar\/29fe3433859d6bb7356cd673e2da7c8b?s=96&d=mm&r=g","caption":"vilius"},"url":"https:\/\/archfondas.lt\/en\/author\/vilius\/"}]}},"_links":{"self":[{"href":"https:\/\/archfondas.lt\/en\/wp-json\/wp\/v2\/posts\/30054","targetHints":{"allow":["GET"]}}],"collection":[{"href":"https:\/\/archfondas.lt\/en\/wp-json\/wp\/v2\/posts"}],"about":[{"href":"https:\/\/archfondas.lt\/en\/wp-json\/wp\/v2\/types\/post"}],"author":[{"embeddable":true,"href":"https:\/\/archfondas.lt\/en\/wp-json\/wp\/v2\/users\/2"}],"replies":[{"embeddable":true,"href":"https:\/\/archfondas.lt\/en\/wp-json\/wp\/v2\/comments?post=30054"}],"version-history":[{"count":2,"href":"https:\/\/archfondas.lt\/en\/wp-json\/wp\/v2\/posts\/30054\/revisions"}],"predecessor-version":[{"id":30056,"href":"https:\/\/archfondas.lt\/en\/wp-json\/wp\/v2\/posts\/30054\/revisions\/30056"}],"wp:featuredmedia":[{"embeddable":true,"href":"https:\/\/archfondas.lt\/en\/wp-json\/wp\/v2\/media\/30044"}],"wp:attachment":[{"href":"https:\/\/archfondas.lt\/en\/wp-json\/wp\/v2\/media?parent=30054"}],"wp:term":[{"taxonomy":"category","embeddable":true,"href":"https:\/\/archfondas.lt\/en\/wp-json\/wp\/v2\/categories?post=30054"},{"taxonomy":"post_tag","embeddable":true,"href":"https:\/\/archfondas.lt\/en\/wp-json\/wp\/v2\/tags?post=30054"}],"curies":[{"name":"wp","href":"https:\/\/api.w.org\/{rel}","templated":true}]}}