{"id":30069,"date":"2025-12-11T10:15:06","date_gmt":"2025-12-11T08:15:06","guid":{"rendered":"https:\/\/archfondas.lt\/sina-hensel-spalvu-ekologijos-siltesnio-amziaus-atspalviai\/"},"modified":"2025-12-11T10:17:13","modified_gmt":"2025-12-11T08:17:13","slug":"sina-hensel-spectral-ecologies-palettes-of-a-warmer-century","status":"publish","type":"post","link":"https:\/\/archfondas.lt\/en\/sina-hensel-spectral-ecologies-palettes-of-a-warmer-century\/","title":{"rendered":"Sina Hensel &#8220;Spectral Ecologies: Palettes of a Warmer Century&#8221;"},"content":{"rendered":"\n<figure class=\"wp-block-embed is-type-video is-provider-youtube wp-block-embed-youtube wp-embed-aspect-16-9 wp-has-aspect-ratio\"><div class=\"wp-block-embed__wrapper\">\n<iframe loading=\"lazy\" title=\"Sina Hensel | Spectral Ecologies: Palettes of a Warmer Century\" width=\"500\" height=\"281\" src=\"https:\/\/www.youtube.com\/embed\/nkYdL2WWCcQ?feature=oembed\" frameborder=\"0\" allow=\"accelerometer; autoplay; clipboard-write; encrypted-media; gyroscope; picture-in-picture; web-share\" referrerpolicy=\"strict-origin-when-cross-origin\" allowfullscreen><\/iframe>\n<\/div><\/figure>\n\n\n\n<hr class=\"wp-block-separator has-alpha-channel-opacity\"\/>\n\n\n\n<p>Sina is a Brussels based visual artist and PhD researcher with a special focus on critical colour practices. They include the question of various ecologies of colour and the kaleidoscopic transformations caused by the current and future chemical make-ups of landscapes and environments.<\/p>\n\n\n\n<p>&#8220;At the intersection of colour and ecology, I look towards the adaptive colouring practices of seas, oceans, plants, birds, mountains or microalgae and many more. They are the ones who carry the signatures of a shifting climate. Their colour \u2013 as organic matter \u2013 is ever transforming with exposure to sunlight, heat and moisture and therefore asks us questions about our human relationships to (im)permanence, transformation, ecology or the notion of loss.&#8221;<\/p>\n\n\n\n<hr class=\"wp-block-separator has-alpha-channel-opacity\"\/>\n\n\n\n<figure class=\"wp-block-gallery has-nested-images columns-default is-cropped wp-block-gallery-1 is-layout-flex wp-block-gallery-is-layout-flex\">\n<figure class=\"wp-block-image size-large\"><img loading=\"lazy\" decoding=\"async\" width=\"707\" height=\"1060\" data-id=\"30062\" src=\"https:\/\/archfondas.lt\/wp-content\/uploads\/2025\/12\/2025-11-22-ArchFondas-Forumas-9-of-95-707x1060.jpg\" alt=\"Architekt\u016bros fondo forumas \u201eSpalva, k\u0105?\u201c Giedriaus Stonkaus nuotr.\" class=\"wp-image-30062\" srcset=\"https:\/\/archfondas.lt\/wp-content\/uploads\/2025\/12\/2025-11-22-ArchFondas-Forumas-9-of-95-707x1060.jpg 707w, https:\/\/archfondas.lt\/wp-content\/uploads\/2025\/12\/2025-11-22-ArchFondas-Forumas-9-of-95-200x300.jpg 200w, https:\/\/archfondas.lt\/wp-content\/uploads\/2025\/12\/2025-11-22-ArchFondas-Forumas-9-of-95-768x1152.jpg 768w, https:\/\/archfondas.lt\/wp-content\/uploads\/2025\/12\/2025-11-22-ArchFondas-Forumas-9-of-95-1024x1536.jpg 1024w, https:\/\/archfondas.lt\/wp-content\/uploads\/2025\/12\/2025-11-22-ArchFondas-Forumas-9-of-95.jpg 1067w\" sizes=\"auto, (max-width: 707px) 100vw, 707px\" \/><figcaption class=\"wp-element-caption\">Architekt\u016bros fondo forumas \u201eSpalva, k\u0105?\u201c Giedriaus Stonkaus nuotr.<\/figcaption><\/figure>\n\n\n\n<figure class=\"wp-block-image size-large\"><img loading=\"lazy\" decoding=\"async\" width=\"1060\" height=\"707\" data-id=\"30064\" src=\"https:\/\/archfondas.lt\/wp-content\/uploads\/2025\/12\/2025-11-22-ArchFondas-Forumas-42-of-95-1060x707.jpg\" alt=\"Architekt\u016bros fondo forumas \u201eSpalva, k\u0105?\u201c Giedriaus Stonkaus nuotr.\" class=\"wp-image-30064\" srcset=\"https:\/\/archfondas.lt\/wp-content\/uploads\/2025\/12\/2025-11-22-ArchFondas-Forumas-42-of-95-1060x707.jpg 1060w, https:\/\/archfondas.lt\/wp-content\/uploads\/2025\/12\/2025-11-22-ArchFondas-Forumas-42-of-95-300x200.jpg 300w, https:\/\/archfondas.lt\/wp-content\/uploads\/2025\/12\/2025-11-22-ArchFondas-Forumas-42-of-95-768x512.jpg 768w, https:\/\/archfondas.lt\/wp-content\/uploads\/2025\/12\/2025-11-22-ArchFondas-Forumas-42-of-95-1536x1024.jpg 1536w, https:\/\/archfondas.lt\/wp-content\/uploads\/2025\/12\/2025-11-22-ArchFondas-Forumas-42-of-95.jpg 1600w\" sizes=\"auto, (max-width: 1060px) 100vw, 1060px\" \/><figcaption class=\"wp-element-caption\">Architekt\u016bros fondo forumas \u201eSpalva, k\u0105?\u201c Giedriaus Stonkaus nuotr.<\/figcaption><\/figure>\n\n\n\n<figure class=\"wp-block-image size-large\"><img loading=\"lazy\" decoding=\"async\" width=\"707\" height=\"1060\" data-id=\"30060\" src=\"https:\/\/archfondas.lt\/wp-content\/uploads\/2025\/12\/2025-11-22-ArchFondas-Forumas-45-of-95-707x1060.jpg\" alt=\"Architekt\u016bros fondo forumas \u201eSpalva, k\u0105?\u201c Giedriaus Stonkaus nuotr.\" class=\"wp-image-30060\" srcset=\"https:\/\/archfondas.lt\/wp-content\/uploads\/2025\/12\/2025-11-22-ArchFondas-Forumas-45-of-95-707x1060.jpg 707w, https:\/\/archfondas.lt\/wp-content\/uploads\/2025\/12\/2025-11-22-ArchFondas-Forumas-45-of-95-200x300.jpg 200w, https:\/\/archfondas.lt\/wp-content\/uploads\/2025\/12\/2025-11-22-ArchFondas-Forumas-45-of-95-768x1152.jpg 768w, https:\/\/archfondas.lt\/wp-content\/uploads\/2025\/12\/2025-11-22-ArchFondas-Forumas-45-of-95-1024x1536.jpg 1024w, https:\/\/archfondas.lt\/wp-content\/uploads\/2025\/12\/2025-11-22-ArchFondas-Forumas-45-of-95.jpg 1067w\" sizes=\"auto, (max-width: 707px) 100vw, 707px\" \/><figcaption class=\"wp-element-caption\">Architekt\u016bros fondo forumas \u201eSpalva, k\u0105?\u201c Giedriaus Stonkaus nuotr.<\/figcaption><\/figure>\n\n\n\n<figure class=\"wp-block-image size-large\"><img loading=\"lazy\" decoding=\"async\" width=\"1060\" height=\"707\" data-id=\"30066\" src=\"https:\/\/archfondas.lt\/wp-content\/uploads\/2025\/12\/2025-11-22-ArchFondas-Forumas-44-of-95-1060x707.jpg\" alt=\"Architekt\u016bros fondo forumas \u201eSpalva, k\u0105?\u201c Giedriaus Stonkaus nuotr.\" class=\"wp-image-30066\" srcset=\"https:\/\/archfondas.lt\/wp-content\/uploads\/2025\/12\/2025-11-22-ArchFondas-Forumas-44-of-95-1060x707.jpg 1060w, https:\/\/archfondas.lt\/wp-content\/uploads\/2025\/12\/2025-11-22-ArchFondas-Forumas-44-of-95-300x200.jpg 300w, https:\/\/archfondas.lt\/wp-content\/uploads\/2025\/12\/2025-11-22-ArchFondas-Forumas-44-of-95-768x512.jpg 768w, https:\/\/archfondas.lt\/wp-content\/uploads\/2025\/12\/2025-11-22-ArchFondas-Forumas-44-of-95-1536x1024.jpg 1536w, https:\/\/archfondas.lt\/wp-content\/uploads\/2025\/12\/2025-11-22-ArchFondas-Forumas-44-of-95.jpg 1600w\" sizes=\"auto, (max-width: 1060px) 100vw, 1060px\" \/><figcaption class=\"wp-element-caption\">Architekt\u016bros fondo forumas \u201eSpalva, k\u0105?\u201c Giedriaus Stonkaus nuotr.<\/figcaption><\/figure>\n<\/figure>\n\n\n\n<hr class=\"wp-block-separator has-alpha-channel-opacity\"\/>\n\n\n\n<p>Presented as part of the fifth Architekt\u016bros fondas&#8217; forum \u201cColour, huh?\u201d on 22 November 2025.<\/p>\n","protected":false},"excerpt":{"rendered":"<p>Sina is a Brussels based visual artist and PhD researcher with a special focus on critical colour practices. They include the question of various ecologies of colour and the kaleidoscopic transformations caused by the current and future chemical make-ups of landscapes and environments. &#8220;At the intersection of colour and ecology, I look towards the adaptive [&hellip;]<\/p>\n","protected":false},"author":2,"featured_media":30059,"comment_status":"closed","ping_status":"open","sticky":false,"template":"","format":"standard","meta":{"_acf_changed":false,"footnotes":""},"categories":[56],"tags":[],"class_list":["post-30069","post","type-post","status-publish","format-standard","has-post-thumbnail","hentry","category-content-en"],"acf":[],"yoast_head":"<!-- This site is optimized with the Yoast SEO plugin v24.1 - https:\/\/yoast.com\/wordpress\/plugins\/seo\/ -->\n<title>Sina Hensel &quot;Spectral Ecologies: Palettes of a Warmer Century&quot; &#8211; Architekt\u016bros fondas<\/title>\n<meta name=\"description\" content=\"Presented as part of the fifth Architekt\u016bros fondas&#039; forum \u201cColour, huh?\u201d on 22 November 2025.\" \/>\n<meta name=\"robots\" content=\"index, follow, max-snippet:-1, max-image-preview:large, max-video-preview:-1\" \/>\n<link rel=\"canonical\" href=\"https:\/\/archfondas.lt\/en\/sina-hensel-spectral-ecologies-palettes-of-a-warmer-century\/\" \/>\n<meta property=\"og:locale\" content=\"en_US\" \/>\n<meta property=\"og:type\" content=\"article\" \/>\n<meta property=\"og:title\" content=\"Sina Hensel &quot;Spectral Ecologies: Palettes of a Warmer Century&quot; &#8211; Architekt\u016bros fondas\" \/>\n<meta property=\"og:description\" content=\"Presented as part of the fifth Architekt\u016bros fondas&#039; forum \u201cColour, huh?\u201d on 22 November 2025.\" \/>\n<meta property=\"og:url\" content=\"https:\/\/archfondas.lt\/en\/sina-hensel-spectral-ecologies-palettes-of-a-warmer-century\/\" \/>\n<meta property=\"og:site_name\" content=\"Architekt\u016bros fondas\" \/>\n<meta property=\"article:publisher\" content=\"https:\/\/www.facebook.com\/archfondas\" \/>\n<meta property=\"article:published_time\" content=\"2025-12-11T08:15:06+00:00\" \/>\n<meta property=\"article:modified_time\" content=\"2025-12-11T08:17:13+00:00\" \/>\n<meta property=\"og:image\" content=\"https:\/\/archfondas.lt\/wp-content\/uploads\/2025\/12\/Sina-Laguna-Colorada-Atacama-Desert-2023-taken-by-Sina-Hensel.png\" \/>\n\t<meta property=\"og:image:width\" content=\"1920\" \/>\n\t<meta property=\"og:image:height\" content=\"1080\" \/>\n\t<meta property=\"og:image:type\" content=\"image\/png\" \/>\n<meta name=\"author\" content=\"vilius\" \/>\n<meta name=\"twitter:card\" content=\"summary_large_image\" \/>\n<meta name=\"twitter:creator\" content=\"@archfondas\" \/>\n<meta name=\"twitter:site\" content=\"@archfondas\" \/>\n<meta name=\"twitter:label1\" content=\"Written by\" \/>\n\t<meta name=\"twitter:data1\" content=\"vilius\" \/>\n\t<meta name=\"twitter:label2\" content=\"Est. reading time\" \/>\n\t<meta name=\"twitter:data2\" content=\"2 minutes\" \/>\n<script type=\"application\/ld+json\" class=\"yoast-schema-graph\">{\"@context\":\"https:\/\/schema.org\",\"@graph\":[{\"@type\":\"Article\",\"@id\":\"https:\/\/archfondas.lt\/en\/sina-hensel-spectral-ecologies-palettes-of-a-warmer-century\/#article\",\"isPartOf\":{\"@id\":\"https:\/\/archfondas.lt\/en\/sina-hensel-spectral-ecologies-palettes-of-a-warmer-century\/\"},\"author\":{\"name\":\"vilius\",\"@id\":\"https:\/\/archfondas.lt\/#\/schema\/person\/12c9a1d214305001c1474d1cddec95cb\"},\"headline\":\"Sina Hensel &#8220;Spectral Ecologies: Palettes of a Warmer Century&#8221;\",\"datePublished\":\"2025-12-11T08:15:06+00:00\",\"dateModified\":\"2025-12-11T08:17:13+00:00\",\"mainEntityOfPage\":{\"@id\":\"https:\/\/archfondas.lt\/en\/sina-hensel-spectral-ecologies-palettes-of-a-warmer-century\/\"},\"wordCount\":178,\"publisher\":{\"@id\":\"https:\/\/archfondas.lt\/#organization\"},\"image\":{\"@id\":\"https:\/\/archfondas.lt\/en\/sina-hensel-spectral-ecologies-palettes-of-a-warmer-century\/#primaryimage\"},\"thumbnailUrl\":\"https:\/\/archfondas.lt\/wp-content\/uploads\/2025\/12\/Sina-Laguna-Colorada-Atacama-Desert-2023-taken-by-Sina-Hensel.png\",\"articleSection\":[\"Turinys\"],\"inLanguage\":\"en-US\"},{\"@type\":\"WebPage\",\"@id\":\"https:\/\/archfondas.lt\/en\/sina-hensel-spectral-ecologies-palettes-of-a-warmer-century\/\",\"url\":\"https:\/\/archfondas.lt\/en\/sina-hensel-spectral-ecologies-palettes-of-a-warmer-century\/\",\"name\":\"Sina Hensel \\\"Spectral Ecologies: Palettes of a Warmer Century\\\" &#8211; Architekt\u016bros fondas\",\"isPartOf\":{\"@id\":\"https:\/\/archfondas.lt\/#website\"},\"primaryImageOfPage\":{\"@id\":\"https:\/\/archfondas.lt\/en\/sina-hensel-spectral-ecologies-palettes-of-a-warmer-century\/#primaryimage\"},\"image\":{\"@id\":\"https:\/\/archfondas.lt\/en\/sina-hensel-spectral-ecologies-palettes-of-a-warmer-century\/#primaryimage\"},\"thumbnailUrl\":\"https:\/\/archfondas.lt\/wp-content\/uploads\/2025\/12\/Sina-Laguna-Colorada-Atacama-Desert-2023-taken-by-Sina-Hensel.png\",\"datePublished\":\"2025-12-11T08:15:06+00:00\",\"dateModified\":\"2025-12-11T08:17:13+00:00\",\"description\":\"Presented as part of the fifth Architekt\u016bros fondas' forum \u201cColour, huh?\u201d on 22 November 2025.\",\"breadcrumb\":{\"@id\":\"https:\/\/archfondas.lt\/en\/sina-hensel-spectral-ecologies-palettes-of-a-warmer-century\/#breadcrumb\"},\"inLanguage\":\"en-US\",\"potentialAction\":[{\"@type\":\"ReadAction\",\"target\":[\"https:\/\/archfondas.lt\/en\/sina-hensel-spectral-ecologies-palettes-of-a-warmer-century\/\"]}]},{\"@type\":\"ImageObject\",\"inLanguage\":\"en-US\",\"@id\":\"https:\/\/archfondas.lt\/en\/sina-hensel-spectral-ecologies-palettes-of-a-warmer-century\/#primaryimage\",\"url\":\"https:\/\/archfondas.lt\/wp-content\/uploads\/2025\/12\/Sina-Laguna-Colorada-Atacama-Desert-2023-taken-by-Sina-Hensel.png\",\"contentUrl\":\"https:\/\/archfondas.lt\/wp-content\/uploads\/2025\/12\/Sina-Laguna-Colorada-Atacama-Desert-2023-taken-by-Sina-Hensel.png\",\"width\":1920,\"height\":1080,\"caption\":\"Sinos Hensel nuotr. Kolorados lag\u016bna, Atakamos dykuma, 2023. Kolorados lag\u016bnoje auga mikrodumblis Dunaliella salina, kuris paprastai b\u016bna \u017ealias, ta\u010diau reaguodamas \u012f aplinkos stres\u0105 i\u0161skiria ry\u0161kiai raudonus pigmentus.\"},{\"@type\":\"BreadcrumbList\",\"@id\":\"https:\/\/archfondas.lt\/en\/sina-hensel-spectral-ecologies-palettes-of-a-warmer-century\/#breadcrumb\",\"itemListElement\":[{\"@type\":\"ListItem\",\"position\":1,\"name\":\"Home\",\"item\":\"https:\/\/archfondas.lt\/en\/\"},{\"@type\":\"ListItem\",\"position\":2,\"name\":\"Sina Hensel \u201eSpectral Ecologies: Palettes of a Warmer Century\u201c\"}]},{\"@type\":\"WebSite\",\"@id\":\"https:\/\/archfondas.lt\/#website\",\"url\":\"https:\/\/archfondas.lt\/\",\"name\":\"Architekt\u016bros fondas\",\"description\":\"Mes esame nevyriausybin\u0117, pelno nesiekianti organizacija kurianti bei puosel\u0117janti architekt\u016bros kult\u016br\u0105.\",\"publisher\":{\"@id\":\"https:\/\/archfondas.lt\/#organization\"},\"potentialAction\":[{\"@type\":\"SearchAction\",\"target\":{\"@type\":\"EntryPoint\",\"urlTemplate\":\"https:\/\/archfondas.lt\/?s={search_term_string}\"},\"query-input\":{\"@type\":\"PropertyValueSpecification\",\"valueRequired\":true,\"valueName\":\"search_term_string\"}}],\"inLanguage\":\"en-US\"},{\"@type\":\"Organization\",\"@id\":\"https:\/\/archfondas.lt\/#organization\",\"name\":\"Architekt\u016bros fondas\",\"url\":\"https:\/\/archfondas.lt\/\",\"logo\":{\"@type\":\"ImageObject\",\"inLanguage\":\"en-US\",\"@id\":\"https:\/\/archfondas.lt\/#\/schema\/logo\/image\/\",\"url\":\"https:\/\/archfondas.lt\/wp-content\/uploads\/2023\/04\/archfondas-logo.svg\",\"contentUrl\":\"https:\/\/archfondas.lt\/wp-content\/uploads\/2023\/04\/archfondas-logo.svg\",\"width\":483,\"height\":124,\"caption\":\"Architekt\u016bros fondas\"},\"image\":{\"@id\":\"https:\/\/archfondas.lt\/#\/schema\/logo\/image\/\"},\"sameAs\":[\"https:\/\/www.facebook.com\/archfondas\",\"https:\/\/x.com\/archfondas\"]},{\"@type\":\"Person\",\"@id\":\"https:\/\/archfondas.lt\/#\/schema\/person\/12c9a1d214305001c1474d1cddec95cb\",\"name\":\"vilius\",\"image\":{\"@type\":\"ImageObject\",\"inLanguage\":\"en-US\",\"@id\":\"https:\/\/archfondas.lt\/#\/schema\/person\/image\/\",\"url\":\"https:\/\/secure.gravatar.com\/avatar\/29fe3433859d6bb7356cd673e2da7c8b?s=96&d=mm&r=g\",\"contentUrl\":\"https:\/\/secure.gravatar.com\/avatar\/29fe3433859d6bb7356cd673e2da7c8b?s=96&d=mm&r=g\",\"caption\":\"vilius\"},\"url\":\"https:\/\/archfondas.lt\/en\/author\/vilius\/\"}]}<\/script>\n<!-- \/ Yoast SEO plugin. -->","yoast_head_json":{"title":"Sina Hensel \"Spectral Ecologies: Palettes of a Warmer Century\" &#8211; Architekt\u016bros fondas","description":"Presented as part of the fifth Architekt\u016bros fondas' forum \u201cColour, huh?\u201d on 22 November 2025.","robots":{"index":"index","follow":"follow","max-snippet":"max-snippet:-1","max-image-preview":"max-image-preview:large","max-video-preview":"max-video-preview:-1"},"canonical":"https:\/\/archfondas.lt\/en\/sina-hensel-spectral-ecologies-palettes-of-a-warmer-century\/","og_locale":"en_US","og_type":"article","og_title":"Sina Hensel \"Spectral Ecologies: Palettes of a Warmer Century\" &#8211; Architekt\u016bros fondas","og_description":"Presented as part of the fifth Architekt\u016bros fondas' forum \u201cColour, huh?\u201d on 22 November 2025.","og_url":"https:\/\/archfondas.lt\/en\/sina-hensel-spectral-ecologies-palettes-of-a-warmer-century\/","og_site_name":"Architekt\u016bros fondas","article_publisher":"https:\/\/www.facebook.com\/archfondas","article_published_time":"2025-12-11T08:15:06+00:00","article_modified_time":"2025-12-11T08:17:13+00:00","og_image":[{"width":1920,"height":1080,"url":"https:\/\/archfondas.lt\/wp-content\/uploads\/2025\/12\/Sina-Laguna-Colorada-Atacama-Desert-2023-taken-by-Sina-Hensel.png","type":"image\/png"}],"author":"vilius","twitter_card":"summary_large_image","twitter_creator":"@archfondas","twitter_site":"@archfondas","twitter_misc":{"Written by":"vilius","Est. reading time":"2 minutes"},"schema":{"@context":"https:\/\/schema.org","@graph":[{"@type":"Article","@id":"https:\/\/archfondas.lt\/en\/sina-hensel-spectral-ecologies-palettes-of-a-warmer-century\/#article","isPartOf":{"@id":"https:\/\/archfondas.lt\/en\/sina-hensel-spectral-ecologies-palettes-of-a-warmer-century\/"},"author":{"name":"vilius","@id":"https:\/\/archfondas.lt\/#\/schema\/person\/12c9a1d214305001c1474d1cddec95cb"},"headline":"Sina Hensel &#8220;Spectral Ecologies: Palettes of a Warmer Century&#8221;","datePublished":"2025-12-11T08:15:06+00:00","dateModified":"2025-12-11T08:17:13+00:00","mainEntityOfPage":{"@id":"https:\/\/archfondas.lt\/en\/sina-hensel-spectral-ecologies-palettes-of-a-warmer-century\/"},"wordCount":178,"publisher":{"@id":"https:\/\/archfondas.lt\/#organization"},"image":{"@id":"https:\/\/archfondas.lt\/en\/sina-hensel-spectral-ecologies-palettes-of-a-warmer-century\/#primaryimage"},"thumbnailUrl":"https:\/\/archfondas.lt\/wp-content\/uploads\/2025\/12\/Sina-Laguna-Colorada-Atacama-Desert-2023-taken-by-Sina-Hensel.png","articleSection":["Turinys"],"inLanguage":"en-US"},{"@type":"WebPage","@id":"https:\/\/archfondas.lt\/en\/sina-hensel-spectral-ecologies-palettes-of-a-warmer-century\/","url":"https:\/\/archfondas.lt\/en\/sina-hensel-spectral-ecologies-palettes-of-a-warmer-century\/","name":"Sina Hensel \"Spectral Ecologies: Palettes of a Warmer Century\" &#8211; Architekt\u016bros fondas","isPartOf":{"@id":"https:\/\/archfondas.lt\/#website"},"primaryImageOfPage":{"@id":"https:\/\/archfondas.lt\/en\/sina-hensel-spectral-ecologies-palettes-of-a-warmer-century\/#primaryimage"},"image":{"@id":"https:\/\/archfondas.lt\/en\/sina-hensel-spectral-ecologies-palettes-of-a-warmer-century\/#primaryimage"},"thumbnailUrl":"https:\/\/archfondas.lt\/wp-content\/uploads\/2025\/12\/Sina-Laguna-Colorada-Atacama-Desert-2023-taken-by-Sina-Hensel.png","datePublished":"2025-12-11T08:15:06+00:00","dateModified":"2025-12-11T08:17:13+00:00","description":"Presented as part of the fifth Architekt\u016bros fondas' forum \u201cColour, huh?\u201d on 22 November 2025.","breadcrumb":{"@id":"https:\/\/archfondas.lt\/en\/sina-hensel-spectral-ecologies-palettes-of-a-warmer-century\/#breadcrumb"},"inLanguage":"en-US","potentialAction":[{"@type":"ReadAction","target":["https:\/\/archfondas.lt\/en\/sina-hensel-spectral-ecologies-palettes-of-a-warmer-century\/"]}]},{"@type":"ImageObject","inLanguage":"en-US","@id":"https:\/\/archfondas.lt\/en\/sina-hensel-spectral-ecologies-palettes-of-a-warmer-century\/#primaryimage","url":"https:\/\/archfondas.lt\/wp-content\/uploads\/2025\/12\/Sina-Laguna-Colorada-Atacama-Desert-2023-taken-by-Sina-Hensel.png","contentUrl":"https:\/\/archfondas.lt\/wp-content\/uploads\/2025\/12\/Sina-Laguna-Colorada-Atacama-Desert-2023-taken-by-Sina-Hensel.png","width":1920,"height":1080,"caption":"Sinos Hensel nuotr. Kolorados lag\u016bna, Atakamos dykuma, 2023. Kolorados lag\u016bnoje auga mikrodumblis Dunaliella salina, kuris paprastai b\u016bna \u017ealias, ta\u010diau reaguodamas \u012f aplinkos stres\u0105 i\u0161skiria ry\u0161kiai raudonus pigmentus."},{"@type":"BreadcrumbList","@id":"https:\/\/archfondas.lt\/en\/sina-hensel-spectral-ecologies-palettes-of-a-warmer-century\/#breadcrumb","itemListElement":[{"@type":"ListItem","position":1,"name":"Home","item":"https:\/\/archfondas.lt\/en\/"},{"@type":"ListItem","position":2,"name":"Sina Hensel \u201eSpectral Ecologies: Palettes of a Warmer Century\u201c"}]},{"@type":"WebSite","@id":"https:\/\/archfondas.lt\/#website","url":"https:\/\/archfondas.lt\/","name":"Architekt\u016bros fondas","description":"Mes esame nevyriausybin\u0117, pelno nesiekianti organizacija kurianti bei puosel\u0117janti architekt\u016bros kult\u016br\u0105.","publisher":{"@id":"https:\/\/archfondas.lt\/#organization"},"potentialAction":[{"@type":"SearchAction","target":{"@type":"EntryPoint","urlTemplate":"https:\/\/archfondas.lt\/?s={search_term_string}"},"query-input":{"@type":"PropertyValueSpecification","valueRequired":true,"valueName":"search_term_string"}}],"inLanguage":"en-US"},{"@type":"Organization","@id":"https:\/\/archfondas.lt\/#organization","name":"Architekt\u016bros fondas","url":"https:\/\/archfondas.lt\/","logo":{"@type":"ImageObject","inLanguage":"en-US","@id":"https:\/\/archfondas.lt\/#\/schema\/logo\/image\/","url":"https:\/\/archfondas.lt\/wp-content\/uploads\/2023\/04\/archfondas-logo.svg","contentUrl":"https:\/\/archfondas.lt\/wp-content\/uploads\/2023\/04\/archfondas-logo.svg","width":483,"height":124,"caption":"Architekt\u016bros fondas"},"image":{"@id":"https:\/\/archfondas.lt\/#\/schema\/logo\/image\/"},"sameAs":["https:\/\/www.facebook.com\/archfondas","https:\/\/x.com\/archfondas"]},{"@type":"Person","@id":"https:\/\/archfondas.lt\/#\/schema\/person\/12c9a1d214305001c1474d1cddec95cb","name":"vilius","image":{"@type":"ImageObject","inLanguage":"en-US","@id":"https:\/\/archfondas.lt\/#\/schema\/person\/image\/","url":"https:\/\/secure.gravatar.com\/avatar\/29fe3433859d6bb7356cd673e2da7c8b?s=96&d=mm&r=g","contentUrl":"https:\/\/secure.gravatar.com\/avatar\/29fe3433859d6bb7356cd673e2da7c8b?s=96&d=mm&r=g","caption":"vilius"},"url":"https:\/\/archfondas.lt\/en\/author\/vilius\/"}]}},"_links":{"self":[{"href":"https:\/\/archfondas.lt\/en\/wp-json\/wp\/v2\/posts\/30069","targetHints":{"allow":["GET"]}}],"collection":[{"href":"https:\/\/archfondas.lt\/en\/wp-json\/wp\/v2\/posts"}],"about":[{"href":"https:\/\/archfondas.lt\/en\/wp-json\/wp\/v2\/types\/post"}],"author":[{"embeddable":true,"href":"https:\/\/archfondas.lt\/en\/wp-json\/wp\/v2\/users\/2"}],"replies":[{"embeddable":true,"href":"https:\/\/archfondas.lt\/en\/wp-json\/wp\/v2\/comments?post=30069"}],"version-history":[{"count":2,"href":"https:\/\/archfondas.lt\/en\/wp-json\/wp\/v2\/posts\/30069\/revisions"}],"predecessor-version":[{"id":30071,"href":"https:\/\/archfondas.lt\/en\/wp-json\/wp\/v2\/posts\/30069\/revisions\/30071"}],"wp:featuredmedia":[{"embeddable":true,"href":"https:\/\/archfondas.lt\/en\/wp-json\/wp\/v2\/media\/30059"}],"wp:attachment":[{"href":"https:\/\/archfondas.lt\/en\/wp-json\/wp\/v2\/media?parent=30069"}],"wp:term":[{"taxonomy":"category","embeddable":true,"href":"https:\/\/archfondas.lt\/en\/wp-json\/wp\/v2\/categories?post=30069"},{"taxonomy":"post_tag","embeddable":true,"href":"https:\/\/archfondas.lt\/en\/wp-json\/wp\/v2\/tags?post=30069"}],"curies":[{"name":"wp","href":"https:\/\/api.w.org\/{rel}","templated":true}]}}