{"id":30339,"date":"2026-01-07T16:36:29","date_gmt":"2026-01-07T14:36:29","guid":{"rendered":"https:\/\/archfondas.lt\/vonia-galerijoje\/"},"modified":"2026-01-07T16:48:23","modified_gmt":"2026-01-07T14:48:23","slug":"vonia-galerijoje","status":"publish","type":"post","link":"https:\/\/archfondas.lt\/en\/vonia-galerijoje\/","title":{"rendered":"Bath in a gallery?"},"content":{"rendered":"\n<p>During the visit to the Copenhagen Architecture Biennial, artist and philosopher Erik Vojevodin offered a ritual bath experience in the premises of the biennial&#8217;s gallery. The visitors, situated among the exhibits, were invited to themselves become an embodiment of the biennial&#8217;s theme &#8216;Slow Down&#8217;.<\/p>\n\n\n\n<figure class=\"wp-block-gallery has-nested-images columns-default is-cropped wp-block-gallery-1 is-layout-flex wp-block-gallery-is-layout-flex\">\n<figure class=\"wp-block-image size-large\"><img loading=\"lazy\" decoding=\"async\" width=\"1060\" height=\"707\" data-id=\"30312\" src=\"https:\/\/archfondas.lt\/wp-content\/uploads\/2026\/01\/03-1060x707.jpg\" alt=\"\" class=\"wp-image-30312\" srcset=\"https:\/\/archfondas.lt\/wp-content\/uploads\/2026\/01\/03-1060x707.jpg 1060w, https:\/\/archfondas.lt\/wp-content\/uploads\/2026\/01\/03-300x200.jpg 300w, https:\/\/archfondas.lt\/wp-content\/uploads\/2026\/01\/03-768x512.jpg 768w, https:\/\/archfondas.lt\/wp-content\/uploads\/2026\/01\/03-1536x1024.jpg 1536w, https:\/\/archfondas.lt\/wp-content\/uploads\/2026\/01\/03-2048x1365.jpg 2048w\" sizes=\"auto, (max-width: 1060px) 100vw, 1060px\" \/><\/figure>\n<\/figure>\n\n\n\n<figure class=\"wp-block-gallery has-nested-images columns-default is-cropped wp-block-gallery-2 is-layout-flex wp-block-gallery-is-layout-flex\">\n<figure class=\"wp-block-image size-large\"><img loading=\"lazy\" decoding=\"async\" width=\"707\" height=\"1060\" data-id=\"30316\" src=\"https:\/\/archfondas.lt\/wp-content\/uploads\/2026\/01\/04-707x1060.jpg\" alt=\"\" class=\"wp-image-30316\" srcset=\"https:\/\/archfondas.lt\/wp-content\/uploads\/2026\/01\/04-707x1060.jpg 707w, https:\/\/archfondas.lt\/wp-content\/uploads\/2026\/01\/04-200x300.jpg 200w, https:\/\/archfondas.lt\/wp-content\/uploads\/2026\/01\/04-768x1152.jpg 768w, https:\/\/archfondas.lt\/wp-content\/uploads\/2026\/01\/04-1024x1536.jpg 1024w, https:\/\/archfondas.lt\/wp-content\/uploads\/2026\/01\/04-1365x2048.jpg 1365w, https:\/\/archfondas.lt\/wp-content\/uploads\/2026\/01\/04-scaled.jpg 1707w\" sizes=\"auto, (max-width: 707px) 100vw, 707px\" \/><\/figure>\n\n\n\n<figure class=\"wp-block-image size-large\"><img loading=\"lazy\" decoding=\"async\" width=\"1060\" height=\"707\" data-id=\"30314\" src=\"https:\/\/archfondas.lt\/wp-content\/uploads\/2026\/01\/02-1060x707.jpg\" alt=\"\" class=\"wp-image-30314\" srcset=\"https:\/\/archfondas.lt\/wp-content\/uploads\/2026\/01\/02-1060x707.jpg 1060w, https:\/\/archfondas.lt\/wp-content\/uploads\/2026\/01\/02-300x200.jpg 300w, https:\/\/archfondas.lt\/wp-content\/uploads\/2026\/01\/02-768x512.jpg 768w, https:\/\/archfondas.lt\/wp-content\/uploads\/2026\/01\/02-1536x1024.jpg 1536w, https:\/\/archfondas.lt\/wp-content\/uploads\/2026\/01\/02-2048x1365.jpg 2048w\" sizes=\"auto, (max-width: 1060px) 100vw, 1060px\" \/><\/figure>\n<\/figure>\n\n\n\n<figure class=\"wp-block-image size-large\"><img loading=\"lazy\" decoding=\"async\" width=\"1060\" height=\"707\" src=\"https:\/\/archfondas.lt\/wp-content\/uploads\/2026\/01\/06-1060x707.jpg\" alt=\"\" class=\"wp-image-30318\" srcset=\"https:\/\/archfondas.lt\/wp-content\/uploads\/2026\/01\/06-1060x707.jpg 1060w, https:\/\/archfondas.lt\/wp-content\/uploads\/2026\/01\/06-300x200.jpg 300w, https:\/\/archfondas.lt\/wp-content\/uploads\/2026\/01\/06-768x512.jpg 768w, https:\/\/archfondas.lt\/wp-content\/uploads\/2026\/01\/06-1536x1024.jpg 1536w, https:\/\/archfondas.lt\/wp-content\/uploads\/2026\/01\/06-2048x1365.jpg 2048w\" sizes=\"auto, (max-width: 1060px) 100vw, 1060px\" \/><\/figure>\n\n\n\n<p class=\"has-text-align-center has-small-font-size\">Erik Vojevodin&#8217;s experiment being presented at the Copenhagen Architecture Biennial. Pictures by Maeve Collins<\/p>\n\n\n\n<p>Public Bath is a space to attend to one&#8217;s body and inner experience. What if a similar kind of attention and presence is enabled outside the bathing context? Perhaps public space is the bath, and we are the bathers? The project explores alternative modes of attention and being in public space. By offering tools to enhance one&#8217;s receptivity and awareness, the participant is invited to claim their experience as the work itself.<\/p>\n\n\n\n<figure class=\"wp-block-gallery has-nested-images columns-default is-cropped wp-block-gallery-3 is-layout-flex wp-block-gallery-is-layout-flex\">\n<figure class=\"wp-block-image size-large\"><img loading=\"lazy\" decoding=\"async\" width=\"1060\" height=\"707\" data-id=\"30322\" src=\"https:\/\/archfondas.lt\/wp-content\/uploads\/2026\/01\/24-1060x707.jpg\" alt=\"\" class=\"wp-image-30322\" srcset=\"https:\/\/archfondas.lt\/wp-content\/uploads\/2026\/01\/24-1060x707.jpg 1060w, https:\/\/archfondas.lt\/wp-content\/uploads\/2026\/01\/24-300x200.jpg 300w, https:\/\/archfondas.lt\/wp-content\/uploads\/2026\/01\/24-768x512.jpg 768w, https:\/\/archfondas.lt\/wp-content\/uploads\/2026\/01\/24-1536x1024.jpg 1536w, https:\/\/archfondas.lt\/wp-content\/uploads\/2026\/01\/24-2048x1365.jpg 2048w\" sizes=\"auto, (max-width: 1060px) 100vw, 1060px\" \/><\/figure>\n\n\n\n<figure class=\"wp-block-image size-large\"><img loading=\"lazy\" decoding=\"async\" width=\"1060\" height=\"707\" data-id=\"30320\" src=\"https:\/\/archfondas.lt\/wp-content\/uploads\/2026\/01\/14-1060x707.jpg\" alt=\"\" class=\"wp-image-30320\" srcset=\"https:\/\/archfondas.lt\/wp-content\/uploads\/2026\/01\/14-1060x707.jpg 1060w, https:\/\/archfondas.lt\/wp-content\/uploads\/2026\/01\/14-300x200.jpg 300w, https:\/\/archfondas.lt\/wp-content\/uploads\/2026\/01\/14-768x512.jpg 768w, https:\/\/archfondas.lt\/wp-content\/uploads\/2026\/01\/14-1536x1024.jpg 1536w, https:\/\/archfondas.lt\/wp-content\/uploads\/2026\/01\/14-2048x1365.jpg 2048w\" sizes=\"auto, (max-width: 1060px) 100vw, 1060px\" \/><\/figure>\n<\/figure>\n\n\n\n<figure class=\"wp-block-image size-large\"><img loading=\"lazy\" decoding=\"async\" width=\"1060\" height=\"707\" src=\"https:\/\/archfondas.lt\/wp-content\/uploads\/2026\/01\/19-1060x707.jpg\" alt=\"\" class=\"wp-image-30324\" srcset=\"https:\/\/archfondas.lt\/wp-content\/uploads\/2026\/01\/19-1060x707.jpg 1060w, https:\/\/archfondas.lt\/wp-content\/uploads\/2026\/01\/19-300x200.jpg 300w, https:\/\/archfondas.lt\/wp-content\/uploads\/2026\/01\/19-768x512.jpg 768w, https:\/\/archfondas.lt\/wp-content\/uploads\/2026\/01\/19-1536x1024.jpg 1536w, https:\/\/archfondas.lt\/wp-content\/uploads\/2026\/01\/19-2048x1365.jpg 2048w\" sizes=\"auto, (max-width: 1060px) 100vw, 1060px\" \/><\/figure>\n\n\n\n<figure class=\"wp-block-gallery has-nested-images columns-default is-cropped wp-block-gallery-4 is-layout-flex wp-block-gallery-is-layout-flex\">\n<figure class=\"wp-block-image size-large\"><img loading=\"lazy\" decoding=\"async\" width=\"1060\" height=\"707\" data-id=\"30328\" src=\"https:\/\/archfondas.lt\/wp-content\/uploads\/2026\/01\/23-1060x707.jpg\" alt=\"\" class=\"wp-image-30328\" srcset=\"https:\/\/archfondas.lt\/wp-content\/uploads\/2026\/01\/23-1060x707.jpg 1060w, https:\/\/archfondas.lt\/wp-content\/uploads\/2026\/01\/23-300x200.jpg 300w, https:\/\/archfondas.lt\/wp-content\/uploads\/2026\/01\/23-768x512.jpg 768w, https:\/\/archfondas.lt\/wp-content\/uploads\/2026\/01\/23-1536x1024.jpg 1536w, https:\/\/archfondas.lt\/wp-content\/uploads\/2026\/01\/23-2048x1365.jpg 2048w\" sizes=\"auto, (max-width: 1060px) 100vw, 1060px\" \/><\/figure>\n\n\n\n<figure class=\"wp-block-image size-large\"><img loading=\"lazy\" decoding=\"async\" width=\"707\" height=\"1060\" data-id=\"30326\" src=\"https:\/\/archfondas.lt\/wp-content\/uploads\/2026\/01\/07-707x1060.jpg\" alt=\"\" class=\"wp-image-30326\" srcset=\"https:\/\/archfondas.lt\/wp-content\/uploads\/2026\/01\/07-707x1060.jpg 707w, https:\/\/archfondas.lt\/wp-content\/uploads\/2026\/01\/07-200x300.jpg 200w, https:\/\/archfondas.lt\/wp-content\/uploads\/2026\/01\/07-768x1152.jpg 768w, https:\/\/archfondas.lt\/wp-content\/uploads\/2026\/01\/07-1024x1536.jpg 1024w, https:\/\/archfondas.lt\/wp-content\/uploads\/2026\/01\/07-1365x2048.jpg 1365w, https:\/\/archfondas.lt\/wp-content\/uploads\/2026\/01\/07-scaled.jpg 1707w\" sizes=\"auto, (max-width: 707px) 100vw, 707px\" \/><\/figure>\n<\/figure>\n\n\n\n<figure class=\"wp-block-image size-large\"><img loading=\"lazy\" decoding=\"async\" width=\"1060\" height=\"707\" src=\"https:\/\/archfondas.lt\/wp-content\/uploads\/2026\/01\/09-1060x707.jpg\" alt=\"\" class=\"wp-image-30330\" srcset=\"https:\/\/archfondas.lt\/wp-content\/uploads\/2026\/01\/09-1060x707.jpg 1060w, https:\/\/archfondas.lt\/wp-content\/uploads\/2026\/01\/09-300x200.jpg 300w, https:\/\/archfondas.lt\/wp-content\/uploads\/2026\/01\/09-768x512.jpg 768w, https:\/\/archfondas.lt\/wp-content\/uploads\/2026\/01\/09-1536x1024.jpg 1536w, https:\/\/archfondas.lt\/wp-content\/uploads\/2026\/01\/09-2048x1365.jpg 2048w\" sizes=\"auto, (max-width: 1060px) 100vw, 1060px\" \/><\/figure>\n\n\n\n<figure class=\"wp-block-gallery has-nested-images columns-default is-cropped wp-block-gallery-5 is-layout-flex wp-block-gallery-is-layout-flex\">\n<figure class=\"wp-block-image size-large\"><img loading=\"lazy\" decoding=\"async\" width=\"1060\" height=\"707\" data-id=\"30336\" src=\"https:\/\/archfondas.lt\/wp-content\/uploads\/2026\/01\/20-1-1060x707.jpg\" alt=\"\" class=\"wp-image-30336\" srcset=\"https:\/\/archfondas.lt\/wp-content\/uploads\/2026\/01\/20-1-1060x707.jpg 1060w, https:\/\/archfondas.lt\/wp-content\/uploads\/2026\/01\/20-1-300x200.jpg 300w, https:\/\/archfondas.lt\/wp-content\/uploads\/2026\/01\/20-1-768x512.jpg 768w, https:\/\/archfondas.lt\/wp-content\/uploads\/2026\/01\/20-1-1536x1024.jpg 1536w, https:\/\/archfondas.lt\/wp-content\/uploads\/2026\/01\/20-1-2048x1365.jpg 2048w\" sizes=\"auto, (max-width: 1060px) 100vw, 1060px\" \/><\/figure>\n\n\n\n<figure class=\"wp-block-image size-large\"><img loading=\"lazy\" decoding=\"async\" width=\"1060\" height=\"707\" data-id=\"30332\" src=\"https:\/\/archfondas.lt\/wp-content\/uploads\/2026\/01\/01-1060x707.jpg\" alt=\"\" class=\"wp-image-30332\" srcset=\"https:\/\/archfondas.lt\/wp-content\/uploads\/2026\/01\/01-1060x707.jpg 1060w, https:\/\/archfondas.lt\/wp-content\/uploads\/2026\/01\/01-300x200.jpg 300w, https:\/\/archfondas.lt\/wp-content\/uploads\/2026\/01\/01-768x512.jpg 768w, https:\/\/archfondas.lt\/wp-content\/uploads\/2026\/01\/01-1536x1024.jpg 1536w, https:\/\/archfondas.lt\/wp-content\/uploads\/2026\/01\/01-2048x1365.jpg 2048w\" sizes=\"auto, (max-width: 1060px) 100vw, 1060px\" \/><\/figure>\n<\/figure>\n\n\n\n<p class=\"has-text-align-center has-small-font-size\">Erik Vojevodin&#8217;s experiment being presented at the Copenhagen Architecture Biennial. Pictures by Maeve Collins<\/p>\n\n\n\n<p><\/p>\n","protected":false},"excerpt":{"rendered":"<p>During the visit to the Copenhagen Architecture Biennial, artist and philosopher Erik Vojevodin offered a ritual bath experience in the premises of the biennial&#8217;s gallery. The visitors, situated among the exhibits, were invited to themselves become an embodiment of the biennial&#8217;s theme &#8216;Slow Down&#8217;. Erik Vojevodin&#8217;s experiment being presented at the Copenhagen Architecture Biennial. Pictures [&hellip;]<\/p>\n","protected":false},"author":7,"featured_media":30323,"comment_status":"closed","ping_status":"open","sticky":false,"template":"","format":"standard","meta":{"_acf_changed":false,"footnotes":""},"categories":[56],"tags":[],"class_list":["post-30339","post","type-post","status-publish","format-standard","has-post-thumbnail","hentry","category-content-en"],"acf":[],"yoast_head":"<!-- This site is optimized with the Yoast SEO plugin v24.1 - https:\/\/yoast.com\/wordpress\/plugins\/seo\/ -->\n<title>Bath in a gallery? &#8211; Architekt\u016bros fondas<\/title>\n<meta name=\"robots\" content=\"index, follow, max-snippet:-1, max-image-preview:large, max-video-preview:-1\" \/>\n<link rel=\"canonical\" href=\"https:\/\/archfondas.lt\/en\/vonia-galerijoje\/\" \/>\n<meta property=\"og:locale\" content=\"en_US\" \/>\n<meta property=\"og:type\" content=\"article\" \/>\n<meta property=\"og:title\" content=\"Bath in a gallery? &#8211; Architekt\u016bros fondas\" \/>\n<meta property=\"og:description\" content=\"During the visit to the Copenhagen Architecture Biennial, artist and philosopher Erik Vojevodin offered a ritual bath experience in the premises of the biennial&#8217;s gallery. The visitors, situated among the exhibits, were invited to themselves become an embodiment of the biennial&#8217;s theme &#8216;Slow Down&#8217;. Erik Vojevodin&#8217;s experiment being presented at the Copenhagen Architecture Biennial. Pictures [&hellip;]\" \/>\n<meta property=\"og:url\" content=\"https:\/\/archfondas.lt\/en\/vonia-galerijoje\/\" \/>\n<meta property=\"og:site_name\" content=\"Architekt\u016bros fondas\" \/>\n<meta property=\"article:publisher\" content=\"https:\/\/www.facebook.com\/archfondas\" \/>\n<meta property=\"article:published_time\" content=\"2026-01-07T14:36:29+00:00\" \/>\n<meta property=\"article:modified_time\" content=\"2026-01-07T14:48:23+00:00\" \/>\n<meta property=\"og:image\" content=\"https:\/\/archfondas.lt\/wp-content\/uploads\/2026\/01\/24-scaled.jpg\" \/>\n\t<meta property=\"og:image:width\" content=\"2560\" \/>\n\t<meta property=\"og:image:height\" content=\"1707\" \/>\n\t<meta property=\"og:image:type\" content=\"image\/jpeg\" \/>\n<meta name=\"author\" content=\"aisteg\" \/>\n<meta name=\"twitter:card\" content=\"summary_large_image\" \/>\n<meta name=\"twitter:creator\" content=\"@archfondas\" \/>\n<meta name=\"twitter:site\" content=\"@archfondas\" \/>\n<meta name=\"twitter:label1\" content=\"Written by\" \/>\n\t<meta name=\"twitter:data1\" content=\"aisteg\" \/>\n\t<meta name=\"twitter:label2\" content=\"Est. reading time\" \/>\n\t<meta name=\"twitter:data2\" content=\"4 minutes\" \/>\n<script type=\"application\/ld+json\" class=\"yoast-schema-graph\">{\"@context\":\"https:\/\/schema.org\",\"@graph\":[{\"@type\":\"Article\",\"@id\":\"https:\/\/archfondas.lt\/en\/vonia-galerijoje\/#article\",\"isPartOf\":{\"@id\":\"https:\/\/archfondas.lt\/en\/vonia-galerijoje\/\"},\"author\":{\"name\":\"aisteg\",\"@id\":\"https:\/\/archfondas.lt\/#\/schema\/person\/65fc0809d5af3b0c5b7cf70c7434be9b\"},\"headline\":\"Bath in a gallery?\",\"datePublished\":\"2026-01-07T14:36:29+00:00\",\"dateModified\":\"2026-01-07T14:48:23+00:00\",\"mainEntityOfPage\":{\"@id\":\"https:\/\/archfondas.lt\/en\/vonia-galerijoje\/\"},\"wordCount\":154,\"publisher\":{\"@id\":\"https:\/\/archfondas.lt\/#organization\"},\"image\":{\"@id\":\"https:\/\/archfondas.lt\/en\/vonia-galerijoje\/#primaryimage\"},\"thumbnailUrl\":\"https:\/\/archfondas.lt\/wp-content\/uploads\/2026\/01\/24-scaled.jpg\",\"articleSection\":[\"Turinys\"],\"inLanguage\":\"en-US\"},{\"@type\":\"WebPage\",\"@id\":\"https:\/\/archfondas.lt\/en\/vonia-galerijoje\/\",\"url\":\"https:\/\/archfondas.lt\/en\/vonia-galerijoje\/\",\"name\":\"Bath in a gallery? &#8211; Architekt\u016bros fondas\",\"isPartOf\":{\"@id\":\"https:\/\/archfondas.lt\/#website\"},\"primaryImageOfPage\":{\"@id\":\"https:\/\/archfondas.lt\/en\/vonia-galerijoje\/#primaryimage\"},\"image\":{\"@id\":\"https:\/\/archfondas.lt\/en\/vonia-galerijoje\/#primaryimage\"},\"thumbnailUrl\":\"https:\/\/archfondas.lt\/wp-content\/uploads\/2026\/01\/24-scaled.jpg\",\"datePublished\":\"2026-01-07T14:36:29+00:00\",\"dateModified\":\"2026-01-07T14:48:23+00:00\",\"breadcrumb\":{\"@id\":\"https:\/\/archfondas.lt\/en\/vonia-galerijoje\/#breadcrumb\"},\"inLanguage\":\"en-US\",\"potentialAction\":[{\"@type\":\"ReadAction\",\"target\":[\"https:\/\/archfondas.lt\/en\/vonia-galerijoje\/\"]}]},{\"@type\":\"ImageObject\",\"inLanguage\":\"en-US\",\"@id\":\"https:\/\/archfondas.lt\/en\/vonia-galerijoje\/#primaryimage\",\"url\":\"https:\/\/archfondas.lt\/wp-content\/uploads\/2026\/01\/24-scaled.jpg\",\"contentUrl\":\"https:\/\/archfondas.lt\/wp-content\/uploads\/2026\/01\/24-scaled.jpg\",\"width\":2560,\"height\":1707},{\"@type\":\"BreadcrumbList\",\"@id\":\"https:\/\/archfondas.lt\/en\/vonia-galerijoje\/#breadcrumb\",\"itemListElement\":[{\"@type\":\"ListItem\",\"position\":1,\"name\":\"Home\",\"item\":\"https:\/\/archfondas.lt\/en\/\"},{\"@type\":\"ListItem\",\"position\":2,\"name\":\"Bath in a gallery?\"}]},{\"@type\":\"WebSite\",\"@id\":\"https:\/\/archfondas.lt\/#website\",\"url\":\"https:\/\/archfondas.lt\/\",\"name\":\"Architekt\u016bros fondas\",\"description\":\"Mes esame nevyriausybin\u0117, pelno nesiekianti organizacija kurianti bei puosel\u0117janti architekt\u016bros kult\u016br\u0105.\",\"publisher\":{\"@id\":\"https:\/\/archfondas.lt\/#organization\"},\"potentialAction\":[{\"@type\":\"SearchAction\",\"target\":{\"@type\":\"EntryPoint\",\"urlTemplate\":\"https:\/\/archfondas.lt\/?s={search_term_string}\"},\"query-input\":{\"@type\":\"PropertyValueSpecification\",\"valueRequired\":true,\"valueName\":\"search_term_string\"}}],\"inLanguage\":\"en-US\"},{\"@type\":\"Organization\",\"@id\":\"https:\/\/archfondas.lt\/#organization\",\"name\":\"Architekt\u016bros fondas\",\"url\":\"https:\/\/archfondas.lt\/\",\"logo\":{\"@type\":\"ImageObject\",\"inLanguage\":\"en-US\",\"@id\":\"https:\/\/archfondas.lt\/#\/schema\/logo\/image\/\",\"url\":\"https:\/\/archfondas.lt\/wp-content\/uploads\/2023\/04\/archfondas-logo.svg\",\"contentUrl\":\"https:\/\/archfondas.lt\/wp-content\/uploads\/2023\/04\/archfondas-logo.svg\",\"width\":483,\"height\":124,\"caption\":\"Architekt\u016bros fondas\"},\"image\":{\"@id\":\"https:\/\/archfondas.lt\/#\/schema\/logo\/image\/\"},\"sameAs\":[\"https:\/\/www.facebook.com\/archfondas\",\"https:\/\/x.com\/archfondas\"]},{\"@type\":\"Person\",\"@id\":\"https:\/\/archfondas.lt\/#\/schema\/person\/65fc0809d5af3b0c5b7cf70c7434be9b\",\"name\":\"aisteg\",\"image\":{\"@type\":\"ImageObject\",\"inLanguage\":\"en-US\",\"@id\":\"https:\/\/archfondas.lt\/#\/schema\/person\/image\/\",\"url\":\"https:\/\/secure.gravatar.com\/avatar\/ba66f9779ffa1ad794eebea7f17c35d1?s=96&d=mm&r=g\",\"contentUrl\":\"https:\/\/secure.gravatar.com\/avatar\/ba66f9779ffa1ad794eebea7f17c35d1?s=96&d=mm&r=g\",\"caption\":\"aisteg\"},\"url\":\"https:\/\/archfondas.lt\/en\/author\/aisteg\/\"}]}<\/script>\n<!-- \/ Yoast SEO plugin. -->","yoast_head_json":{"title":"Bath in a gallery? &#8211; Architekt\u016bros fondas","robots":{"index":"index","follow":"follow","max-snippet":"max-snippet:-1","max-image-preview":"max-image-preview:large","max-video-preview":"max-video-preview:-1"},"canonical":"https:\/\/archfondas.lt\/en\/vonia-galerijoje\/","og_locale":"en_US","og_type":"article","og_title":"Bath in a gallery? &#8211; Architekt\u016bros fondas","og_description":"During the visit to the Copenhagen Architecture Biennial, artist and philosopher Erik Vojevodin offered a ritual bath experience in the premises of the biennial&#8217;s gallery. The visitors, situated among the exhibits, were invited to themselves become an embodiment of the biennial&#8217;s theme &#8216;Slow Down&#8217;. Erik Vojevodin&#8217;s experiment being presented at the Copenhagen Architecture Biennial. Pictures [&hellip;]","og_url":"https:\/\/archfondas.lt\/en\/vonia-galerijoje\/","og_site_name":"Architekt\u016bros fondas","article_publisher":"https:\/\/www.facebook.com\/archfondas","article_published_time":"2026-01-07T14:36:29+00:00","article_modified_time":"2026-01-07T14:48:23+00:00","og_image":[{"width":2560,"height":1707,"url":"https:\/\/archfondas.lt\/wp-content\/uploads\/2026\/01\/24-scaled.jpg","type":"image\/jpeg"}],"author":"aisteg","twitter_card":"summary_large_image","twitter_creator":"@archfondas","twitter_site":"@archfondas","twitter_misc":{"Written by":"aisteg","Est. reading time":"4 minutes"},"schema":{"@context":"https:\/\/schema.org","@graph":[{"@type":"Article","@id":"https:\/\/archfondas.lt\/en\/vonia-galerijoje\/#article","isPartOf":{"@id":"https:\/\/archfondas.lt\/en\/vonia-galerijoje\/"},"author":{"name":"aisteg","@id":"https:\/\/archfondas.lt\/#\/schema\/person\/65fc0809d5af3b0c5b7cf70c7434be9b"},"headline":"Bath in a gallery?","datePublished":"2026-01-07T14:36:29+00:00","dateModified":"2026-01-07T14:48:23+00:00","mainEntityOfPage":{"@id":"https:\/\/archfondas.lt\/en\/vonia-galerijoje\/"},"wordCount":154,"publisher":{"@id":"https:\/\/archfondas.lt\/#organization"},"image":{"@id":"https:\/\/archfondas.lt\/en\/vonia-galerijoje\/#primaryimage"},"thumbnailUrl":"https:\/\/archfondas.lt\/wp-content\/uploads\/2026\/01\/24-scaled.jpg","articleSection":["Turinys"],"inLanguage":"en-US"},{"@type":"WebPage","@id":"https:\/\/archfondas.lt\/en\/vonia-galerijoje\/","url":"https:\/\/archfondas.lt\/en\/vonia-galerijoje\/","name":"Bath in a gallery? &#8211; Architekt\u016bros fondas","isPartOf":{"@id":"https:\/\/archfondas.lt\/#website"},"primaryImageOfPage":{"@id":"https:\/\/archfondas.lt\/en\/vonia-galerijoje\/#primaryimage"},"image":{"@id":"https:\/\/archfondas.lt\/en\/vonia-galerijoje\/#primaryimage"},"thumbnailUrl":"https:\/\/archfondas.lt\/wp-content\/uploads\/2026\/01\/24-scaled.jpg","datePublished":"2026-01-07T14:36:29+00:00","dateModified":"2026-01-07T14:48:23+00:00","breadcrumb":{"@id":"https:\/\/archfondas.lt\/en\/vonia-galerijoje\/#breadcrumb"},"inLanguage":"en-US","potentialAction":[{"@type":"ReadAction","target":["https:\/\/archfondas.lt\/en\/vonia-galerijoje\/"]}]},{"@type":"ImageObject","inLanguage":"en-US","@id":"https:\/\/archfondas.lt\/en\/vonia-galerijoje\/#primaryimage","url":"https:\/\/archfondas.lt\/wp-content\/uploads\/2026\/01\/24-scaled.jpg","contentUrl":"https:\/\/archfondas.lt\/wp-content\/uploads\/2026\/01\/24-scaled.jpg","width":2560,"height":1707},{"@type":"BreadcrumbList","@id":"https:\/\/archfondas.lt\/en\/vonia-galerijoje\/#breadcrumb","itemListElement":[{"@type":"ListItem","position":1,"name":"Home","item":"https:\/\/archfondas.lt\/en\/"},{"@type":"ListItem","position":2,"name":"Bath in a gallery?"}]},{"@type":"WebSite","@id":"https:\/\/archfondas.lt\/#website","url":"https:\/\/archfondas.lt\/","name":"Architekt\u016bros fondas","description":"Mes esame nevyriausybin\u0117, pelno nesiekianti organizacija kurianti bei puosel\u0117janti architekt\u016bros kult\u016br\u0105.","publisher":{"@id":"https:\/\/archfondas.lt\/#organization"},"potentialAction":[{"@type":"SearchAction","target":{"@type":"EntryPoint","urlTemplate":"https:\/\/archfondas.lt\/?s={search_term_string}"},"query-input":{"@type":"PropertyValueSpecification","valueRequired":true,"valueName":"search_term_string"}}],"inLanguage":"en-US"},{"@type":"Organization","@id":"https:\/\/archfondas.lt\/#organization","name":"Architekt\u016bros fondas","url":"https:\/\/archfondas.lt\/","logo":{"@type":"ImageObject","inLanguage":"en-US","@id":"https:\/\/archfondas.lt\/#\/schema\/logo\/image\/","url":"https:\/\/archfondas.lt\/wp-content\/uploads\/2023\/04\/archfondas-logo.svg","contentUrl":"https:\/\/archfondas.lt\/wp-content\/uploads\/2023\/04\/archfondas-logo.svg","width":483,"height":124,"caption":"Architekt\u016bros fondas"},"image":{"@id":"https:\/\/archfondas.lt\/#\/schema\/logo\/image\/"},"sameAs":["https:\/\/www.facebook.com\/archfondas","https:\/\/x.com\/archfondas"]},{"@type":"Person","@id":"https:\/\/archfondas.lt\/#\/schema\/person\/65fc0809d5af3b0c5b7cf70c7434be9b","name":"aisteg","image":{"@type":"ImageObject","inLanguage":"en-US","@id":"https:\/\/archfondas.lt\/#\/schema\/person\/image\/","url":"https:\/\/secure.gravatar.com\/avatar\/ba66f9779ffa1ad794eebea7f17c35d1?s=96&d=mm&r=g","contentUrl":"https:\/\/secure.gravatar.com\/avatar\/ba66f9779ffa1ad794eebea7f17c35d1?s=96&d=mm&r=g","caption":"aisteg"},"url":"https:\/\/archfondas.lt\/en\/author\/aisteg\/"}]}},"_links":{"self":[{"href":"https:\/\/archfondas.lt\/en\/wp-json\/wp\/v2\/posts\/30339","targetHints":{"allow":["GET"]}}],"collection":[{"href":"https:\/\/archfondas.lt\/en\/wp-json\/wp\/v2\/posts"}],"about":[{"href":"https:\/\/archfondas.lt\/en\/wp-json\/wp\/v2\/types\/post"}],"author":[{"embeddable":true,"href":"https:\/\/archfondas.lt\/en\/wp-json\/wp\/v2\/users\/7"}],"replies":[{"embeddable":true,"href":"https:\/\/archfondas.lt\/en\/wp-json\/wp\/v2\/comments?post=30339"}],"version-history":[{"count":3,"href":"https:\/\/archfondas.lt\/en\/wp-json\/wp\/v2\/posts\/30339\/revisions"}],"predecessor-version":[{"id":30343,"href":"https:\/\/archfondas.lt\/en\/wp-json\/wp\/v2\/posts\/30339\/revisions\/30343"}],"wp:featuredmedia":[{"embeddable":true,"href":"https:\/\/archfondas.lt\/en\/wp-json\/wp\/v2\/media\/30323"}],"wp:attachment":[{"href":"https:\/\/archfondas.lt\/en\/wp-json\/wp\/v2\/media?parent=30339"}],"wp:term":[{"taxonomy":"category","embeddable":true,"href":"https:\/\/archfondas.lt\/en\/wp-json\/wp\/v2\/categories?post=30339"},{"taxonomy":"post_tag","embeddable":true,"href":"https:\/\/archfondas.lt\/en\/wp-json\/wp\/v2\/tags?post=30339"}],"curies":[{"name":"wp","href":"https:\/\/api.w.org\/{rel}","templated":true}]}}