{"id":3107,"date":"2021-12-01T14:50:09","date_gmt":"2021-12-01T12:50:09","guid":{"rendered":"https:\/\/www.archfondas.lt\/blog\/2021\/12\/01\/atviras-kvietimas-architekturos-fondas-pristato-eksperimentu-platforma\/"},"modified":"2021-12-01T15:09:36","modified_gmt":"2021-12-01T13:09:36","slug":"atviras-kvietimas-architekturos-fondas-pristato-eksperimentu-platforma","status":"publish","type":"post","link":"https:\/\/archfondas.lt\/en\/atviras-kvietimas-architekturos-fondas-pristato-eksperimentu-platforma\/","title":{"rendered":"Open call \u2013 Architekt\u016bros fondas presents Experiments&#8217; platform!"},"content":{"rendered":"\n<p><strong>Experiments&#8217; Platform<\/strong>\u00a0will present opportunities for aspiring architects and spatial practitioners by allowing them to foster creative ideas with the help of experienced mentors. If you want to propose a question or a topic, which you would like to engage in experimental practices and methods \u2014 Architekt\u016bros fondas invites you to join the program!<\/p>\n\n\n\n<p>Experiments&#8217; Platform expands the architectural field, combining it with multidisciplinary practices and theories. It aspires to uncover the spatial practice limitations and fill in these gaps by turning to interdisciplinary practices. This program strives to rethink architecture from the ground up and discover new, unprecedented ways to explore topics that go beyond the fundamental knowledge in the discipline. Participants will be guided by mentors who will help them with their research ideas, topics and spatial practice methods. Participants will get a chance to discuss their ideas, share experiences, and refine projects together.<\/p>\n\n\n\n<p>Experiments&#8217; Platform will provide human and financial resources for the creators. There will be both individual and open discussions, during which the mentors will provide feedback. The program will last for 6 months, which will comprise monthly individual sessions with mentors as well as various other meetings with specialists and other participants on a regular basis. The program also includes reading sessions. Alongside that, participants will be granted access to SODAS 2123 Cultural Complex, meaning that they will get a chance to benefit from materials, tools and spaces in Architekt\u016bros fondas gallery.<\/p>\n\n\n\n<p>Many international professionals will be joining the Experiments\u2019 Platform for this program, including architects, artists, designers and researchers. Anna Kubel\u00edk &#8211; architect and artist,graduated from the Architectural Association in London before pursuing an artistic and experimental career with a base in Berlin. Her projects are defined by collaborative processes which intertwine scientific themes with dance, music, installations and kinetic art; Xenia Adjoubei &#8211; architect, Founder, Nikola-Lenivets Classroom, Director, AdjoubeiScottWhitby Studio. Leads projects in education and culture, curates research and education on the New Rural, how collective art sustains communities, new labour economies and the natural resources of the future; Michou-Nanon de Bruijn &#8211; senior designer at Studio Makkink &amp; Bey, a teacher at Master&#8217;s inside KABK and Academy of Architecture, works in different domains of applied art, where her interest lies in the relation between the private and public domain. Her critical research leads to product, interior, exhibition designs, future care visions and projects, events in the public domain; Jurgen Bey &#8211; a renowned designer, founder of Studio Makkink &amp; Bey with Rianne Makkink, director of Sandberg Instituut since 2010, which looks for a way to align studies with the dynamic of modern-day culture, issues of contemporary society such as vacancy, art and political spatial design; James Taylor-Foster, a writer, editor, cultural critic, who works with architecture, design, e-culture, and technology. Curator of contemporary architecture and design centre in ArkDes. European Editor at Large for Arch Daily and Co-Curator for the exhibition of the 2016 Nordic Pavilion (representing Finland, Norway and Sweden) 2016 Venice Biennale.<\/p>\n\n\n\n<p>Architekt\u016bros fondas invites all curious and motivated students, young professionals, and enthusiasts, who create in the context of Lithuania. Ideas can be presented by individuals or collectives, including up to 5 people. In order to apply, you need to formulate a research question that you want to develop further on this programme, lasting for six months. The Idea should be presented in up to two A4 pages, which could include a piece of writing, photographs, sketches, or any other form that best describes your project idea. You should also include a statement (up to 500 words), where you outline your previous experiences and motivations for the current idea that you aspire to pursue in this program. The idea presentation and motivational letter (in English) should be sent in a PDF format to&nbsp;<a href=\"mailto:eksperimentai@archfondas.lt\" target=\"_blank\" rel=\"noreferrer noopener\">eksperimentai@archfondas.lt<\/a>. The deadline is the 15th of April, and you will know whether your application was successful by the end of April. The Experiments&#8217; Platform 2021 will begin in May and commence in October.<\/p>\n\n\n\n<p>If you have any further questions, do not hesitate to contact us via email at\u00a0<a rel=\"noreferrer noopener\" href=\"mailto:eksperimentai@archfondas.lt\" target=\"_blank\">eksperimentai@archfondas.lt<\/a>.<\/p>\n\n\n\n<p>Experiments&#8217; platform is implemented with the support of Architekt\u016bros fondas strategic partner \u2013 Lithuanian council for culture.<\/p>\n","protected":false},"excerpt":{"rendered":"<p>Experiments&#8217; Platform\u00a0will present opportunities for aspiring architects and spatial practitioners by allowing them to foster creative ideas with the help of experienced mentors. If you want to propose a question or a topic, which you would like to engage in experimental practices and methods \u2014 Architekt\u016bros fondas invites you to join the program! Experiments&#8217; Platform [&hellip;]<\/p>\n","protected":false},"author":2,"featured_media":3104,"comment_status":"open","ping_status":"open","sticky":false,"template":"","format":"standard","meta":{"_acf_changed":false,"footnotes":""},"categories":[5],"tags":[],"class_list":["post-3107","post","type-post","status-publish","format-standard","has-post-thumbnail","hentry","category-message-en"],"acf":[],"yoast_head":"<!-- This site is optimized with the Yoast SEO plugin v24.1 - https:\/\/yoast.com\/wordpress\/plugins\/seo\/ -->\n<title>Open call \u2013 Architekt\u016bros fondas presents Experiments&#039; platform! &#8211; Architekt\u016bros fondas<\/title>\n<meta name=\"robots\" content=\"index, follow, max-snippet:-1, max-image-preview:large, max-video-preview:-1\" \/>\n<link rel=\"canonical\" href=\"https:\/\/archfondas.lt\/en\/atviras-kvietimas-architekturos-fondas-pristato-eksperimentu-platforma\/\" \/>\n<meta property=\"og:locale\" content=\"en_US\" \/>\n<meta property=\"og:type\" content=\"article\" \/>\n<meta property=\"og:title\" content=\"Open call \u2013 Architekt\u016bros fondas presents Experiments&#039; platform! &#8211; Architekt\u016bros fondas\" \/>\n<meta property=\"og:description\" content=\"Experiments&#8217; Platform\u00a0will present opportunities for aspiring architects and spatial practitioners by allowing them to foster creative ideas with the help of experienced mentors. If you want to propose a question or a topic, which you would like to engage in experimental practices and methods \u2014 Architekt\u016bros fondas invites you to join the program! Experiments&#8217; Platform [&hellip;]\" \/>\n<meta property=\"og:url\" content=\"https:\/\/archfondas.lt\/en\/atviras-kvietimas-architekturos-fondas-pristato-eksperimentu-platforma\/\" \/>\n<meta property=\"og:site_name\" content=\"Architekt\u016bros fondas\" \/>\n<meta property=\"article:publisher\" content=\"https:\/\/www.facebook.com\/archfondas\" \/>\n<meta property=\"article:published_time\" content=\"2021-12-01T12:50:09+00:00\" \/>\n<meta property=\"article:modified_time\" content=\"2021-12-01T13:09:36+00:00\" \/>\n<meta property=\"og:image\" content=\"https:\/\/archfondas.lt\/wp-content\/uploads\/2021\/12\/ExP_horizontalus_Architekturos-fondas-scaled.jpg\" \/>\n\t<meta property=\"og:image:width\" content=\"2560\" \/>\n\t<meta property=\"og:image:height\" content=\"1340\" \/>\n\t<meta property=\"og:image:type\" content=\"image\/jpeg\" \/>\n<meta name=\"author\" content=\"vilius\" \/>\n<meta name=\"twitter:card\" content=\"summary_large_image\" \/>\n<meta name=\"twitter:creator\" content=\"@archfondas\" \/>\n<meta name=\"twitter:site\" content=\"@archfondas\" \/>\n<meta name=\"twitter:label1\" content=\"Written by\" \/>\n\t<meta name=\"twitter:data1\" content=\"vilius\" \/>\n\t<meta name=\"twitter:label2\" content=\"Est. reading time\" \/>\n\t<meta name=\"twitter:data2\" content=\"3 minutes\" \/>\n<script type=\"application\/ld+json\" class=\"yoast-schema-graph\">{\"@context\":\"https:\/\/schema.org\",\"@graph\":[{\"@type\":\"Article\",\"@id\":\"https:\/\/archfondas.lt\/en\/atviras-kvietimas-architekturos-fondas-pristato-eksperimentu-platforma\/#article\",\"isPartOf\":{\"@id\":\"https:\/\/archfondas.lt\/en\/atviras-kvietimas-architekturos-fondas-pristato-eksperimentu-platforma\/\"},\"author\":{\"name\":\"vilius\",\"@id\":\"https:\/\/archfondas.lt\/#\/schema\/person\/12c9a1d214305001c1474d1cddec95cb\"},\"headline\":\"Open call \u2013 Architekt\u016bros fondas presents Experiments&#8217; platform!\",\"datePublished\":\"2021-12-01T12:50:09+00:00\",\"dateModified\":\"2021-12-01T13:09:36+00:00\",\"mainEntityOfPage\":{\"@id\":\"https:\/\/archfondas.lt\/en\/atviras-kvietimas-architekturos-fondas-pristato-eksperimentu-platforma\/\"},\"wordCount\":702,\"commentCount\":0,\"publisher\":{\"@id\":\"https:\/\/archfondas.lt\/#organization\"},\"image\":{\"@id\":\"https:\/\/archfondas.lt\/en\/atviras-kvietimas-architekturos-fondas-pristato-eksperimentu-platforma\/#primaryimage\"},\"thumbnailUrl\":\"https:\/\/archfondas.lt\/wp-content\/uploads\/2021\/12\/ExP_horizontalus_Architekturos-fondas-scaled.jpg\",\"articleSection\":[\"Pranesimas\"],\"inLanguage\":\"en-US\",\"potentialAction\":[{\"@type\":\"CommentAction\",\"name\":\"Comment\",\"target\":[\"https:\/\/archfondas.lt\/en\/atviras-kvietimas-architekturos-fondas-pristato-eksperimentu-platforma\/#respond\"]}]},{\"@type\":\"WebPage\",\"@id\":\"https:\/\/archfondas.lt\/en\/atviras-kvietimas-architekturos-fondas-pristato-eksperimentu-platforma\/\",\"url\":\"https:\/\/archfondas.lt\/en\/atviras-kvietimas-architekturos-fondas-pristato-eksperimentu-platforma\/\",\"name\":\"Open call \u2013 Architekt\u016bros fondas presents Experiments' platform! &#8211; Architekt\u016bros fondas\",\"isPartOf\":{\"@id\":\"https:\/\/archfondas.lt\/#website\"},\"primaryImageOfPage\":{\"@id\":\"https:\/\/archfondas.lt\/en\/atviras-kvietimas-architekturos-fondas-pristato-eksperimentu-platforma\/#primaryimage\"},\"image\":{\"@id\":\"https:\/\/archfondas.lt\/en\/atviras-kvietimas-architekturos-fondas-pristato-eksperimentu-platforma\/#primaryimage\"},\"thumbnailUrl\":\"https:\/\/archfondas.lt\/wp-content\/uploads\/2021\/12\/ExP_horizontalus_Architekturos-fondas-scaled.jpg\",\"datePublished\":\"2021-12-01T12:50:09+00:00\",\"dateModified\":\"2021-12-01T13:09:36+00:00\",\"breadcrumb\":{\"@id\":\"https:\/\/archfondas.lt\/en\/atviras-kvietimas-architekturos-fondas-pristato-eksperimentu-platforma\/#breadcrumb\"},\"inLanguage\":\"en-US\",\"potentialAction\":[{\"@type\":\"ReadAction\",\"target\":[\"https:\/\/archfondas.lt\/en\/atviras-kvietimas-architekturos-fondas-pristato-eksperimentu-platforma\/\"]}]},{\"@type\":\"ImageObject\",\"inLanguage\":\"en-US\",\"@id\":\"https:\/\/archfondas.lt\/en\/atviras-kvietimas-architekturos-fondas-pristato-eksperimentu-platforma\/#primaryimage\",\"url\":\"https:\/\/archfondas.lt\/wp-content\/uploads\/2021\/12\/ExP_horizontalus_Architekturos-fondas-scaled.jpg\",\"contentUrl\":\"https:\/\/archfondas.lt\/wp-content\/uploads\/2021\/12\/ExP_horizontalus_Architekturos-fondas-scaled.jpg\",\"width\":2560,\"height\":1340},{\"@type\":\"BreadcrumbList\",\"@id\":\"https:\/\/archfondas.lt\/en\/atviras-kvietimas-architekturos-fondas-pristato-eksperimentu-platforma\/#breadcrumb\",\"itemListElement\":[{\"@type\":\"ListItem\",\"position\":1,\"name\":\"Home\",\"item\":\"https:\/\/archfondas.lt\/en\/\"},{\"@type\":\"ListItem\",\"position\":2,\"name\":\"Open call \u2013 Architekt\u016bros fondas presents Experiments&#8217; platform!\"}]},{\"@type\":\"WebSite\",\"@id\":\"https:\/\/archfondas.lt\/#website\",\"url\":\"https:\/\/archfondas.lt\/\",\"name\":\"Architekt\u016bros fondas\",\"description\":\"Mes esame nevyriausybin\u0117, pelno nesiekianti organizacija kurianti bei puosel\u0117janti architekt\u016bros kult\u016br\u0105.\",\"publisher\":{\"@id\":\"https:\/\/archfondas.lt\/#organization\"},\"potentialAction\":[{\"@type\":\"SearchAction\",\"target\":{\"@type\":\"EntryPoint\",\"urlTemplate\":\"https:\/\/archfondas.lt\/?s={search_term_string}\"},\"query-input\":{\"@type\":\"PropertyValueSpecification\",\"valueRequired\":true,\"valueName\":\"search_term_string\"}}],\"inLanguage\":\"en-US\"},{\"@type\":\"Organization\",\"@id\":\"https:\/\/archfondas.lt\/#organization\",\"name\":\"Architekt\u016bros fondas\",\"url\":\"https:\/\/archfondas.lt\/\",\"logo\":{\"@type\":\"ImageObject\",\"inLanguage\":\"en-US\",\"@id\":\"https:\/\/archfondas.lt\/#\/schema\/logo\/image\/\",\"url\":\"https:\/\/archfondas.lt\/wp-content\/uploads\/2023\/04\/archfondas-logo.svg\",\"contentUrl\":\"https:\/\/archfondas.lt\/wp-content\/uploads\/2023\/04\/archfondas-logo.svg\",\"width\":483,\"height\":124,\"caption\":\"Architekt\u016bros fondas\"},\"image\":{\"@id\":\"https:\/\/archfondas.lt\/#\/schema\/logo\/image\/\"},\"sameAs\":[\"https:\/\/www.facebook.com\/archfondas\",\"https:\/\/x.com\/archfondas\"]},{\"@type\":\"Person\",\"@id\":\"https:\/\/archfondas.lt\/#\/schema\/person\/12c9a1d214305001c1474d1cddec95cb\",\"name\":\"vilius\",\"image\":{\"@type\":\"ImageObject\",\"inLanguage\":\"en-US\",\"@id\":\"https:\/\/archfondas.lt\/#\/schema\/person\/image\/\",\"url\":\"https:\/\/secure.gravatar.com\/avatar\/29fe3433859d6bb7356cd673e2da7c8b?s=96&d=mm&r=g\",\"contentUrl\":\"https:\/\/secure.gravatar.com\/avatar\/29fe3433859d6bb7356cd673e2da7c8b?s=96&d=mm&r=g\",\"caption\":\"vilius\"},\"url\":\"https:\/\/archfondas.lt\/en\/author\/vilius\/\"}]}<\/script>\n<!-- \/ Yoast SEO plugin. -->","yoast_head_json":{"title":"Open call \u2013 Architekt\u016bros fondas presents Experiments' platform! &#8211; Architekt\u016bros fondas","robots":{"index":"index","follow":"follow","max-snippet":"max-snippet:-1","max-image-preview":"max-image-preview:large","max-video-preview":"max-video-preview:-1"},"canonical":"https:\/\/archfondas.lt\/en\/atviras-kvietimas-architekturos-fondas-pristato-eksperimentu-platforma\/","og_locale":"en_US","og_type":"article","og_title":"Open call \u2013 Architekt\u016bros fondas presents Experiments' platform! &#8211; Architekt\u016bros fondas","og_description":"Experiments&#8217; Platform\u00a0will present opportunities for aspiring architects and spatial practitioners by allowing them to foster creative ideas with the help of experienced mentors. If you want to propose a question or a topic, which you would like to engage in experimental practices and methods \u2014 Architekt\u016bros fondas invites you to join the program! Experiments&#8217; Platform [&hellip;]","og_url":"https:\/\/archfondas.lt\/en\/atviras-kvietimas-architekturos-fondas-pristato-eksperimentu-platforma\/","og_site_name":"Architekt\u016bros fondas","article_publisher":"https:\/\/www.facebook.com\/archfondas","article_published_time":"2021-12-01T12:50:09+00:00","article_modified_time":"2021-12-01T13:09:36+00:00","og_image":[{"width":2560,"height":1340,"url":"https:\/\/archfondas.lt\/wp-content\/uploads\/2021\/12\/ExP_horizontalus_Architekturos-fondas-scaled.jpg","type":"image\/jpeg"}],"author":"vilius","twitter_card":"summary_large_image","twitter_creator":"@archfondas","twitter_site":"@archfondas","twitter_misc":{"Written by":"vilius","Est. reading time":"3 minutes"},"schema":{"@context":"https:\/\/schema.org","@graph":[{"@type":"Article","@id":"https:\/\/archfondas.lt\/en\/atviras-kvietimas-architekturos-fondas-pristato-eksperimentu-platforma\/#article","isPartOf":{"@id":"https:\/\/archfondas.lt\/en\/atviras-kvietimas-architekturos-fondas-pristato-eksperimentu-platforma\/"},"author":{"name":"vilius","@id":"https:\/\/archfondas.lt\/#\/schema\/person\/12c9a1d214305001c1474d1cddec95cb"},"headline":"Open call \u2013 Architekt\u016bros fondas presents Experiments&#8217; platform!","datePublished":"2021-12-01T12:50:09+00:00","dateModified":"2021-12-01T13:09:36+00:00","mainEntityOfPage":{"@id":"https:\/\/archfondas.lt\/en\/atviras-kvietimas-architekturos-fondas-pristato-eksperimentu-platforma\/"},"wordCount":702,"commentCount":0,"publisher":{"@id":"https:\/\/archfondas.lt\/#organization"},"image":{"@id":"https:\/\/archfondas.lt\/en\/atviras-kvietimas-architekturos-fondas-pristato-eksperimentu-platforma\/#primaryimage"},"thumbnailUrl":"https:\/\/archfondas.lt\/wp-content\/uploads\/2021\/12\/ExP_horizontalus_Architekturos-fondas-scaled.jpg","articleSection":["Pranesimas"],"inLanguage":"en-US","potentialAction":[{"@type":"CommentAction","name":"Comment","target":["https:\/\/archfondas.lt\/en\/atviras-kvietimas-architekturos-fondas-pristato-eksperimentu-platforma\/#respond"]}]},{"@type":"WebPage","@id":"https:\/\/archfondas.lt\/en\/atviras-kvietimas-architekturos-fondas-pristato-eksperimentu-platforma\/","url":"https:\/\/archfondas.lt\/en\/atviras-kvietimas-architekturos-fondas-pristato-eksperimentu-platforma\/","name":"Open call \u2013 Architekt\u016bros fondas presents Experiments' platform! &#8211; Architekt\u016bros fondas","isPartOf":{"@id":"https:\/\/archfondas.lt\/#website"},"primaryImageOfPage":{"@id":"https:\/\/archfondas.lt\/en\/atviras-kvietimas-architekturos-fondas-pristato-eksperimentu-platforma\/#primaryimage"},"image":{"@id":"https:\/\/archfondas.lt\/en\/atviras-kvietimas-architekturos-fondas-pristato-eksperimentu-platforma\/#primaryimage"},"thumbnailUrl":"https:\/\/archfondas.lt\/wp-content\/uploads\/2021\/12\/ExP_horizontalus_Architekturos-fondas-scaled.jpg","datePublished":"2021-12-01T12:50:09+00:00","dateModified":"2021-12-01T13:09:36+00:00","breadcrumb":{"@id":"https:\/\/archfondas.lt\/en\/atviras-kvietimas-architekturos-fondas-pristato-eksperimentu-platforma\/#breadcrumb"},"inLanguage":"en-US","potentialAction":[{"@type":"ReadAction","target":["https:\/\/archfondas.lt\/en\/atviras-kvietimas-architekturos-fondas-pristato-eksperimentu-platforma\/"]}]},{"@type":"ImageObject","inLanguage":"en-US","@id":"https:\/\/archfondas.lt\/en\/atviras-kvietimas-architekturos-fondas-pristato-eksperimentu-platforma\/#primaryimage","url":"https:\/\/archfondas.lt\/wp-content\/uploads\/2021\/12\/ExP_horizontalus_Architekturos-fondas-scaled.jpg","contentUrl":"https:\/\/archfondas.lt\/wp-content\/uploads\/2021\/12\/ExP_horizontalus_Architekturos-fondas-scaled.jpg","width":2560,"height":1340},{"@type":"BreadcrumbList","@id":"https:\/\/archfondas.lt\/en\/atviras-kvietimas-architekturos-fondas-pristato-eksperimentu-platforma\/#breadcrumb","itemListElement":[{"@type":"ListItem","position":1,"name":"Home","item":"https:\/\/archfondas.lt\/en\/"},{"@type":"ListItem","position":2,"name":"Open call \u2013 Architekt\u016bros fondas presents Experiments&#8217; platform!"}]},{"@type":"WebSite","@id":"https:\/\/archfondas.lt\/#website","url":"https:\/\/archfondas.lt\/","name":"Architekt\u016bros fondas","description":"Mes esame nevyriausybin\u0117, pelno nesiekianti organizacija kurianti bei puosel\u0117janti architekt\u016bros kult\u016br\u0105.","publisher":{"@id":"https:\/\/archfondas.lt\/#organization"},"potentialAction":[{"@type":"SearchAction","target":{"@type":"EntryPoint","urlTemplate":"https:\/\/archfondas.lt\/?s={search_term_string}"},"query-input":{"@type":"PropertyValueSpecification","valueRequired":true,"valueName":"search_term_string"}}],"inLanguage":"en-US"},{"@type":"Organization","@id":"https:\/\/archfondas.lt\/#organization","name":"Architekt\u016bros fondas","url":"https:\/\/archfondas.lt\/","logo":{"@type":"ImageObject","inLanguage":"en-US","@id":"https:\/\/archfondas.lt\/#\/schema\/logo\/image\/","url":"https:\/\/archfondas.lt\/wp-content\/uploads\/2023\/04\/archfondas-logo.svg","contentUrl":"https:\/\/archfondas.lt\/wp-content\/uploads\/2023\/04\/archfondas-logo.svg","width":483,"height":124,"caption":"Architekt\u016bros fondas"},"image":{"@id":"https:\/\/archfondas.lt\/#\/schema\/logo\/image\/"},"sameAs":["https:\/\/www.facebook.com\/archfondas","https:\/\/x.com\/archfondas"]},{"@type":"Person","@id":"https:\/\/archfondas.lt\/#\/schema\/person\/12c9a1d214305001c1474d1cddec95cb","name":"vilius","image":{"@type":"ImageObject","inLanguage":"en-US","@id":"https:\/\/archfondas.lt\/#\/schema\/person\/image\/","url":"https:\/\/secure.gravatar.com\/avatar\/29fe3433859d6bb7356cd673e2da7c8b?s=96&d=mm&r=g","contentUrl":"https:\/\/secure.gravatar.com\/avatar\/29fe3433859d6bb7356cd673e2da7c8b?s=96&d=mm&r=g","caption":"vilius"},"url":"https:\/\/archfondas.lt\/en\/author\/vilius\/"}]}},"_links":{"self":[{"href":"https:\/\/archfondas.lt\/en\/wp-json\/wp\/v2\/posts\/3107","targetHints":{"allow":["GET"]}}],"collection":[{"href":"https:\/\/archfondas.lt\/en\/wp-json\/wp\/v2\/posts"}],"about":[{"href":"https:\/\/archfondas.lt\/en\/wp-json\/wp\/v2\/types\/post"}],"author":[{"embeddable":true,"href":"https:\/\/archfondas.lt\/en\/wp-json\/wp\/v2\/users\/2"}],"replies":[{"embeddable":true,"href":"https:\/\/archfondas.lt\/en\/wp-json\/wp\/v2\/comments?post=3107"}],"version-history":[{"count":2,"href":"https:\/\/archfondas.lt\/en\/wp-json\/wp\/v2\/posts\/3107\/revisions"}],"predecessor-version":[{"id":3110,"href":"https:\/\/archfondas.lt\/en\/wp-json\/wp\/v2\/posts\/3107\/revisions\/3110"}],"wp:featuredmedia":[{"embeddable":true,"href":"https:\/\/archfondas.lt\/en\/wp-json\/wp\/v2\/media\/3104"}],"wp:attachment":[{"href":"https:\/\/archfondas.lt\/en\/wp-json\/wp\/v2\/media?parent=3107"}],"wp:term":[{"taxonomy":"category","embeddable":true,"href":"https:\/\/archfondas.lt\/en\/wp-json\/wp\/v2\/categories?post=3107"},{"taxonomy":"post_tag","embeddable":true,"href":"https:\/\/archfondas.lt\/en\/wp-json\/wp\/v2\/tags?post=3107"}],"curies":[{"name":"wp","href":"https:\/\/api.w.org\/{rel}","templated":true}]}}