{"id":3906,"date":"2021-12-10T15:38:04","date_gmt":"2021-12-10T13:38:04","guid":{"rendered":"https:\/\/www.archfondas.lt\/blog\/2021\/12\/10\/diskusija-kompostavimo-laboratorija\/"},"modified":"2021-12-10T16:06:50","modified_gmt":"2021-12-10T14:06:50","slug":"diskusija-kompostavimo-laboratorija","status":"publish","type":"post","link":"https:\/\/archfondas.lt\/en\/diskusija-kompostavimo-laboratorija\/","title":{"rendered":"Discussion: *Composting laboratory"},"content":{"rendered":"\n<p>Specialists discussion on organic waste management in Lithuania: how does bio-waste disposed of in the landfill affect our environment? How can we reduce organic waste in an urban environment? How to manage organic waste in the framework of a circular economy?<\/p>\n\n\n\n<figure class=\"wp-block-image size-large\"><a href=\"https:\/\/www.lrt.lt\/mediateka\/irasas\/2000182728\/klimato-savaite-diskusija-kompostavimo-laboratorija\"><img loading=\"lazy\" decoding=\"async\" width=\"1287\" height=\"724\" src=\"https:\/\/www.archfondas.lt\/wp-content\/uploads\/2021\/12\/1089314-773460-1287x836-1.png\" alt=\"\" class=\"wp-image-3914\" srcset=\"https:\/\/archfondas.lt\/wp-content\/uploads\/2021\/12\/1089314-773460-1287x836-1.png 1287w, https:\/\/archfondas.lt\/wp-content\/uploads\/2021\/12\/1089314-773460-1287x836-1-300x169.png 300w, https:\/\/archfondas.lt\/wp-content\/uploads\/2021\/12\/1089314-773460-1287x836-1-1024x576.png 1024w, https:\/\/archfondas.lt\/wp-content\/uploads\/2021\/12\/1089314-773460-1287x836-1-768x432.png 768w\" sizes=\"auto, (max-width: 1287px) 100vw, 1287px\" \/><\/a><\/figure>\n\n\n\n<div class=\"wp-block-buttons is-content-justification-center is-layout-flex wp-block-buttons-is-layout-flex\">\n<div class=\"wp-block-button\"><a class=\"wp-block-button__link\" href=\"https:\/\/www.lrt.lt\/mediateka\/irasas\/2000182728\/klimato-savaite-diskusija-kompostavimo-laboratorija\" target=\"_blank\" rel=\"noreferrer noopener\">Watch (in Lithuanian)<\/a><\/div>\n<\/div>\n\n\n\n<p>Moderator \u2013 Domantas Tracevi\u010dius, V\u0161\u012e \u201e\u017diedin\u0117 ekonomika\u201c director;<\/p>\n\n\n\n<p>Participants:<\/p>\n\n\n\n<ul class=\"wp-block-list\"><li>Raminta Radavi\u010dien\u0117, viceminister of Ministry of Environment;<\/li><li>Ram\u016bnas Juod\u0117nas, director of Utena Regional Waste Management Centre;<\/li><li>Ieva Punyt\u0117, \u201eGreen Genius\u201c head of development projects;<\/li><li>Organisers: <a rel=\"noreferrer noopener\" href=\"http:\/\/micro-empathy.com\" data-type=\"URL\" data-id=\"micro-empathy.com\" target=\"_blank\">Micro-empathy<\/a> collective.<\/li><\/ul>\n\n\n\n<p>Partners:&nbsp;<a rel=\"noreferrer noopener\" href=\"https:\/\/www.letmekoo.lt\/\" target=\"_blank\">Lithuanian Interdisciplinary Artists\u2019 Association<\/a>,&nbsp;<a rel=\"noreferrer noopener\" href=\"https:\/\/sodas2123.lt\/\" target=\"_blank\">SODAS 2123<\/a>,&nbsp;<a rel=\"noreferrer noopener\" href=\"https:\/\/www.norden.lt\/\" target=\"_blank\">The Nordic Council of Ministers Office in Lithuania<\/a>.<\/p>\n","protected":false},"excerpt":{"rendered":"<p>Specialists discussion on organic waste management in Lithuania: how does bio-waste disposed of in the landfill affect our environment? How can we reduce organic waste in an urban environment? How to manage organic waste in the framework of a circular economy? Moderator \u2013 Domantas Tracevi\u010dius, V\u0161\u012e \u201e\u017diedin\u0117 ekonomika\u201c director; Participants: Raminta Radavi\u010dien\u0117, viceminister of Ministry [&hellip;]<\/p>\n","protected":false},"author":2,"featured_media":3911,"comment_status":"open","ping_status":"open","sticky":false,"template":"","format":"standard","meta":{"_acf_changed":false,"footnotes":""},"categories":[56],"tags":[],"class_list":["post-3906","post","type-post","status-publish","format-standard","has-post-thumbnail","hentry","category-content-en"],"acf":[],"yoast_head":"<!-- This site is optimized with the Yoast SEO plugin v24.1 - https:\/\/yoast.com\/wordpress\/plugins\/seo\/ -->\n<title>Discussion: *Composting laboratory &#8211; Architekt\u016bros fondas<\/title>\n<meta name=\"robots\" content=\"index, follow, max-snippet:-1, max-image-preview:large, max-video-preview:-1\" \/>\n<link rel=\"canonical\" href=\"https:\/\/archfondas.lt\/en\/diskusija-kompostavimo-laboratorija\/\" \/>\n<meta property=\"og:locale\" content=\"en_US\" \/>\n<meta property=\"og:type\" content=\"article\" \/>\n<meta property=\"og:title\" content=\"Discussion: *Composting laboratory &#8211; Architekt\u016bros fondas\" \/>\n<meta property=\"og:description\" content=\"Specialists discussion on organic waste management in Lithuania: how does bio-waste disposed of in the landfill affect our environment? How can we reduce organic waste in an urban environment? How to manage organic waste in the framework of a circular economy? Moderator \u2013 Domantas Tracevi\u010dius, V\u0161\u012e \u201e\u017diedin\u0117 ekonomika\u201c director; Participants: Raminta Radavi\u010dien\u0117, viceminister of Ministry [&hellip;]\" \/>\n<meta property=\"og:url\" content=\"https:\/\/archfondas.lt\/en\/diskusija-kompostavimo-laboratorija\/\" \/>\n<meta property=\"og:site_name\" content=\"Architekt\u016bros fondas\" \/>\n<meta property=\"article:publisher\" content=\"https:\/\/www.facebook.com\/archfondas\" \/>\n<meta property=\"article:published_time\" content=\"2021-12-10T13:38:04+00:00\" \/>\n<meta property=\"article:modified_time\" content=\"2021-12-10T14:06:50+00:00\" \/>\n<meta property=\"og:image\" content=\"https:\/\/archfondas.lt\/wp-content\/uploads\/2021\/12\/IMG_8046.jpg\" \/>\n\t<meta property=\"og:image:width\" content=\"2500\" \/>\n\t<meta property=\"og:image:height\" content=\"1562\" \/>\n\t<meta property=\"og:image:type\" content=\"image\/jpeg\" \/>\n<meta name=\"author\" content=\"vilius\" \/>\n<meta name=\"twitter:card\" content=\"summary_large_image\" \/>\n<meta name=\"twitter:creator\" content=\"@archfondas\" \/>\n<meta name=\"twitter:site\" content=\"@archfondas\" \/>\n<meta name=\"twitter:label1\" content=\"Written by\" \/>\n\t<meta name=\"twitter:data1\" content=\"vilius\" \/>\n\t<meta name=\"twitter:label2\" content=\"Est. reading time\" \/>\n\t<meta name=\"twitter:data2\" content=\"1 minute\" \/>\n<script type=\"application\/ld+json\" class=\"yoast-schema-graph\">{\"@context\":\"https:\/\/schema.org\",\"@graph\":[{\"@type\":\"Article\",\"@id\":\"https:\/\/archfondas.lt\/en\/diskusija-kompostavimo-laboratorija\/#article\",\"isPartOf\":{\"@id\":\"https:\/\/archfondas.lt\/en\/diskusija-kompostavimo-laboratorija\/\"},\"author\":{\"name\":\"vilius\",\"@id\":\"https:\/\/archfondas.lt\/#\/schema\/person\/12c9a1d214305001c1474d1cddec95cb\"},\"headline\":\"Discussion: *Composting laboratory\",\"datePublished\":\"2021-12-10T13:38:04+00:00\",\"dateModified\":\"2021-12-10T14:06:50+00:00\",\"mainEntityOfPage\":{\"@id\":\"https:\/\/archfondas.lt\/en\/diskusija-kompostavimo-laboratorija\/\"},\"wordCount\":103,\"commentCount\":0,\"publisher\":{\"@id\":\"https:\/\/archfondas.lt\/#organization\"},\"image\":{\"@id\":\"https:\/\/archfondas.lt\/en\/diskusija-kompostavimo-laboratorija\/#primaryimage\"},\"thumbnailUrl\":\"https:\/\/archfondas.lt\/wp-content\/uploads\/2021\/12\/IMG_8046.jpg\",\"articleSection\":[\"Turinys\"],\"inLanguage\":\"en-US\",\"potentialAction\":[{\"@type\":\"CommentAction\",\"name\":\"Comment\",\"target\":[\"https:\/\/archfondas.lt\/en\/diskusija-kompostavimo-laboratorija\/#respond\"]}]},{\"@type\":\"WebPage\",\"@id\":\"https:\/\/archfondas.lt\/en\/diskusija-kompostavimo-laboratorija\/\",\"url\":\"https:\/\/archfondas.lt\/en\/diskusija-kompostavimo-laboratorija\/\",\"name\":\"Discussion: *Composting laboratory &#8211; Architekt\u016bros fondas\",\"isPartOf\":{\"@id\":\"https:\/\/archfondas.lt\/#website\"},\"primaryImageOfPage\":{\"@id\":\"https:\/\/archfondas.lt\/en\/diskusija-kompostavimo-laboratorija\/#primaryimage\"},\"image\":{\"@id\":\"https:\/\/archfondas.lt\/en\/diskusija-kompostavimo-laboratorija\/#primaryimage\"},\"thumbnailUrl\":\"https:\/\/archfondas.lt\/wp-content\/uploads\/2021\/12\/IMG_8046.jpg\",\"datePublished\":\"2021-12-10T13:38:04+00:00\",\"dateModified\":\"2021-12-10T14:06:50+00:00\",\"breadcrumb\":{\"@id\":\"https:\/\/archfondas.lt\/en\/diskusija-kompostavimo-laboratorija\/#breadcrumb\"},\"inLanguage\":\"en-US\",\"potentialAction\":[{\"@type\":\"ReadAction\",\"target\":[\"https:\/\/archfondas.lt\/en\/diskusija-kompostavimo-laboratorija\/\"]}]},{\"@type\":\"ImageObject\",\"inLanguage\":\"en-US\",\"@id\":\"https:\/\/archfondas.lt\/en\/diskusija-kompostavimo-laboratorija\/#primaryimage\",\"url\":\"https:\/\/archfondas.lt\/wp-content\/uploads\/2021\/12\/IMG_8046.jpg\",\"contentUrl\":\"https:\/\/archfondas.lt\/wp-content\/uploads\/2021\/12\/IMG_8046.jpg\",\"width\":2500,\"height\":1562},{\"@type\":\"BreadcrumbList\",\"@id\":\"https:\/\/archfondas.lt\/en\/diskusija-kompostavimo-laboratorija\/#breadcrumb\",\"itemListElement\":[{\"@type\":\"ListItem\",\"position\":1,\"name\":\"Home\",\"item\":\"https:\/\/archfondas.lt\/en\/\"},{\"@type\":\"ListItem\",\"position\":2,\"name\":\"Discussion: *Composting laboratory\"}]},{\"@type\":\"WebSite\",\"@id\":\"https:\/\/archfondas.lt\/#website\",\"url\":\"https:\/\/archfondas.lt\/\",\"name\":\"Architekt\u016bros fondas\",\"description\":\"Mes esame nevyriausybin\u0117, pelno nesiekianti organizacija kurianti bei puosel\u0117janti architekt\u016bros kult\u016br\u0105.\",\"publisher\":{\"@id\":\"https:\/\/archfondas.lt\/#organization\"},\"potentialAction\":[{\"@type\":\"SearchAction\",\"target\":{\"@type\":\"EntryPoint\",\"urlTemplate\":\"https:\/\/archfondas.lt\/?s={search_term_string}\"},\"query-input\":{\"@type\":\"PropertyValueSpecification\",\"valueRequired\":true,\"valueName\":\"search_term_string\"}}],\"inLanguage\":\"en-US\"},{\"@type\":\"Organization\",\"@id\":\"https:\/\/archfondas.lt\/#organization\",\"name\":\"Architekt\u016bros fondas\",\"url\":\"https:\/\/archfondas.lt\/\",\"logo\":{\"@type\":\"ImageObject\",\"inLanguage\":\"en-US\",\"@id\":\"https:\/\/archfondas.lt\/#\/schema\/logo\/image\/\",\"url\":\"https:\/\/archfondas.lt\/wp-content\/uploads\/2023\/04\/archfondas-logo.svg\",\"contentUrl\":\"https:\/\/archfondas.lt\/wp-content\/uploads\/2023\/04\/archfondas-logo.svg\",\"width\":483,\"height\":124,\"caption\":\"Architekt\u016bros fondas\"},\"image\":{\"@id\":\"https:\/\/archfondas.lt\/#\/schema\/logo\/image\/\"},\"sameAs\":[\"https:\/\/www.facebook.com\/archfondas\",\"https:\/\/x.com\/archfondas\"]},{\"@type\":\"Person\",\"@id\":\"https:\/\/archfondas.lt\/#\/schema\/person\/12c9a1d214305001c1474d1cddec95cb\",\"name\":\"vilius\",\"image\":{\"@type\":\"ImageObject\",\"inLanguage\":\"en-US\",\"@id\":\"https:\/\/archfondas.lt\/#\/schema\/person\/image\/\",\"url\":\"https:\/\/secure.gravatar.com\/avatar\/29fe3433859d6bb7356cd673e2da7c8b?s=96&d=mm&r=g\",\"contentUrl\":\"https:\/\/secure.gravatar.com\/avatar\/29fe3433859d6bb7356cd673e2da7c8b?s=96&d=mm&r=g\",\"caption\":\"vilius\"},\"url\":\"https:\/\/archfondas.lt\/en\/author\/vilius\/\"}]}<\/script>\n<!-- \/ Yoast SEO plugin. -->","yoast_head_json":{"title":"Discussion: *Composting laboratory &#8211; Architekt\u016bros fondas","robots":{"index":"index","follow":"follow","max-snippet":"max-snippet:-1","max-image-preview":"max-image-preview:large","max-video-preview":"max-video-preview:-1"},"canonical":"https:\/\/archfondas.lt\/en\/diskusija-kompostavimo-laboratorija\/","og_locale":"en_US","og_type":"article","og_title":"Discussion: *Composting laboratory &#8211; Architekt\u016bros fondas","og_description":"Specialists discussion on organic waste management in Lithuania: how does bio-waste disposed of in the landfill affect our environment? How can we reduce organic waste in an urban environment? How to manage organic waste in the framework of a circular economy? Moderator \u2013 Domantas Tracevi\u010dius, V\u0161\u012e \u201e\u017diedin\u0117 ekonomika\u201c director; Participants: Raminta Radavi\u010dien\u0117, viceminister of Ministry [&hellip;]","og_url":"https:\/\/archfondas.lt\/en\/diskusija-kompostavimo-laboratorija\/","og_site_name":"Architekt\u016bros fondas","article_publisher":"https:\/\/www.facebook.com\/archfondas","article_published_time":"2021-12-10T13:38:04+00:00","article_modified_time":"2021-12-10T14:06:50+00:00","og_image":[{"width":2500,"height":1562,"url":"https:\/\/archfondas.lt\/wp-content\/uploads\/2021\/12\/IMG_8046.jpg","type":"image\/jpeg"}],"author":"vilius","twitter_card":"summary_large_image","twitter_creator":"@archfondas","twitter_site":"@archfondas","twitter_misc":{"Written by":"vilius","Est. reading time":"1 minute"},"schema":{"@context":"https:\/\/schema.org","@graph":[{"@type":"Article","@id":"https:\/\/archfondas.lt\/en\/diskusija-kompostavimo-laboratorija\/#article","isPartOf":{"@id":"https:\/\/archfondas.lt\/en\/diskusija-kompostavimo-laboratorija\/"},"author":{"name":"vilius","@id":"https:\/\/archfondas.lt\/#\/schema\/person\/12c9a1d214305001c1474d1cddec95cb"},"headline":"Discussion: *Composting laboratory","datePublished":"2021-12-10T13:38:04+00:00","dateModified":"2021-12-10T14:06:50+00:00","mainEntityOfPage":{"@id":"https:\/\/archfondas.lt\/en\/diskusija-kompostavimo-laboratorija\/"},"wordCount":103,"commentCount":0,"publisher":{"@id":"https:\/\/archfondas.lt\/#organization"},"image":{"@id":"https:\/\/archfondas.lt\/en\/diskusija-kompostavimo-laboratorija\/#primaryimage"},"thumbnailUrl":"https:\/\/archfondas.lt\/wp-content\/uploads\/2021\/12\/IMG_8046.jpg","articleSection":["Turinys"],"inLanguage":"en-US","potentialAction":[{"@type":"CommentAction","name":"Comment","target":["https:\/\/archfondas.lt\/en\/diskusija-kompostavimo-laboratorija\/#respond"]}]},{"@type":"WebPage","@id":"https:\/\/archfondas.lt\/en\/diskusija-kompostavimo-laboratorija\/","url":"https:\/\/archfondas.lt\/en\/diskusija-kompostavimo-laboratorija\/","name":"Discussion: *Composting laboratory &#8211; Architekt\u016bros fondas","isPartOf":{"@id":"https:\/\/archfondas.lt\/#website"},"primaryImageOfPage":{"@id":"https:\/\/archfondas.lt\/en\/diskusija-kompostavimo-laboratorija\/#primaryimage"},"image":{"@id":"https:\/\/archfondas.lt\/en\/diskusija-kompostavimo-laboratorija\/#primaryimage"},"thumbnailUrl":"https:\/\/archfondas.lt\/wp-content\/uploads\/2021\/12\/IMG_8046.jpg","datePublished":"2021-12-10T13:38:04+00:00","dateModified":"2021-12-10T14:06:50+00:00","breadcrumb":{"@id":"https:\/\/archfondas.lt\/en\/diskusija-kompostavimo-laboratorija\/#breadcrumb"},"inLanguage":"en-US","potentialAction":[{"@type":"ReadAction","target":["https:\/\/archfondas.lt\/en\/diskusija-kompostavimo-laboratorija\/"]}]},{"@type":"ImageObject","inLanguage":"en-US","@id":"https:\/\/archfondas.lt\/en\/diskusija-kompostavimo-laboratorija\/#primaryimage","url":"https:\/\/archfondas.lt\/wp-content\/uploads\/2021\/12\/IMG_8046.jpg","contentUrl":"https:\/\/archfondas.lt\/wp-content\/uploads\/2021\/12\/IMG_8046.jpg","width":2500,"height":1562},{"@type":"BreadcrumbList","@id":"https:\/\/archfondas.lt\/en\/diskusija-kompostavimo-laboratorija\/#breadcrumb","itemListElement":[{"@type":"ListItem","position":1,"name":"Home","item":"https:\/\/archfondas.lt\/en\/"},{"@type":"ListItem","position":2,"name":"Discussion: *Composting laboratory"}]},{"@type":"WebSite","@id":"https:\/\/archfondas.lt\/#website","url":"https:\/\/archfondas.lt\/","name":"Architekt\u016bros fondas","description":"Mes esame nevyriausybin\u0117, pelno nesiekianti organizacija kurianti bei puosel\u0117janti architekt\u016bros kult\u016br\u0105.","publisher":{"@id":"https:\/\/archfondas.lt\/#organization"},"potentialAction":[{"@type":"SearchAction","target":{"@type":"EntryPoint","urlTemplate":"https:\/\/archfondas.lt\/?s={search_term_string}"},"query-input":{"@type":"PropertyValueSpecification","valueRequired":true,"valueName":"search_term_string"}}],"inLanguage":"en-US"},{"@type":"Organization","@id":"https:\/\/archfondas.lt\/#organization","name":"Architekt\u016bros fondas","url":"https:\/\/archfondas.lt\/","logo":{"@type":"ImageObject","inLanguage":"en-US","@id":"https:\/\/archfondas.lt\/#\/schema\/logo\/image\/","url":"https:\/\/archfondas.lt\/wp-content\/uploads\/2023\/04\/archfondas-logo.svg","contentUrl":"https:\/\/archfondas.lt\/wp-content\/uploads\/2023\/04\/archfondas-logo.svg","width":483,"height":124,"caption":"Architekt\u016bros fondas"},"image":{"@id":"https:\/\/archfondas.lt\/#\/schema\/logo\/image\/"},"sameAs":["https:\/\/www.facebook.com\/archfondas","https:\/\/x.com\/archfondas"]},{"@type":"Person","@id":"https:\/\/archfondas.lt\/#\/schema\/person\/12c9a1d214305001c1474d1cddec95cb","name":"vilius","image":{"@type":"ImageObject","inLanguage":"en-US","@id":"https:\/\/archfondas.lt\/#\/schema\/person\/image\/","url":"https:\/\/secure.gravatar.com\/avatar\/29fe3433859d6bb7356cd673e2da7c8b?s=96&d=mm&r=g","contentUrl":"https:\/\/secure.gravatar.com\/avatar\/29fe3433859d6bb7356cd673e2da7c8b?s=96&d=mm&r=g","caption":"vilius"},"url":"https:\/\/archfondas.lt\/en\/author\/vilius\/"}]}},"_links":{"self":[{"href":"https:\/\/archfondas.lt\/en\/wp-json\/wp\/v2\/posts\/3906","targetHints":{"allow":["GET"]}}],"collection":[{"href":"https:\/\/archfondas.lt\/en\/wp-json\/wp\/v2\/posts"}],"about":[{"href":"https:\/\/archfondas.lt\/en\/wp-json\/wp\/v2\/types\/post"}],"author":[{"embeddable":true,"href":"https:\/\/archfondas.lt\/en\/wp-json\/wp\/v2\/users\/2"}],"replies":[{"embeddable":true,"href":"https:\/\/archfondas.lt\/en\/wp-json\/wp\/v2\/comments?post=3906"}],"version-history":[{"count":8,"href":"https:\/\/archfondas.lt\/en\/wp-json\/wp\/v2\/posts\/3906\/revisions"}],"predecessor-version":[{"id":3927,"href":"https:\/\/archfondas.lt\/en\/wp-json\/wp\/v2\/posts\/3906\/revisions\/3927"}],"wp:featuredmedia":[{"embeddable":true,"href":"https:\/\/archfondas.lt\/en\/wp-json\/wp\/v2\/media\/3911"}],"wp:attachment":[{"href":"https:\/\/archfondas.lt\/en\/wp-json\/wp\/v2\/media?parent=3906"}],"wp:term":[{"taxonomy":"category","embeddable":true,"href":"https:\/\/archfondas.lt\/en\/wp-json\/wp\/v2\/categories?post=3906"},{"taxonomy":"post_tag","embeddable":true,"href":"https:\/\/archfondas.lt\/en\/wp-json\/wp\/v2\/tags?post=3906"}],"curies":[{"name":"wp","href":"https:\/\/api.w.org\/{rel}","templated":true}]}}