{"id":4164,"date":"2022-04-09T18:17:20","date_gmt":"2022-04-09T15:17:20","guid":{"rendered":"https:\/\/www.archfondas.lt\/blog\/2022\/04\/09\/antrasis-eksperimentu-platformos-sezonas\/"},"modified":"2022-05-09T10:25:39","modified_gmt":"2022-05-09T07:25:39","slug":"antrasis-eksperimentu-platformos-sezonas","status":"publish","type":"post","link":"https:\/\/archfondas.lt\/en\/antrasis-eksperimentu-platformos-sezonas\/","title":{"rendered":"The second season of the Experiments&#8217; Platform"},"content":{"rendered":"\n<p>For the second year in a row, Architekt\u016bros fondas\u2019 mentorship programme for creative architectural ideas, continues to support emerging talents in various fields of spatial practice and invites eager creatives to respond to the open call until 13 May and join the Experiments\u2019 Platform!\u00a0<\/p>\n\n\n\n<p>Experiments&#8217; Platform expands the architectural field and strives to discover new and unprecedented ways to explore topics that go beyond the fundamental knowledge of the discipline. This year, the Platform entangles itself in a triad of questions: \u201cWhat do we need? What do we have? What do we want?\u201d, which provide three interconnected paths for the participants\u2019 explorations and the Platfoms\u2019 programme.&nbsp;<\/p>\n\n\n\n<p><strong>THE THEME OF THREE QUESTIONS<\/strong><\/p>\n\n\n\n<p>The direction of this year\u2019s Experiments\u2019 Platform is guided by three aforementioned questions. The first question <em>\u201cWhat do we have?\u201d<\/em> is an invitation to look into the existing resources, establish ecological and geopolitical awareness and investigate functional and dysfunctional \u201cnow\u201d. The following question <em>\u201cWhat do we need?\u201d <\/em>leads to actions that could be taken right now to have tomorrow, and solutions for the primary needs and global problems. And finally, the question<em> \u201cWhat do we want?\u201d<\/em> invokes daydreaming about a speculative future, personal cravings and sometimes the act of self-reflection, moving away from the role of the architect as a liberator.<\/p>\n\n\n\n<p>The main focus falls on the expression of thoughts on these questions as a creative individual or a group. Having three different, at some point even opposite, yet equally important directions, participants are expected to focus on individual paths of exploration, investigate contradictions and engage in collective debates thus expanding the understanding of spatial questions entangled within wider contexts. The aim of the programme is strongly tied to clarifying an actual purpose of an individual or a group by getting away from prescribed solutions and universal cures for the space and the environment.&nbsp;<\/p>\n\n\n\n<p><strong>MENTORS OF THE PLATFORM<\/strong><\/p>\n\n\n\n<p>The second season of the Experiments platform will be joined by the following mentors:<\/p>\n\n\n\n<p><strong><a href=\"https:\/\/exp.archfondas.lt\/en\/person\/architecture-uncomfortable-workshop\/\">Architecture uncomfortable workshop<\/a><\/strong><\/p>\n\n\n\n<p>It is a Budapest based architecture office led by D\u00e9nes Emil Ghyczy and Luk\u00e1cs Szederk\u00e9nyi. Besides planning they always try to make experiments in small case projects. One of the biggest motivations for them is the understanding of contemporary vernacular architecture. They are continuously looking for a situation, where comfort meets real human needs. They are currently teaching architecture at the Budapest University of Technology and Economics.<\/p>\n\n\n\n<p><strong><a href=\"https:\/\/exp.archfondas.lt\/en\/person\/erika-henriksson\/\">Erika Henriksson<\/a><\/strong><\/p>\n\n\n\n<p>Architect working on the borderland between architecture, art, craft and research. Her areas of expertise are practice-based enquiry, relational knowledge formation and low-impact building methods. Recurring themes in Erika\u2019s work are ecology, social and material relations, care and questions that concern life itself.<\/p>\n\n\n\n<p><strong><a href=\"https:\/\/exp.archfondas.lt\/en\/person\/miodrag-kuc\/\">Miodrag Ku\u010d<\/a><\/strong><\/p>\n\n\n\n<p>Transdisciplinary artist, urban theorist and pedagogist, whose work researches complex relations between ephemeral structures, spatial appropriations and urban politics. Studied urban planning and urban sociology at the Bauhaus University Weimar and Tongji University Shanghai. Currently works as programme director of the hybrid cultural institution ZK\/U Berlin (Centre for Arts and Urbanistics, Berlin), exploring the potentials of critical urban pedagogy (ZEDucation) and the role of grass-roots initiatives in trans-sectoral urban development (Haus der Statistik).<\/p>\n\n\n\n<p><strong><a href=\"https:\/\/exp.archfondas.lt\/en\/person\/millonaliu\/\">Millonaliu<\/a><\/strong><\/p>\n\n\n\n<p>Klodiana Millona (Albania) and Yuan Chun Liu (Taiwan) are spatial practitioners, researchers and educators based in Rotterdam. Their work focuses on the intersection between the politics of invisibility in space and invisibilized spatial practices within dominant narratives of the built environment. Their research interrogates spatial ecologies of ruptures through entangled readings of socio-political imaginaries mediated by spatial representation. Klodiana is currently a tutor at the Royal Academy of Art in The Hague (KABK) and together with Yuan Chun they engage with different independent forms of pedagogy.<\/p>\n\n\n\n<p><strong>EDUCATIONAL PROGRAMME DETAILS&nbsp;<\/strong><\/p>\n\n\n\n<p>The programme of the Experiments\u2019 Platform will start in June and end in late October. During these five months, participants will get involved in a series of lectures, social gatherings, open reading sessions and other common activities. Each participant, individual or group, will be guided by a mentor. The working language of the programme is English.<\/p>\n\n\n\n<p><strong>CALL DETAILS&nbsp;<\/strong><\/p>\n\n\n\n<p>Architekt\u016bros fondas invites all ambitious students, young practitioners and enthusiasts to present their idea for an experiment and join the five-month programme of the Experiments\u2019 Platform. Ideas can be presented by individuals or groups of up to 4 people.&nbsp;<\/p>\n\n\n\n<p>For the application you will need:<\/p>\n\n\n\n<ul class=\"wp-block-list\"><li>An idea that you want to develop further during the five months of the programme. It has to be presented on one A3 page, which can include text, photographs, sketches, or other media form that best suits your project idea.&nbsp;<\/li><li>A motivational statement (up to 500 words, in English), where you outline your previous experiences and motivations for the development of the proposed idea in the framework of the Experiments\u2019 Platform.&nbsp;<\/li><\/ul>\n\n\n\n<p>The presentation of the idea and the motivational statement should be sent in a PDF format to <a href=\"mailto:experiments@archfondas.lt\" target=\"_blank\" rel=\"noreferrer noopener\">experiments@archfondas.lt<\/a>.&nbsp;<\/p>\n\n\n\n<p>The deadline for the application is 13 May.\u00a0<\/p>\n\n\n\n<p>you will know whether your application was successful by the end of May.<\/p>\n\n\n\n<p>If you have any questions, feel free to contact us at <a href=\"mailto:experiments@archfondas.lt\" target=\"_blank\" rel=\"noreferrer noopener\">experiments@archfondas.lt<\/a>.<\/p>\n\n\n\n<p>Architekt\u016bros fondas is financed by the Lithuanian Council for Culture. Media partner \u2013 Lithuanian National Radio and Television.<\/p>\n","protected":false},"excerpt":{"rendered":"<p>For the second year in a row, Architekt\u016bros fondas\u2019 mentorship programme for creative architectural ideas, continues to support emerging talents in various fields of spatial practice and invites eager creatives to respond to the open call until 13 May and join the Experiments\u2019 Platform!\u00a0 Experiments&#8217; Platform expands the architectural field and strives to discover new [&hellip;]<\/p>\n","protected":false},"author":2,"featured_media":4206,"comment_status":"open","ping_status":"open","sticky":false,"template":"","format":"standard","meta":{"_acf_changed":false,"footnotes":""},"categories":[5],"tags":[],"class_list":["post-4164","post","type-post","status-publish","format-standard","has-post-thumbnail","hentry","category-message-en"],"acf":[],"yoast_head":"<!-- This site is optimized with the Yoast SEO plugin v24.1 - https:\/\/yoast.com\/wordpress\/plugins\/seo\/ -->\n<title>The second season of the Experiments&#039; Platform &#8211; Architekt\u016bros fondas<\/title>\n<meta name=\"robots\" content=\"index, follow, max-snippet:-1, max-image-preview:large, max-video-preview:-1\" \/>\n<link rel=\"canonical\" href=\"https:\/\/archfondas.lt\/en\/antrasis-eksperimentu-platformos-sezonas\/\" \/>\n<meta property=\"og:locale\" content=\"en_US\" \/>\n<meta property=\"og:type\" content=\"article\" \/>\n<meta property=\"og:title\" content=\"The second season of the Experiments&#039; Platform &#8211; Architekt\u016bros fondas\" \/>\n<meta property=\"og:description\" content=\"For the second year in a row, Architekt\u016bros fondas\u2019 mentorship programme for creative architectural ideas, continues to support emerging talents in various fields of spatial practice and invites eager creatives to respond to the open call until 13 May and join the Experiments\u2019 Platform!\u00a0 Experiments&#8217; Platform expands the architectural field and strives to discover new [&hellip;]\" \/>\n<meta property=\"og:url\" content=\"https:\/\/archfondas.lt\/en\/antrasis-eksperimentu-platformos-sezonas\/\" \/>\n<meta property=\"og:site_name\" content=\"Architekt\u016bros fondas\" \/>\n<meta property=\"article:publisher\" content=\"https:\/\/www.facebook.com\/archfondas\" \/>\n<meta property=\"article:published_time\" content=\"2022-04-09T15:17:20+00:00\" \/>\n<meta property=\"article:modified_time\" content=\"2022-05-09T07:25:39+00:00\" \/>\n<meta property=\"og:image\" content=\"https:\/\/archfondas.lt\/wp-content\/uploads\/2022\/04\/220509_open-call_EN.sq_.jpg\" \/>\n\t<meta property=\"og:image:width\" content=\"2000\" \/>\n\t<meta property=\"og:image:height\" content=\"2000\" \/>\n\t<meta property=\"og:image:type\" content=\"image\/jpeg\" \/>\n<meta name=\"author\" content=\"vilius\" \/>\n<meta name=\"twitter:card\" content=\"summary_large_image\" \/>\n<meta name=\"twitter:creator\" content=\"@archfondas\" \/>\n<meta name=\"twitter:site\" content=\"@archfondas\" \/>\n<meta name=\"twitter:label1\" content=\"Written by\" \/>\n\t<meta name=\"twitter:data1\" content=\"vilius\" \/>\n\t<meta name=\"twitter:label2\" content=\"Est. reading time\" \/>\n\t<meta name=\"twitter:data2\" content=\"4 minutes\" \/>\n<script type=\"application\/ld+json\" class=\"yoast-schema-graph\">{\"@context\":\"https:\/\/schema.org\",\"@graph\":[{\"@type\":\"Article\",\"@id\":\"https:\/\/archfondas.lt\/en\/antrasis-eksperimentu-platformos-sezonas\/#article\",\"isPartOf\":{\"@id\":\"https:\/\/archfondas.lt\/en\/antrasis-eksperimentu-platformos-sezonas\/\"},\"author\":{\"name\":\"vilius\",\"@id\":\"https:\/\/archfondas.lt\/#\/schema\/person\/12c9a1d214305001c1474d1cddec95cb\"},\"headline\":\"The second season of the Experiments&#8217; Platform\",\"datePublished\":\"2022-04-09T15:17:20+00:00\",\"dateModified\":\"2022-05-09T07:25:39+00:00\",\"mainEntityOfPage\":{\"@id\":\"https:\/\/archfondas.lt\/en\/antrasis-eksperimentu-platformos-sezonas\/\"},\"wordCount\":869,\"commentCount\":0,\"publisher\":{\"@id\":\"https:\/\/archfondas.lt\/#organization\"},\"image\":{\"@id\":\"https:\/\/archfondas.lt\/en\/antrasis-eksperimentu-platformos-sezonas\/#primaryimage\"},\"thumbnailUrl\":\"https:\/\/archfondas.lt\/wp-content\/uploads\/2022\/04\/220509_open-call_EN.sq_.jpg\",\"articleSection\":[\"Pranesimas\"],\"inLanguage\":\"en-US\",\"potentialAction\":[{\"@type\":\"CommentAction\",\"name\":\"Comment\",\"target\":[\"https:\/\/archfondas.lt\/en\/antrasis-eksperimentu-platformos-sezonas\/#respond\"]}]},{\"@type\":\"WebPage\",\"@id\":\"https:\/\/archfondas.lt\/en\/antrasis-eksperimentu-platformos-sezonas\/\",\"url\":\"https:\/\/archfondas.lt\/en\/antrasis-eksperimentu-platformos-sezonas\/\",\"name\":\"The second season of the Experiments' Platform &#8211; Architekt\u016bros fondas\",\"isPartOf\":{\"@id\":\"https:\/\/archfondas.lt\/#website\"},\"primaryImageOfPage\":{\"@id\":\"https:\/\/archfondas.lt\/en\/antrasis-eksperimentu-platformos-sezonas\/#primaryimage\"},\"image\":{\"@id\":\"https:\/\/archfondas.lt\/en\/antrasis-eksperimentu-platformos-sezonas\/#primaryimage\"},\"thumbnailUrl\":\"https:\/\/archfondas.lt\/wp-content\/uploads\/2022\/04\/220509_open-call_EN.sq_.jpg\",\"datePublished\":\"2022-04-09T15:17:20+00:00\",\"dateModified\":\"2022-05-09T07:25:39+00:00\",\"breadcrumb\":{\"@id\":\"https:\/\/archfondas.lt\/en\/antrasis-eksperimentu-platformos-sezonas\/#breadcrumb\"},\"inLanguage\":\"en-US\",\"potentialAction\":[{\"@type\":\"ReadAction\",\"target\":[\"https:\/\/archfondas.lt\/en\/antrasis-eksperimentu-platformos-sezonas\/\"]}]},{\"@type\":\"ImageObject\",\"inLanguage\":\"en-US\",\"@id\":\"https:\/\/archfondas.lt\/en\/antrasis-eksperimentu-platformos-sezonas\/#primaryimage\",\"url\":\"https:\/\/archfondas.lt\/wp-content\/uploads\/2022\/04\/220509_open-call_EN.sq_.jpg\",\"contentUrl\":\"https:\/\/archfondas.lt\/wp-content\/uploads\/2022\/04\/220509_open-call_EN.sq_.jpg\",\"width\":2000,\"height\":2000},{\"@type\":\"BreadcrumbList\",\"@id\":\"https:\/\/archfondas.lt\/en\/antrasis-eksperimentu-platformos-sezonas\/#breadcrumb\",\"itemListElement\":[{\"@type\":\"ListItem\",\"position\":1,\"name\":\"Home\",\"item\":\"https:\/\/archfondas.lt\/en\/\"},{\"@type\":\"ListItem\",\"position\":2,\"name\":\"The second season of the Experiments&#8217; Platform\"}]},{\"@type\":\"WebSite\",\"@id\":\"https:\/\/archfondas.lt\/#website\",\"url\":\"https:\/\/archfondas.lt\/\",\"name\":\"Architekt\u016bros fondas\",\"description\":\"Mes esame nevyriausybin\u0117, pelno nesiekianti organizacija kurianti bei puosel\u0117janti architekt\u016bros kult\u016br\u0105.\",\"publisher\":{\"@id\":\"https:\/\/archfondas.lt\/#organization\"},\"potentialAction\":[{\"@type\":\"SearchAction\",\"target\":{\"@type\":\"EntryPoint\",\"urlTemplate\":\"https:\/\/archfondas.lt\/?s={search_term_string}\"},\"query-input\":{\"@type\":\"PropertyValueSpecification\",\"valueRequired\":true,\"valueName\":\"search_term_string\"}}],\"inLanguage\":\"en-US\"},{\"@type\":\"Organization\",\"@id\":\"https:\/\/archfondas.lt\/#organization\",\"name\":\"Architekt\u016bros fondas\",\"url\":\"https:\/\/archfondas.lt\/\",\"logo\":{\"@type\":\"ImageObject\",\"inLanguage\":\"en-US\",\"@id\":\"https:\/\/archfondas.lt\/#\/schema\/logo\/image\/\",\"url\":\"https:\/\/archfondas.lt\/wp-content\/uploads\/2023\/04\/archfondas-logo.svg\",\"contentUrl\":\"https:\/\/archfondas.lt\/wp-content\/uploads\/2023\/04\/archfondas-logo.svg\",\"width\":483,\"height\":124,\"caption\":\"Architekt\u016bros fondas\"},\"image\":{\"@id\":\"https:\/\/archfondas.lt\/#\/schema\/logo\/image\/\"},\"sameAs\":[\"https:\/\/www.facebook.com\/archfondas\",\"https:\/\/x.com\/archfondas\"]},{\"@type\":\"Person\",\"@id\":\"https:\/\/archfondas.lt\/#\/schema\/person\/12c9a1d214305001c1474d1cddec95cb\",\"name\":\"vilius\",\"image\":{\"@type\":\"ImageObject\",\"inLanguage\":\"en-US\",\"@id\":\"https:\/\/archfondas.lt\/#\/schema\/person\/image\/\",\"url\":\"https:\/\/secure.gravatar.com\/avatar\/29fe3433859d6bb7356cd673e2da7c8b?s=96&d=mm&r=g\",\"contentUrl\":\"https:\/\/secure.gravatar.com\/avatar\/29fe3433859d6bb7356cd673e2da7c8b?s=96&d=mm&r=g\",\"caption\":\"vilius\"},\"url\":\"https:\/\/archfondas.lt\/en\/author\/vilius\/\"}]}<\/script>\n<!-- \/ Yoast SEO plugin. -->","yoast_head_json":{"title":"The second season of the Experiments' Platform &#8211; Architekt\u016bros fondas","robots":{"index":"index","follow":"follow","max-snippet":"max-snippet:-1","max-image-preview":"max-image-preview:large","max-video-preview":"max-video-preview:-1"},"canonical":"https:\/\/archfondas.lt\/en\/antrasis-eksperimentu-platformos-sezonas\/","og_locale":"en_US","og_type":"article","og_title":"The second season of the Experiments' Platform &#8211; Architekt\u016bros fondas","og_description":"For the second year in a row, Architekt\u016bros fondas\u2019 mentorship programme for creative architectural ideas, continues to support emerging talents in various fields of spatial practice and invites eager creatives to respond to the open call until 13 May and join the Experiments\u2019 Platform!\u00a0 Experiments&#8217; Platform expands the architectural field and strives to discover new [&hellip;]","og_url":"https:\/\/archfondas.lt\/en\/antrasis-eksperimentu-platformos-sezonas\/","og_site_name":"Architekt\u016bros fondas","article_publisher":"https:\/\/www.facebook.com\/archfondas","article_published_time":"2022-04-09T15:17:20+00:00","article_modified_time":"2022-05-09T07:25:39+00:00","og_image":[{"width":2000,"height":2000,"url":"https:\/\/archfondas.lt\/wp-content\/uploads\/2022\/04\/220509_open-call_EN.sq_.jpg","type":"image\/jpeg"}],"author":"vilius","twitter_card":"summary_large_image","twitter_creator":"@archfondas","twitter_site":"@archfondas","twitter_misc":{"Written by":"vilius","Est. reading time":"4 minutes"},"schema":{"@context":"https:\/\/schema.org","@graph":[{"@type":"Article","@id":"https:\/\/archfondas.lt\/en\/antrasis-eksperimentu-platformos-sezonas\/#article","isPartOf":{"@id":"https:\/\/archfondas.lt\/en\/antrasis-eksperimentu-platformos-sezonas\/"},"author":{"name":"vilius","@id":"https:\/\/archfondas.lt\/#\/schema\/person\/12c9a1d214305001c1474d1cddec95cb"},"headline":"The second season of the Experiments&#8217; Platform","datePublished":"2022-04-09T15:17:20+00:00","dateModified":"2022-05-09T07:25:39+00:00","mainEntityOfPage":{"@id":"https:\/\/archfondas.lt\/en\/antrasis-eksperimentu-platformos-sezonas\/"},"wordCount":869,"commentCount":0,"publisher":{"@id":"https:\/\/archfondas.lt\/#organization"},"image":{"@id":"https:\/\/archfondas.lt\/en\/antrasis-eksperimentu-platformos-sezonas\/#primaryimage"},"thumbnailUrl":"https:\/\/archfondas.lt\/wp-content\/uploads\/2022\/04\/220509_open-call_EN.sq_.jpg","articleSection":["Pranesimas"],"inLanguage":"en-US","potentialAction":[{"@type":"CommentAction","name":"Comment","target":["https:\/\/archfondas.lt\/en\/antrasis-eksperimentu-platformos-sezonas\/#respond"]}]},{"@type":"WebPage","@id":"https:\/\/archfondas.lt\/en\/antrasis-eksperimentu-platformos-sezonas\/","url":"https:\/\/archfondas.lt\/en\/antrasis-eksperimentu-platformos-sezonas\/","name":"The second season of the Experiments' Platform &#8211; Architekt\u016bros fondas","isPartOf":{"@id":"https:\/\/archfondas.lt\/#website"},"primaryImageOfPage":{"@id":"https:\/\/archfondas.lt\/en\/antrasis-eksperimentu-platformos-sezonas\/#primaryimage"},"image":{"@id":"https:\/\/archfondas.lt\/en\/antrasis-eksperimentu-platformos-sezonas\/#primaryimage"},"thumbnailUrl":"https:\/\/archfondas.lt\/wp-content\/uploads\/2022\/04\/220509_open-call_EN.sq_.jpg","datePublished":"2022-04-09T15:17:20+00:00","dateModified":"2022-05-09T07:25:39+00:00","breadcrumb":{"@id":"https:\/\/archfondas.lt\/en\/antrasis-eksperimentu-platformos-sezonas\/#breadcrumb"},"inLanguage":"en-US","potentialAction":[{"@type":"ReadAction","target":["https:\/\/archfondas.lt\/en\/antrasis-eksperimentu-platformos-sezonas\/"]}]},{"@type":"ImageObject","inLanguage":"en-US","@id":"https:\/\/archfondas.lt\/en\/antrasis-eksperimentu-platformos-sezonas\/#primaryimage","url":"https:\/\/archfondas.lt\/wp-content\/uploads\/2022\/04\/220509_open-call_EN.sq_.jpg","contentUrl":"https:\/\/archfondas.lt\/wp-content\/uploads\/2022\/04\/220509_open-call_EN.sq_.jpg","width":2000,"height":2000},{"@type":"BreadcrumbList","@id":"https:\/\/archfondas.lt\/en\/antrasis-eksperimentu-platformos-sezonas\/#breadcrumb","itemListElement":[{"@type":"ListItem","position":1,"name":"Home","item":"https:\/\/archfondas.lt\/en\/"},{"@type":"ListItem","position":2,"name":"The second season of the Experiments&#8217; Platform"}]},{"@type":"WebSite","@id":"https:\/\/archfondas.lt\/#website","url":"https:\/\/archfondas.lt\/","name":"Architekt\u016bros fondas","description":"Mes esame nevyriausybin\u0117, pelno nesiekianti organizacija kurianti bei puosel\u0117janti architekt\u016bros kult\u016br\u0105.","publisher":{"@id":"https:\/\/archfondas.lt\/#organization"},"potentialAction":[{"@type":"SearchAction","target":{"@type":"EntryPoint","urlTemplate":"https:\/\/archfondas.lt\/?s={search_term_string}"},"query-input":{"@type":"PropertyValueSpecification","valueRequired":true,"valueName":"search_term_string"}}],"inLanguage":"en-US"},{"@type":"Organization","@id":"https:\/\/archfondas.lt\/#organization","name":"Architekt\u016bros fondas","url":"https:\/\/archfondas.lt\/","logo":{"@type":"ImageObject","inLanguage":"en-US","@id":"https:\/\/archfondas.lt\/#\/schema\/logo\/image\/","url":"https:\/\/archfondas.lt\/wp-content\/uploads\/2023\/04\/archfondas-logo.svg","contentUrl":"https:\/\/archfondas.lt\/wp-content\/uploads\/2023\/04\/archfondas-logo.svg","width":483,"height":124,"caption":"Architekt\u016bros fondas"},"image":{"@id":"https:\/\/archfondas.lt\/#\/schema\/logo\/image\/"},"sameAs":["https:\/\/www.facebook.com\/archfondas","https:\/\/x.com\/archfondas"]},{"@type":"Person","@id":"https:\/\/archfondas.lt\/#\/schema\/person\/12c9a1d214305001c1474d1cddec95cb","name":"vilius","image":{"@type":"ImageObject","inLanguage":"en-US","@id":"https:\/\/archfondas.lt\/#\/schema\/person\/image\/","url":"https:\/\/secure.gravatar.com\/avatar\/29fe3433859d6bb7356cd673e2da7c8b?s=96&d=mm&r=g","contentUrl":"https:\/\/secure.gravatar.com\/avatar\/29fe3433859d6bb7356cd673e2da7c8b?s=96&d=mm&r=g","caption":"vilius"},"url":"https:\/\/archfondas.lt\/en\/author\/vilius\/"}]}},"_links":{"self":[{"href":"https:\/\/archfondas.lt\/en\/wp-json\/wp\/v2\/posts\/4164","targetHints":{"allow":["GET"]}}],"collection":[{"href":"https:\/\/archfondas.lt\/en\/wp-json\/wp\/v2\/posts"}],"about":[{"href":"https:\/\/archfondas.lt\/en\/wp-json\/wp\/v2\/types\/post"}],"author":[{"embeddable":true,"href":"https:\/\/archfondas.lt\/en\/wp-json\/wp\/v2\/users\/2"}],"replies":[{"embeddable":true,"href":"https:\/\/archfondas.lt\/en\/wp-json\/wp\/v2\/comments?post=4164"}],"version-history":[{"count":5,"href":"https:\/\/archfondas.lt\/en\/wp-json\/wp\/v2\/posts\/4164\/revisions"}],"predecessor-version":[{"id":4208,"href":"https:\/\/archfondas.lt\/en\/wp-json\/wp\/v2\/posts\/4164\/revisions\/4208"}],"wp:featuredmedia":[{"embeddable":true,"href":"https:\/\/archfondas.lt\/en\/wp-json\/wp\/v2\/media\/4206"}],"wp:attachment":[{"href":"https:\/\/archfondas.lt\/en\/wp-json\/wp\/v2\/media?parent=4164"}],"wp:term":[{"taxonomy":"category","embeddable":true,"href":"https:\/\/archfondas.lt\/en\/wp-json\/wp\/v2\/categories?post=4164"},{"taxonomy":"post_tag","embeddable":true,"href":"https:\/\/archfondas.lt\/en\/wp-json\/wp\/v2\/tags?post=4164"}],"curies":[{"name":"wp","href":"https:\/\/api.w.org\/{rel}","templated":true}]}}